{"id":535,"date":"2020-12-24T18:09:59","date_gmt":"2020-12-24T18:09:59","guid":{"rendered":"http:\/\/balatonkeresztur.plebania.hu\/?p=535"},"modified":"2020-12-24T18:09:59","modified_gmt":"2020-12-24T18:09:59","slug":"karacsonyi-uzenet","status":"publish","type":"post","link":"https:\/\/balatonkeresztur.plebania.hu\/index.php\/2020\/12\/24\/karacsonyi-uzenet\/","title":{"rendered":"Kar\u00e1csonyi \u00fczenet"},"content":{"rendered":"\n<p>Az al\u00e1bbiakban Varga L\u00e1szl\u00f3 kaposv\u00e1ri megy\u00e9sp\u00fcsp\u00f6k kar\u00e1csonyi \u00fczenet\u00e9t olvashatj\u00e1k:<\/p>\n\n\n\n<!--more-->\n\n\n\n<p>Krisztusban szeretett testv\u00e9reim!<\/p>\n\n\n\n<p>Ez az Advent \u00e9s az idei kar\u00e1csony teljesen m\u00e1s, mint amit eddig meg\u00e9lt\u00fcnk, amire v\u00e1rtunk. Lehet-e \u00fcnnepelni, f\u00e9lelem, bizonytalans\u00e1g, elszigetel\u0151d\u00e9s \u00e9s mag\u00e1ny k\u00f6zepette? Tudunk-e igaz\u00e1n kar\u00e1csonyozni, amikor nem csak k\u00edv\u00fclr\u0151l korl\u00e1tozz\u00e1k a mozg\u00e1si \u00e9s gy\u00fclekez\u00e9si lehet\u0151s\u00e9geinket, hanem a tal\u00e1lkoz\u00e1sokt\u00f3l benn\u00fcnk l\u00e9v\u0151 f\u00e9lelem is akad\u00e1lyokat g\u00f6rd\u00edt el\u00e9nk?<\/p>\n\n\n\n<p>Az, hogy nem tudjuk mit hoz a holnap, elkeser\u00edthet benn\u00fcnket, \u00e9s meg is nyithatja a sz\u00edv\u00fcnket valamire, amit eddig m\u00e1sk\u00e9ppen kellett meg\u00e9ln\u00fcnk. Amikor mi nem mehet\u00fcnk, akkor J\u00e9zus j\u00f6n \u00e9s z\u00f6rget, mert szeretne tal\u00e1lkozni vel\u00fcnk az otthonunkban, csal\u00e1dunkban vagy a mag\u00e1nyunkban, a f\u00e9lelmeink k\u00f6z\u00f6tt.<\/p>\n\n\n\n<p>A Jelen\u00e9sek k\u00f6nyv\u00e9ben \u00edgy sz\u00f3l hozz\u00e1nk az, aki J\u00e9zus Krisztusban megtestes\u00fclt \u00e9s k\u00f6z\u00e9nk j\u00f6tt:,, \u00cdme, az ajt\u00f3n\u00e1l \u00e1llok \u00e9s z\u00f6rgetek. Ha valaki meghallja szavamat \u00e9s kinyitja nekem az ajt\u00f3t, bemegyek hozz\u00e1, vele \u00e9tkezem, \u00e9s \u0151 \u00e9nvelem.&#8221; (Jel 3,10)<\/p>\n\n\n\n<p>Amikor J\u00e9zust beengedj\u00fck \u00e9s hallgatjuk \u0151t, akkor megtan\u00edt benn\u00fcnket \u00faj m\u00f3don gondolkodni \u00e9s cselekedni.<\/p>\n\n\n\n<p>A pand\u00e9mia sz\u00e9toszlatta ill\u00fazi\u00f3inkat. Kor\u00e1bban azt hitt\u00fck, hogy mindent megtehet\u00fcnk, k\u00f6vetkezm\u00e9nyek n\u00e9lk\u00fcl. Abban a hamis biztons\u00e1gban ringattuk magunkat, hogy halhatatlanok lehet\u00fcnk, \u00f6r\u00f6k \u00e9rt\u00e9ket tulajdon\u00edtva mindannak, amit megszerezt\u00fcnk \u00e9s birtoklunk. Abban is hitt\u00fcnk, hogy urai vagyunk a helyzetnek.<\/p>\n\n\n\n<p>J\u00e9zus pedig, ha beengedj\u00fck az \u00e9let\u00fcnkbe, visszavisz benn\u00fcnket a val\u00f3s\u00e1gba. Seg\u00edt meg\u00e9rteni, hogy nem vagyunk \u201eistenek&#8221;, hanem az \u0151 gyermekei, akiknek mindent \u00e9s mindenkit vissza kell adniuk annak, akit\u0151l kapt\u00e1k. Engedi \u00f6sszet\u00f6rni az \u00e1lmainkat, hogy \u00fajra kiny\u00fajtsuk a kez\u00fcnket fel\u00e9je \u00e9s elfogadjuk azt a biztons\u00e1got, amit \u0151 k\u00edn\u00e1l fel, aki mindig vel\u00fcnk van, \u00e9s akinek mindene a mi\u00e9nk. (v.\u00f6.: Lk 15,31)<\/p>\n\n\n\n<p>A vil\u00e1gj\u00e1rv\u00e1ny megrengette a gazdags\u00e1gunkat, mert azt gondoltuk, hogy minden\u00fcnk megvan, \u00e9s nem szorulunk r\u00e1 senkire \u00e9s semmire. (v.\u00f6.: Jel 3,17) Elhitt\u00fck, hogy mindent j\u00f3l tesz\u00fcnk, mindent \u00e9rt\u00fcnk, mindent tudunk. Felhalmozott tartal\u00e9kainkban b\u00edzva, a magunk birodalm\u00e1t \u00e9p\u00edtett\u00fck, \u00e9s mindent megpr\u00f3b\u00e1ltunk az ellen\u0151rz\u00e9s\u00fcnk alatt tartani.<\/p>\n\n\n\n<p>J\u00e9zus pedig, ha ajt\u00f3t nyitunk neki, visszavisz benn\u00fcnket a val\u00f3s\u00e1gba, hogy felismerj\u00fck, egyetlen \u00e9s elvesz\u00edthetetlen gazdags\u00e1gunk maga az Isten. (v.\u00f6.: Mt 5, 3) Aki azt szeretn\u00e9, ha felismern\u00e9nk a benne val\u00f3 l\u00e9t gazdags\u00e1g\u00e1t. (v.\u00f6.: Jn 17, 23) Azt k\u00e9ri t\u0151l\u00fcnk is, hogy ne agg\u00f3djunk a holnap miatt, hanem keress\u00fck els\u0151sorban Isten orsz\u00e1g\u00e1t \u00e9s annak igazs\u00e1g\u00e1t. (Mt 6, 33) Megh\u00edv az \u0151 k\u00f6vet\u00e9s\u00e9re \u00e9s felk\u00edn\u00e1lja els\u0151 aj\u00e1nd\u00e9kk\u00e9nt a Szentlelket, akivel minden f\u00e9lelm\u00fcnket legy\u0151zhetj\u00fck.<\/p>\n\n\n\n<p>A Covid j\u00e1rv\u00e1ny legs\u00falyosabban az eg\u00e9szs\u00e9g\u00fcnket \u00e9rinti. Azt, amire annyira vigy\u00e1ztunk, \u00e9s amir\u0151l azt gondoltuk, ha eg\u00e9szs\u00e9gesek vagyunk, akkor minden rendben van. Most tele vagyunk retteg\u00e9ssel, mivel a betegs\u00e9g b\u00e1rmikor, b\u00e1rhonnan r\u00e1nk t\u00f6rhet. F\u00e9l\u00fcnk, vajon, ha el\u00e9r benn\u00fcnket, lesznek-e olyanok, akik szeretnek \u00e9s figyelnek r\u00e1nk? Ez a kr\u00edzishelyzet el\u0151hozza \u00e9s felnagy\u00edtja a b\u0171neinket, azokat is, amelyeket eddig le tudtunk tagadni, \u00e9s az indulatainkat, amelyekkel a hozz\u00e1nk legk\u00f6zelebb \u00e1ll\u00f3kat is k\u00e9pesek vagyunk megb\u00e1ntani. A legrosszabb pedig az, hogy kiszolg\u00e1ltatotts\u00e1gunkban gyakran m\u00e9g im\u00e1dkozni sem tudunk. Nem tal\u00e1ljuk a forr\u00e1st, a gyenges\u00e9g\u00fcnkben, er\u0151tlens\u00e9g\u00fcnkben is ott rejt\u0151zk\u00f6d\u0151 Istent.<\/p>\n\n\n\n<p>J\u00e9zus pedig, ha beh\u00edvjuk az \u00e9let\u00fcnkbe, visszavisz benn\u00fcnket a val\u00f3s\u00e1gba. Szeretn\u00e9 megl\u00e1ttatni vel\u00fcnk az egyedis\u00e9g\u00fcnket, a megv\u00e1ltotts\u00e1gunk sz\u00e9ps\u00e9g\u00e9t. Megmutatni, hogy a gyenge, a beteg \u00e9n\u00fcnk is szerethet\u0151 \u00e9s megt\u00f6rts\u00e9g\u00fcnkben \u00faj sz\u00edvet ad nek\u00fcnk.<\/p>\n\n\n\n<p>Meg\u00edg\u00e9rte, hogy n\u00e9lk\u00fcle semmit sem tehet\u00fcnk \u00e9s vel\u00fcnk marad minden nap, a vil\u00e1g v\u00e9g\u00e9ig. (v.\u00f6.: Jn 15,5; Mt 28,20) \u0150 egy\u00fctt szenved vel\u00fcnk \u00e9s benn\u00fcnk val\u00f3 l\u00e9te er\u0151t ad a mai naphoz \u00e9s a holnaphoz. Akik elfogadj\u00e1k jelenl\u00e9t\u00e9t, azok tudj\u00e1k, hogy el\u00e9g az \u0151 kegyelme, \u00e9s az \u0151 ereje \u00e9ppen a gyenges\u00e9g\u00fcnkben tud igaz\u00e1n megmutatkozni. (v.\u00f6.: 2Kor 12, 9)<\/p>\n\n\n\n<p>Krisztusban szeretett testv\u00e9reim!<\/p>\n\n\n\n<p>H\u00e1l\u00e1t adok az egyh\u00e1zmegye papjai\u00e9rt, diak\u00f3nusai\u00e9rt, hitoktat\u00f3i\u00e9rt \u00e9s mindenki\u00e9rt, aki egyh\u00e1zk\u00f6zs\u00e9geinkben megnyitotta sz\u00edv\u00e9t a r\u00e1szorul\u00f3k ir\u00e1nt. H\u00e1l\u00e1t adok a mennyei Aty\u00e1nak mindenki\u00e9rt, aki ebben a rendk\u00edv\u00fcli helyzetben, kiny\u00fajtotta kez\u00e9t szenved\u0151 embert\u00e1rsai fel\u00e9! A mag\u00e1nnyal \u00e9s \u00f6ngyilkoss\u00e1gi k\u00eds\u00e9rt\u00e9sekkel k\u00fczd\u0151k fel\u00e9. Azok fel\u00e9, akik elvesz\u00edtett\u00e9k a munk\u00e1jukat, f\u00e1znak, \u00e9heznek \u00e9s gy\u00e1szolnak.<\/p>\n\n\n\n<p>Im\u00e1dkozom a polg\u00e1rmesterek\u00e9rt \u00e9s a helyi vezet\u0151k\u00e9rt, akikre komoly felel\u0151ss\u00e9g h\u00e1rul. H\u00e1l\u00e1t adok az eg\u00e9szs\u00e9g\u00fcgyben dolgoz\u00f3 minden testv\u00e9r\u00fcnk\u00e9rt, az orvosok\u00e9rt, \u00e1pol\u00f3k\u00e9rt, gy\u00f3gyszer\u00e9szek\u00e9rt, ment\u0151s\u00f6k\u00e9rt, a szoci\u00e1lis otthonokban dolgoz\u00f3k\u00e9rt \u00e9s a szoci\u00e1lis munk\u00e1sok\u00e9rt. Im\u00e1dkozom \u00e9rt\u00fck, \u00e9s azok\u00e9rt is, akik gondoskodnak az ell\u00e1t\u00e1sunkr\u00f3l, hogy legyen mit enn\u00fcnk \u00e9s venn\u00fcnk. H\u00e1l\u00e1val im\u00e1dkozom az \u00f3v\u00f3n\u0151k\u00e9rt \u00e9s pedag\u00f3gusok\u00e9rt. A katon\u00e1k\u00e9rt \u00e9s rend\u0151r\u00f6k\u00e9rt, akik eg\u00e9szs\u00e9g\u00fcket kock\u00e1ztatva szolg\u00e1lj\u00e1k a biztons\u00e1gunkat. A sz\u00fcl\u0151k\u00e9rt, akik mindent megpr\u00f3b\u00e1lnak, hogy megoldhass\u00e1k gyermekeik tanul\u00e1s\u00e1t, \u00e9s megv\u00e9dj\u00e9k id\u0151sebb csal\u00e1dtagjaikat. H\u00e1l\u00e1t adok a fiataljaink\u00e9rt, akik k\u00e9szek \u00e1ldozatot hozva szolg\u00e1lni m\u00e1sokat \u00e9s az id\u0151sek\u00e9rt minden k\u00fczdelm\u00fckben. H\u00e1l\u00e1t adok az \u00e1llami \u00e9s egyh\u00e1zi, valamint civil szervezetek\u00e9rt, akik tev\u00e9keny szeretet\u00fckkel f\u00e1radhatatlanul seg\u00edtik bajbajutott testv\u00e9reinket. Im\u00e1immal k\u00eds\u00e9rem \u00e9s t\u00e1mogatom azokat, akik elvesz\u00edtett\u00e9k szeretteiket, \u00e9s nem lehettek vel\u00fck, nem \u00f6lelhett\u00e9k meg \u00e9s nem v\u00edgasztalhatt\u00e1k meg \u0151ket!<\/p>\n\n\n\n<p>Krisztus sz\u00fclet\u00e9s\u00e9vel a Vil\u00e1goss\u00e1g a vil\u00e1gba j\u00f6tt. Fogadj\u00e1tok be \u00e9s soha ne szidj\u00e1tok a s\u00f6t\u00e9ts\u00e9get&#8221;, annak er\u0151it \u00e9s megnyilv\u00e1nul\u00e1sait. Legyetek ink\u00e1bb a vil\u00e1goss\u00e1g fiai \u00e9s le\u00e1nyai, \u00e9s gy\u00fajtsatok f\u00e9nyt! \u0150rizz\u00e9tek meg a hiteteket, \u00e9s tegyetek tan\u00fas\u00e1got a szeretetr\u0151l! V\u00e9g\u00fcl arra buzd\u00edtalak benneteket, hogy ti is im\u00e1dkozzatok velem egy\u00fctt, \u00e9s aki teheti, anyagiakkal is t\u00e1mogassa a r\u00e1szorul\u00f3kat, szem\u00e9lyesen vagy a helyi szeretetszolg\u00e1latot v\u00e9gz\u0151 csoportokon kereszt\u00fcl.<\/p>\n\n\n\n<p>Ezekkel a gondolatokkal k\u00edv\u00e1nok mindannyi\u00f3toknak \u00e1ldott, b\u00e9k\u00e9s, \u00f6r\u00f6mteli \u00fcnnepeket \u00e9s v\u00edrusmentes \u00faj\u00e9vet!<\/p>\n\n\n\n<p>Kaposv\u00e1r, 2020. Kar\u00e1csony\u00e1n<\/p>\n\n\n\n<p>Varga L\u00e1szl\u00f3 megy\u00e9sp\u00fcsp\u00f6k<\/p>\n\n\n\n<p>forr\u00e1s: <a href=\"https:\/\/kaposvar.egyhazmegye.hu\/index.php\/hirek\/item\/632-karacsonyi-udvozlet\" target=\"_blank\" rel=\"noreferrer noopener\">Kaposv\u00e1ri Egyh\u00e1zmegye<\/a><\/p>\n","protected":false},"excerpt":{"rendered":"<p>Az al\u00e1bbiakban Varga L\u00e1szl\u00f3 kaposv\u00e1ri megy\u00e9sp\u00fcsp\u00f6k kar\u00e1csonyi \u00fczenet\u00e9t olvashatj\u00e1k:<\/p>\n","protected":false},"author":1,"featured_media":0,"comment_status":"closed","ping_status":"open","sticky":false,"template":"","format":"standard","meta":{"footnotes":""},"categories":[1],"tags":[],"class_list":["post-535","post","type-post","status-publish","format-standard","hentry","category-egyeb"],"_links":{"self":[{"href":"https:\/\/balatonkeresztur.plebania.hu\/index.php\/wp-json\/wp\/v2\/posts\/535","targetHints":{"allow":["GET"]}}],"collection":[{"href":"https:\/\/balatonkeresztur.plebania.hu\/index.php\/wp-json\/wp\/v2\/posts"}],"about":[{"href":"https:\/\/balatonkeresztur.plebania.hu\/index.php\/wp-json\/wp\/v2\/types\/post"}],"author":[{"embeddable":true,"href":"https:\/\/balatonkeresztur.plebania.hu\/index.php\/wp-json\/wp\/v2\/users\/1"}],"replies":[{"embeddable":true,"href":"https:\/\/balatonkeresztur.plebania.hu\/index.php\/wp-json\/wp\/v2\/comments?post=535"}],"version-history":[{"count":1,"href":"https:\/\/balatonkeresztur.plebania.hu\/index.php\/wp-json\/wp\/v2\/posts\/535\/revisions"}],"predecessor-version":[{"id":536,"href":"https:\/\/balatonkeresztur.plebania.hu\/index.php\/wp-json\/wp\/v2\/posts\/535\/revisions\/536"}],"wp:attachment":[{"href":"https:\/\/balatonkeresztur.plebania.hu\/index.php\/wp-json\/wp\/v2\/media?parent=535"}],"wp:term":[{"taxonomy":"category","embeddable":true,"href":"https:\/\/balatonkeresztur.plebania.hu\/index.php\/wp-json\/wp\/v2\/categories?post=535"},{"taxonomy":"post_tag","embeddable":true,"href":"https:\/\/balatonkeresztur.plebania.hu\/index.php\/wp-json\/wp\/v2\/tags?post=535"}],"curies":[{"name":"wp","href":"https:\/\/api.w.org\/{rel}","templated":true}]}}