{"id":517,"date":"2020-12-06T05:33:14","date_gmt":"2020-12-06T05:33:14","guid":{"rendered":"http:\/\/balatonkeresztur.plebania.hu\/?p=517"},"modified":"2021-05-08T06:24:27","modified_gmt":"2021-05-08T06:24:27","slug":"szentmise-helyett-avagy-a-vasarnapok-csaladi-megszentelese","status":"publish","type":"post","link":"https:\/\/balatonkeresztur.plebania.hu\/index.php\/2020\/12\/06\/szentmise-helyett-avagy-a-vasarnapok-csaladi-megszentelese\/","title":{"rendered":"Szentmise helyett, avagy a vas\u00e1rnapok csal\u00e1di megszentel\u00e9se"},"content":{"rendered":"\n<p>Az Eucharisztia <a href=\"https:\/\/archiv.katolikus.hu\/kek\/kek01322.html#K1324\" target=\"_blank\" rel=\"noreferrer noopener\">cs\u00facsa \u00e9s forr\u00e1sa<\/a> \u00e9let\u00fcnknek. A szent\u00e1ldoz\u00e1s az Istennel val\u00f3 lehet\u0151 legteljesebb egys\u00e9g. N\u00e9lk\u00fcle \u00e9lni nem igaz\u00e1n lehet. Legal\u00e1bbis hossz\u00fa t\u00e1von. Valahogy \u00fagy van ez, mint minden m\u00e1s szem\u00e9lyes kapcsolatunkkal: elk\u00e9pzelhetetlen egy bar\u00e1ts\u00e1g igazi \u00f6lel\u00e9s, egy\u00fctt t\u00f6lt\u00f6tt id\u0151, sok besz\u00e9lget\u00e9s, val\u00f3di fizikai tal\u00e1lkoz\u00e1sok n\u00e9lk\u00fcl. De van \u00fagy\u00a0\u2013 mint most is\u00a0\u2013, hogy ideig-\u00f3r\u00e1ig-h\u00e9tig a t\u00e1vkapcsolat tartja \u00f6ssze a bar\u00e1ts\u00e1got. Krisztussal is.<\/p>\n\n\n\n<!--more-->\n\n\n\n<p>Ahol sz\u00fcletett m\u00e1r kisgyerek, ott&nbsp;\u2013 azt hiszem&nbsp;\u2013 ezt sokkal jobban tudj\u00e1tok, mint \u00e9n. Mert nemcsak most, a pand\u00e9mia idej\u00e9n, de kisgyerekek eset\u00e9n is nem egyszer el\u0151fordul, hogy nem realit\u00e1s a vas\u00e1rnapi misel\u00e1togat\u00e1s. \u00c9s a napi im\u00e1ds\u00e1gra is csak a f\u00fcrd\u0151be bez\u00e1rk\u00f3zva tud sor ker\u00fclni, am\u00edg valamelyik gyermek nem \u00e9rkezik meg d\u00f6r\u00f6mb\u00f6lve.<\/p>\n\n\n\n<p>Sz\u00f3val sokatoknak most nincs lehet\u0151s\u00e9ge arra, hogy eljusson templomba, szentmis\u00e9re. Akik id\u0151sebbek, vesz\u00e9lyeztetettek, betegek vagytok, vagy k\u00f6teless\u00e9geteket teljes\u00edtitek, betegeket \u00e1poltok, vagy beteggel, id\u0151ssel \u00e9ltek egy\u00fctt, vagy hat\u00f3s\u00e1gi karant\u00e9nban vagytok, ti mind s\u00falyos okb\u00f3l nem tudtok szentmis\u00e9re eljutni. A <a href=\"https:\/\/www.magyarkurir.hu\/hazai\/az-mkpk-uj-kozlemenyt-adott-ki-jarvanyhelyzet-alakulasa-miatt\" target=\"_blank\" rel=\"noreferrer noopener\">p\u00fcsp\u00f6ki kar k\u00fcl\u00f6n k\u00e9r titeket, hogy maradjatok otthon<\/a>. S\u0151t az MKPK szerint mindazok, \u201eakik \u00fagy \u00e9rzik, hogy sz\u00e1mukra a szentmis\u00e9n val\u00f3 szem\u00e9lyes r\u00e9szv\u00e9tel vesz\u00e9lyt hordoz mag\u00e1ban\u201d, azok b\u00e1tran\u00a0 maradjanak otthon. A <a href=\"https:\/\/koronavirus.gov.hu\/cikkek\/kormany-kihirdette-legujabb-vedelmi-intezkedeseket\" target=\"_blank\" rel=\"noreferrer noopener\">korm\u00e1ny kihirdetett v\u00e9delmi int\u00e9zked\u00e9sei<\/a> \u00e9rtelm\u00e9ben ez bizony mindannyiunkra \u00e1ll: minden gy\u00fclekez\u00e9s vesz\u00e9lyt hordoz mag\u00e1ban.\u00a0<\/p>\n\n\n\n<p>Teh\u00e1t teljesen rendben van, ha v\u00e1s\u00e1rnap nem mentek el mis\u00e9re!<\/p>\n\n\n\n<p>\u00c1m mi legyen helyette?<\/p>\n\n\n\n<p>Le kell sz\u00f6gezni, hogy az online mise nem mise. Nem tudja p\u00f3tolni azt az igazi tal\u00e1lkoz\u00e1st. Ez van. \u00cdgy j\u00e1rtunk. Term\u00e9szetesen ha az online mis\u00e9be val\u00f3 bekapcsol\u00f3d\u00e1s m\u00e9gis seg\u00edti a csal\u00e1dot, ad er\u0151t, seg\u00edt az im\u00e1ds\u00e1gban, akkor b\u00e1tran \u00e9ljetek vele. De fontos tudni, hogy nem k\u00f6telez\u0151 online mis\u00e9n r\u00e9szt venni vas\u00e1rnap. Ha s\u00falyos ok miatt&nbsp;\u2013 mint most&nbsp;\u2013 nem juttok el igazi szentmis\u00e9re, akkor a vas\u00e1rnap megszentel\u00e9se a fontos, aminek sok form\u00e1ja lehet.<\/p>\n\n\n\n<p>Ha egy\u00fctt lakik a csal\u00e1d, akkor legyen csal\u00e1di esem\u00e9ny a vas\u00e1rnap megszentel\u00e9se. Hogy ha a templomba nem mentek, akkor az otthonotok legyen templomm\u00e1, ahol Isten \u00e9s ti, mindannyian k\u00f6z\u00f6sen \u00fcnnepeltek, \u00f6r\u00fclt\u00f6k egym\u00e1snak, hallgatj\u00e1tok az \u00dar szav\u00e1t, \u00e9s engeditek, hogy szeressen titeket.&nbsp;<\/p>\n\n\n\n<p>Egy ilyen vas\u00e1rnapi megszentel\u00e9s lehet olyan, amilyet csak akartok! Rajtatok m\u00falik. Nincs megszabva a hossza, a tartalma, a form\u00e1ja. Szabadok vagytok, hogy keress\u00e9tek azt a m\u00f3dot, ahogy legjobban tudtok \u00fcnnepelni az Istennel vas\u00e1rnap.<\/p>\n\n\n\n<p>&nbsp;Tarthattok p\u00e9ld\u00e1ul magatoknak vas\u00e1rnapi kis igeliturgi\u00e1t.&nbsp;<\/p>\n\n\n\n<ul class=\"wp-block-list\"><li>Sz\u00e9pen fel\u00f6lt\u00f6zve \u00f6sszegy\u0171lt\u00f6k ak\u00e1r m\u00e9g eb\u00e9d el\u0151tt. A felk\u00e9sz\u00fcl\u00e9s, fel\u00f6lt\u00f6z\u00e9s is az ima r\u00e9sze. Gyerty\u00e1kat is lehet gy\u00fajtani, mint az olt\u00e1ron.<\/li><li>Valami vid\u00e1m git\u00e1ros \u00e9neket \u00e9nekelve elkezditek k\u00f6z\u00f6sen az im\u00e1t. Vagy berakj\u00e1tok az \u00e9neket a <a href=\"https:\/\/durkonyv.hu\/\" target=\"_blank\" rel=\"noreferrer noopener\">durkonyv.hu<\/a>-r\u00f3l, mert sokszor k\u00f6nnyebb m\u00e1sokkal egy\u00fctt \u00e9nekelni. Szabad k\u00f6zben a monitoron n\u00e9zni az \u00e9nek sz\u00f6veg\u00e9t..<\/li><li>Azt\u00e1n ha el\u00e9rhet\u0151, akkor <a href=\"https:\/\/jezsuita.hu\/a-ferfi-legyen-a-csalad-papja-batoritas-az-otthoni-imadsagok-vezetesere\/\" target=\"_blank\" rel=\"noreferrer noopener\">\u00e9desap\u00e1t<\/a> megk\u00e9ritek, hogy olvassa fel az <a href=\"https:\/\/igenaptar.katolikus.hu\/\" target=\"_blank\" rel=\"noreferrer noopener\">evang\u00e9liumot<\/a>. (Persze \u00e9desanya is felolvashatja, s\u0151t ak\u00e1r valamelyik gyerek is. L\u00e9nyeg, hogy mindenkinek jusson szolg\u00e1lat: k\u00f6z\u00f6s legyen az \u00fcnnep.) De v\u00e1laszthatj\u00e1tok valamelyik m\u00e1sik olvasm\u00e1nyt is, ha az k\u00f6nnyebben \u00e9rthet\u0151 most a csal\u00e1dnak.<\/li><li>Besz\u00e9lgethettek ut\u00e1na, hogy mit jelent nektek ez a r\u00e9sz. (Az <a href=\"http:\/\/evangelium365.hu\/\" target=\"_blank\" rel=\"noreferrer noopener\">evangelium365.hu<\/a> minden napra ad az evang\u00e9lium mell\u00e9 valamilyen gondolatot, h\u00e1tha seg\u00edt nektek.) De lehet rajzolni is. Mi\u00e9rt ne lehetne a k\u00f6z\u00f6s ima r\u00e9sze negyed \u00f3ra rajzol\u00e1s (sz\u00fcl\u0151knek is szabad), mik\u00f6zben olykor meg kell kavarni a levest a faz\u00e9kban?! De feln\u0151tteknek az is \u00e9rdekes lehet, ha miniverssel vagy saj\u00e1t zsolt\u00e1rral pr\u00f3b\u00e1lkoztok a t\u00e9m\u00e1ban. Sz\u00e1nj\u00e1tok r\u00e1 ti, feln\u0151ttek is azt a kis rajzol\u00e1snyi id\u0151t.<\/li><li>J\u00f3 dolog bemutatni, hogy ki mit alkotott.<\/li><li>Be lehet illeszteni h\u00edvek k\u00f6ny\u00f6rg\u00e9s\u00e9t is, azaz ki-ki mondhat egy, k\u00e9t, ak\u00e1r t\u00f6bb foh\u00e1szt, hogy kik\u00e9rt, mi\u00e9rt lenne j\u00f3 im\u00e1dkozni. Egy sz\u00f3val is el\u00e9g, de kifejteni is szabad, ahogy nektek jobb. J\u00f3, ha ilyen im\u00e1kba beleker\u00fclnek foh\u00e1szok az eg\u00e9sz Egyh\u00e1z\u00e9rt, p\u00e1p\u00e1\u00e9rt, papok\u00e9rt is. Ez is jelzi, hogy b\u00e1r otthon im\u00e1dkoztok, r\u00e9sze vagytok egy nagy k\u00f6z\u00f6snek. Nem egyed\u00fcl, hanem a szentek sereg\u00e9vel \u00e9s a megannyi templom megannyi h\u00edv\u0151j\u00e9vel egy\u00fctt im\u00e1dkoztok.<\/li><li>Ezt fejezheti ki az \u00dar im\u00e1ds\u00e1ga is. Mindenki tudja. Minden\u00fctt a F\u00f6ld\u00f6n. Mondj\u00e1tok el h\u00e1t k\u00f6z\u00f6sen. De valamikor j\u00e1tszhattok azzal, hogy megkeresitek m\u00e1s nyelven is. Tudt\u00e1tok, hogy szuah\u00e9li nyelven a Mi Aty\u00e1nk=Baba Yetu? <a href=\"https:\/\/www.youtube.com\/watch?v=ZrPUizG0N88\" target=\"_blank\" rel=\"noreferrer noopener\">https:\/\/www.youtube.com\/watch?v=ZrPUizG0N88<\/a><\/li><li>\u00c1tv\u00e1ltoztat\u00e1s pap n\u00e9lk\u00fcl nem lehets\u00e9ges, \u00edgy otthoni \u00e1ldoz\u00e1s sem. De saj\u00e1t szeretetetekb\u0151l tudtok adni egym\u00e1snak. \u00c9s a k\u00f6z\u00f6s \u00e9tkez\u00e9s is lehet ak\u00e1r a h\u00e1zi liturgia r\u00e9sze. Vagy azon t\u00fal. K\u00fcl\u00f6n megter\u00edtve J\u00e9zusnak. Megk\u00e9rdezve, hogy \u0151 ma mit k\u00e9r. \u00c9s ki tudj\u00e1tok-e tal\u00e1lni, hogy \u00e9ppen mit mond, \u00fczen, besz\u00e9l ott az asztaln\u00e1l?<\/li><li>De az odaad\u00f3 szeretetet mi\u00e9rt ne lehetne kimutatni m\u00e1sok fel\u00e9 is ak\u00e1r egy ilyen im\u00e1ban? Egy k\u00f6z\u00f6s lev\u00e9l\u00edr\u00e1s minden vas\u00e1rnap valakinek, aki fontos? Egy telefon? Az \u00f6nmag\u00e1t ad\u00f3 szeretetnek sokkal t\u00f6bbf\u00e9le megnyilv\u00e1nul\u00e1sa lehets\u00e9ges, mint h\u00e9tk\u00f6znapokon gondoln\u00e1nk.<\/li><\/ul>\n\n\n\n<p>\u00c9s mi van, ha kis csal\u00e1di meghitt im\u00e1ds\u00e1g k\u00f6zben az egyik gyermekekre r\u00e1j\u00f6n a&#8230; \u00e9s szaladni kell vele a mosd\u00f3ba (\u00e9s nem \u00e9rtek oda id\u0151ben)? H\u00e1t, az a betlehemi barlang sem volt egy t\u00f6k\u00e9letes hely. Meg m\u00e9g az utols\u00f3 vacsora alatt sem csak az \u00e1h\u00edtat \u00e9s szent szavak t\u00f6lt\u00f6tt\u00e9k be a teret. Emberek vagyunk, mert embernek teremtetett az Isten. Mert pont \u00edgy szeret minket.<\/p>\n\n\n\n<p>Sok-sok lehet\u0151s\u00e9g! Ah\u00e1ny csal\u00e1d, annyi v\u00e1ltozat, szok\u00e1s, hagyom\u00e1ny \u00e9s \u00faj \u00fat. Legyetek mer\u00e9szek \u00e9s v\u00e1gjatok bele! Tal\u00e1n olyanba is, ami els\u0151re szokatlan. Nem kell hogy minden alkalom azonos legyen. K\u00eds\u00e9rletezzetek! Keressetek!<\/p>\n\n\n\n<p>Hiszen l\u00e1ngra tud lobbanni a sz\u00edvetek otthon is!<\/p>\n\n\n\n<p>U.i.: Ha pedig kar\u00e1csonyig kialakul egy saj\u00e1t kis \u00fcnnepi otthoni liturgi\u00e1tok, akkor \u00edrj\u00e1tok meg nek\u00fcnk (gyerekmise@jezsu.hu), h\u00e1tha egy kis gy\u0171jtem\u00e9nybe fogva k\u00f6zre lehet majd adni, seg\u00edtve a t\u00f6bbi csal\u00e1dot. Min\u00e9l t\u00f6bbf\u00e9le, ann\u00e1l jobb.<\/p>\n\n\n\n<p>forr\u00e1s: <a href=\"https:\/\/jezsuita.blog.hu\/2020\/11\/17\/szentmise_helyett\" target=\"_blank\" rel=\"noreferrer noopener\">Jezsuita blog<\/a><\/p>\n","protected":false},"excerpt":{"rendered":"<p>Az Eucharisztia cs\u00facsa \u00e9s forr\u00e1sa \u00e9let\u00fcnknek. A szent\u00e1ldoz\u00e1s az Istennel val\u00f3 lehet\u0151 legteljesebb egys\u00e9g. N\u00e9lk\u00fcle \u00e9lni nem igaz\u00e1n lehet. Legal\u00e1bbis hossz\u00fa t\u00e1von. Valahogy \u00fagy van ez, mint minden m\u00e1s szem\u00e9lyes kapcsolatunkkal: elk\u00e9pzelhetetlen egy bar\u00e1ts\u00e1g igazi \u00f6lel\u00e9s, egy\u00fctt t\u00f6lt\u00f6tt id\u0151, sok &hellip; <a href=\"https:\/\/balatonkeresztur.plebania.hu\/index.php\/2020\/12\/06\/szentmise-helyett-avagy-a-vasarnapok-csaladi-megszentelese\/\">Egy kattint\u00e1s ide a folytat\u00e1shoz&#8230;. <span class=\"meta-nav\">&rarr;<\/span><\/a><\/p>\n","protected":false},"author":1,"featured_media":0,"comment_status":"closed","ping_status":"closed","sticky":false,"template":"","format":"standard","meta":{"footnotes":""},"categories":[1],"tags":[],"class_list":["post-517","post","type-post","status-publish","format-standard","hentry","category-egyeb"],"_links":{"self":[{"href":"https:\/\/balatonkeresztur.plebania.hu\/index.php\/wp-json\/wp\/v2\/posts\/517","targetHints":{"allow":["GET"]}}],"collection":[{"href":"https:\/\/balatonkeresztur.plebania.hu\/index.php\/wp-json\/wp\/v2\/posts"}],"about":[{"href":"https:\/\/balatonkeresztur.plebania.hu\/index.php\/wp-json\/wp\/v2\/types\/post"}],"author":[{"embeddable":true,"href":"https:\/\/balatonkeresztur.plebania.hu\/index.php\/wp-json\/wp\/v2\/users\/1"}],"replies":[{"embeddable":true,"href":"https:\/\/balatonkeresztur.plebania.hu\/index.php\/wp-json\/wp\/v2\/comments?post=517"}],"version-history":[{"count":2,"href":"https:\/\/balatonkeresztur.plebania.hu\/index.php\/wp-json\/wp\/v2\/posts\/517\/revisions"}],"predecessor-version":[{"id":519,"href":"https:\/\/balatonkeresztur.plebania.hu\/index.php\/wp-json\/wp\/v2\/posts\/517\/revisions\/519"}],"wp:attachment":[{"href":"https:\/\/balatonkeresztur.plebania.hu\/index.php\/wp-json\/wp\/v2\/media?parent=517"}],"wp:term":[{"taxonomy":"category","embeddable":true,"href":"https:\/\/balatonkeresztur.plebania.hu\/index.php\/wp-json\/wp\/v2\/categories?post=517"},{"taxonomy":"post_tag","embeddable":true,"href":"https:\/\/balatonkeresztur.plebania.hu\/index.php\/wp-json\/wp\/v2\/tags?post=517"}],"curies":[{"name":"wp","href":"https:\/\/api.w.org\/{rel}","templated":true}]}}