{"id":504,"date":"2020-11-28T14:10:46","date_gmt":"2020-11-28T14:10:46","guid":{"rendered":"http:\/\/balatonkeresztur.plebania.hu\/?p=504"},"modified":"2020-11-28T14:14:22","modified_gmt":"2020-11-28T14:14:22","slug":"egyhazmegyei-zsinatrol","status":"publish","type":"post","link":"https:\/\/balatonkeresztur.plebania.hu\/index.php\/2020\/11\/28\/egyhazmegyei-zsinatrol\/","title":{"rendered":"Egyh\u00e1zmegyei zsinatr\u00f3l"},"content":{"rendered":"\n<p>P\u00fcsp\u00f6ki lev\u00e9l a h\u00edveknek az egyh\u00e1zmegyei zsinatr\u00f3l:<\/p>\n\n\n\n<!--more-->\n\n\n\n<p><strong>Krisztusban kedves testv\u00e9rek!<\/strong><\/p>\n\n\n\n<p>A Kaposv\u00e1ri Egyh\u00e1zmegye megalap\u00edt\u00e1s\u00e1nak 25. \u00e9vfordul\u00f3ja alkalm\u00e1b\u00f3l el\u00e9rkezettnek l\u00e1ttuk az id\u0151t, hogy meghirdess\u00fck els\u0151 egyh\u00e1zmegyei zsinatunkat. Ebben a k\u00f6rlev\u00e9lben t\u00e1j\u00e9koztatni szeretn\u00e9lek benneteket arr\u00f3l, hogy hol tartunk \u00e9s megh\u00edvni egy k\u00f6z\u00f6s \u00fatkeres\u00e9sre.<\/p>\n\n\n\n<p>A zsinat el\u0151k\u00e9sz\u00edt\u0151 folyamat\u00e1ban vagyunk. Ezt a folyamatot er\u0151sen lelass\u00edtotta a j\u00e1rv\u00e1ny, ami \u00faj helyzetet teremtett. A tavaszi els\u0151 hull\u00e1m idej\u00e9n elrendelt templombez\u00e1r\u00e1sok ut\u00e1n a h\u00edvek k\u00f6z\u00fcl sokan nem t\u00e9rtek vissza, vannak, akik nem mernek vagy nem is akarnak visszaj\u00f6nni. Ennek oka lehet a f\u00e9lelem \u00e9s a f\u00e9lt\u00e9s, de lehet a k\u00f6z\u00f6mb\u00f6ss\u00e9g is. Mit tehet\u00fcnk? Hogyan lehet el\u00e9rni \u00fajra az embereket? Milyen egyh\u00e1zat szeretn\u00e9nk a covid j\u00e1rv\u00e1ny ut\u00e1n? Az egyh\u00e1znak sz\u00fcks\u00e9ge van arra, hogy k\u00e9rd\u00e9seket int\u00e9zzenek hozz\u00e1 \u00e9s egy\u00fctt keress\u00fck meg a v\u00e1laszokat. Az egyh\u00e1zmegye j\u00f6v\u0151je, a j\u00f6v\u0151 egyh\u00e1za rajtunk papokon \u00e9s rajtatok is m\u00falik. Nem szabad homokba dugni a fej\u00fcnket, vagy minden megold\u00e1st fel\u00fclr\u0151l v\u00e1rni.<\/p>\n\n\n\n<p>A zsinat k\u00f6z\u00f6s \u00fatkeres\u00e9s, amelynek mott\u00f3ja: vonz\u00e1sban, k\u00f6z\u00f6ss\u00e9gben \u00e9s egys\u00e9gben. C\u00e9lunk annak felismer\u00e9se, hogyan lehet vonz\u00f3 m\u00f3don megnyerni Krisztus evang\u00e9lium\u00e1nak az embereket most \u00e9s a j\u00e1rv\u00e1ny ut\u00e1n.<\/p>\n\n\n\n<p><strong>Mit v\u00e1runk \u00e9s k\u00e9r\u00fcnk t\u0151letek?<\/strong><\/p>\n\n\n\n<p>Most a legfontosabb feladat, hogy az egyh\u00e1zmegye honlapj\u00e1n el\u00e9rhet\u0151 zsinati k\u00e9rd\u0151\u00edvet t\u00f6lts\u00e9tek ki! <em>(<\/em><a href=\"https:\/\/survey.alchemer.eu\/s3\/90289611\/Kaposvari-egyhazmegye-zsinati-kerdoive\" target=\"_blank\" rel=\"noreferrer noopener\"><em>a k\u00e9rd\u0151\u00edv linkje<\/em><\/a><em>)<\/em> Erre lehet\u0151s\u00e9g van online m\u00f3don is, de pap\u00edron is. Ez egy fontos \u00e9s j\u00f3 lehet\u0151s\u00e9g arra, hogy mindenki szabadon hozz\u00e1sz\u00f3ljon a zsinathoz.<\/p>\n\n\n\n<p>Egy\u00e9nileg, akinek van r\u00e1 lehet\u0151s\u00e9ge keressen r\u00e1 az egyh\u00e1zmegye honlapj\u00e1n tal\u00e1lhat\u00f3 zsinat f\u00fclre \u00e9s olvassa el az ott tal\u00e1lhat\u00f3, a k\u00f6z\u00f6s gondolkod\u00e1st elind\u00edt\u00f3 sz\u00f6vegeket \u00e9s besz\u00e9lget\u00e9st seg\u00edt\u0151 k\u00e9rd\u00e9seket. (<a href=\"https:\/\/zsinat-kaposvar.egyhazmegye.hu\/\" target=\"_blank\" rel=\"noreferrer noopener\">https:\/\/zsinat-kaposvar.egyhazmegye.hu\/<\/a> )<\/p>\n\n\n\n<p>K\u00f6z\u00f6ss\u00e9gileg pedig, amikor m\u00e1r a szem\u00e9lyes tal\u00e1lkoz\u00e1s \u00fajra lehets\u00e9ges lesz, \u201ezsinatol\u00e1sra\u201d h\u00edvunk benneteket a saj\u00e1t pl\u00e9b\u00e1ni\u00e1tokon. Ezeken a zsinati alkalmakon, egy\u00fcttm\u0171k\u00f6dve a papjaitokkal, arra buzd\u00edtalak benneteket, hogy alak\u00edts\u00e1tok ki a p\u00e1rbesz\u00e9d kult\u00far\u00e1j\u00e1t. Folytassatok olyan dial\u00f3gust, ahol mindenki szabadon kifejtheti v\u00e9lem\u00e9ny\u00e9t, ahol meghallgatj\u00e1tok a t\u00e1rsaitokat \u00e9s nem meggy\u0151zni, hanem meg\u00e9rteni szeretn\u00e9tek a m\u00e1sikat. Azt k\u00e9rem t\u0151letek, hogy \u00f6szt\u00f6n\u00f6zz\u00e9tek \u00e9s b\u00e1tor\u00edts\u00e1tok egym\u00e1st a k\u00f6z\u00f6s \u00fatkeres\u00e9sben, \u00e9s tegyetek gyakorlati javaslatokat is a honlapon tal\u00e1lhat\u00f3 dokumentumokhoz. Ezekr\u0151l az egy\u00fcttl\u00e9tekr\u0151l, az ott elhangz\u00f3 v\u00e9lem\u00e9nyekr\u0151l \u00e9s felmer\u00fcl\u0151 k\u00e9rd\u00e9sekr\u0151l k\u00e9sz\u00fclj\u00f6n minden alkalommal jegyz\u0151k\u00f6nyv, amelyet legyetek sz\u00edvesek tov\u00e1bb\u00edtsatok a p\u00fcsp\u00f6ks\u00e9gre.<\/p>\n\n\n\n<p>Azt k\u00e9rj\u00fck a paptestv\u00e9rekt\u0151l, hogy minden h\u00f3nap els\u0151 vas\u00e1rnapj\u00e1n aj\u00e1nljanak fel szentmis\u00e9t a zsinatunk\u00e9rt. K\u00e9rlek benneteket is, hogy ti is im\u00e1dkozzatok ez\u00e9rt!<\/p>\n\n\n\n<p>H\u00e1l\u00e1t adok \u00e9rtetek, kedves testv\u00e9reim, akik kitartottatok minden neh\u00e9zs\u00e9g ellen\u00e9re \u00e9s Isten \u00e1ld\u00e1s\u00e1t k\u00e9rem r\u00e1tok \u00e9s mindenkire, aki bekapcsol\u00f3dik a zsinati folyamatba \u00e9s seg\u00edti annak megval\u00f3sul\u00e1s\u00e1t!<\/p>\n\n\n\n<p>Kaposv\u00e1r, 2020. 11. 05. Szent Imre \u00fcnnep\u00e9n<\/p>\n\n\n\n<p>\u00a0\u00a0\u00a0\u00a0\u00a0\u00a0\u00a0\u00a0\u00a0\u00a0\u00a0\u00a0\u00a0\u00a0\u00a0\u00a0\u00a0\u00a0\u00a0\u00a0\u00a0\u00a0\u00a0\u00a0\u00a0\u00a0\u00a0\u00a0\u00a0\u00a0\u00a0\u00a0\u00a0\u00a0\u00a0\u00a0\u00a0\u00a0\u00a0\u00a0\u00a0\u00a0\u00a0\u00a0\u00a0\u00a0\u00a0\u00a0\u00a0\u00a0\u00a0\u00a0\u00a0\u00a0\u00a0\u00a0\u00a0\u00a0\u00a0\u00a0\u00a0\u00a0\u00a0\u00a0\u00a0\u00a0\u00a0\u00a0\u00a0\u00a0 Varga L\u00e1szl\u00f3 megy\u00e9sp\u00fcsp\u00f6k<\/p>\n\n\n\n<iframe loading=\"lazy\" width=\"560\" height=\"315\" src=\"https:\/\/www.youtube.com\/embed\/Fc4iyyFwJOY\" frameborder=\"0\" allow=\"accelerometer; autoplay; clipboard-write; encrypted-media; gyroscope; picture-in-picture\" allowfullscreen><\/iframe>\n\n\n\n<p><\/p>\n","protected":false},"excerpt":{"rendered":"<p>P\u00fcsp\u00f6ki lev\u00e9l a h\u00edveknek az egyh\u00e1zmegyei zsinatr\u00f3l:<\/p>\n","protected":false},"author":1,"featured_media":0,"comment_status":"closed","ping_status":"open","sticky":false,"template":"","format":"standard","meta":{"footnotes":""},"categories":[1],"tags":[],"class_list":["post-504","post","type-post","status-publish","format-standard","hentry","category-egyeb"],"_links":{"self":[{"href":"https:\/\/balatonkeresztur.plebania.hu\/index.php\/wp-json\/wp\/v2\/posts\/504","targetHints":{"allow":["GET"]}}],"collection":[{"href":"https:\/\/balatonkeresztur.plebania.hu\/index.php\/wp-json\/wp\/v2\/posts"}],"about":[{"href":"https:\/\/balatonkeresztur.plebania.hu\/index.php\/wp-json\/wp\/v2\/types\/post"}],"author":[{"embeddable":true,"href":"https:\/\/balatonkeresztur.plebania.hu\/index.php\/wp-json\/wp\/v2\/users\/1"}],"replies":[{"embeddable":true,"href":"https:\/\/balatonkeresztur.plebania.hu\/index.php\/wp-json\/wp\/v2\/comments?post=504"}],"version-history":[{"count":4,"href":"https:\/\/balatonkeresztur.plebania.hu\/index.php\/wp-json\/wp\/v2\/posts\/504\/revisions"}],"predecessor-version":[{"id":508,"href":"https:\/\/balatonkeresztur.plebania.hu\/index.php\/wp-json\/wp\/v2\/posts\/504\/revisions\/508"}],"wp:attachment":[{"href":"https:\/\/balatonkeresztur.plebania.hu\/index.php\/wp-json\/wp\/v2\/media?parent=504"}],"wp:term":[{"taxonomy":"category","embeddable":true,"href":"https:\/\/balatonkeresztur.plebania.hu\/index.php\/wp-json\/wp\/v2\/categories?post=504"},{"taxonomy":"post_tag","embeddable":true,"href":"https:\/\/balatonkeresztur.plebania.hu\/index.php\/wp-json\/wp\/v2\/tags?post=504"}],"curies":[{"name":"wp","href":"https:\/\/api.w.org\/{rel}","templated":true}]}}