{"id":501,"date":"2020-11-15T17:54:55","date_gmt":"2020-11-15T17:54:55","guid":{"rendered":"http:\/\/balatonkeresztur.plebania.hu\/?p=501"},"modified":"2020-11-15T17:54:55","modified_gmt":"2020-11-15T17:54:55","slug":"az-mkpk-korlevele-arpad-hazi-szent-erzsebet-unnepere-2020","status":"publish","type":"post","link":"https:\/\/balatonkeresztur.plebania.hu\/index.php\/2020\/11\/15\/az-mkpk-korlevele-arpad-hazi-szent-erzsebet-unnepere-2020\/","title":{"rendered":"Az MKPK k\u00f6rlevele \u00c1rp\u00e1d-h\u00e1zi Szent Erzs\u00e9bet \u00fcnnep\u00e9re-2020"},"content":{"rendered":"\n<p>A Magyar Katolikus P\u00fcsp\u00f6ki Konferencia (MKPK) k\u00f6rlevelet int\u00e9z a h\u00edvek fel\u00e9 \u00c1rp\u00e1d-h\u00e1zi Szent Erzs\u00e9bet \u00fcnnep\u00e9hez kapcsol\u00f3dva, amelyet november 15-\u00e9n, az \u00e9vk\u00f6zi 33. vas\u00e1rnap minden szentmis\u00e9n felolvasnak a katolikus templomokban.<\/p>\n\n\n\n<!--more-->\n\n\n\n<p>Kedves Testv\u00e9rek!<\/p>\n\n\n\n<p>Megrend\u00edt\u0151 volt 2020. m\u00e1rcius 27-\u00e9n hallani Ferenc p\u00e1pa szavait, amelyeket az \u00fcres Szent P\u00e9ter t\u00e9ren nemcsak a kereszt\u00e9ny h\u00edvekhez, hanem minden emberhez int\u00e9zett: \u201ea lehet\u0151 legnagyobb sebess\u00e9ggel robogtunk el\u0151re, \u00fagy \u00e9rezt\u00fck, er\u0151sek \u00e9s mindenre k\u00e9pesek vagyunk.<br>Epekedt\u00fcnk a haszonra, engedt\u00fck, hogy felem\u00e9sszenek minket a t\u00e1rgyak \u00e9s megr\u00e9szeg\u00edtsen a siets\u00e9g. (\u2026) Folytattunk mindent rend\u00edthetetlen\u00fcl, \u00e9s \u00fagy gondoltuk, \u00f6r\u00f6kre eg\u00e9szs\u00e9gesek maradunk egy beteg vil\u00e1gban.\u201d Most, amikor Eur\u00f3p\u00e1t \u00e9s haz\u00e1nkat a koronav\u00edrus j\u00e1rv\u00e1ny m\u00e1sodik hull\u00e1ma s\u00fajtja, azt \u00e9rezhetj\u00fck, hogy Szentaty\u00e1nk figyelmeztet\u0151 szavai semmit sem vesz\u00edtettek aktualit\u00e1sukb\u00f3l. S\u0151t, Szent Erzs\u00e9bet, a szolg\u00e1l\u00f3 szeretet szentj\u00e9nek \u00fcnnepe arra h\u00edv mindannyiunkat, hogy az \u00c1rp\u00e1d-h\u00e1zi kir\u00e1lyl\u00e1ny p\u00e9ld\u00e1ja nyom\u00e1n m\u00e9g ink\u00e1bb elgondolkodjunk e szavakon \u00e9s egym\u00e1s ir\u00e1nti felel\u0151ss\u00e9g\u00fcnk\u00f6n.<br>A kor, amelyben Szent Erzs\u00e9bet sz\u00fcletett \u00e9s a szeretet p\u00e9ld\u00e1j\u00e1t adta, sz\u00e1mos p\u00e1rhuzamot mutat fel napjainkkal. A vir\u00e1gz\u00f3 k\u00f6z\u00e9pkor idej\u00e9n Eur\u00f3pa sz\u00e1mos orsz\u00e1g\u00e1ban sokan nagyon meggazdagodtak \u00e9s hivalkodtak is vagyonukkal, olyan \u00e9p\u00fcleteket emeltek, amelyek el\u0151tt m\u00e1ig<br>csod\u00e1lattal \u00e1llunk meg, mik\u00f6zben egyre t\u00f6bben s\u00fcllyedtek nyomorba \u00e9s n\u00e9lk\u00fcl\u00f6zt\u00e9k az \u00e9lethez sz\u00fcks\u00e9ges legelemibb felt\u00e9teleket is. Ahogy n\u00e9h\u00e1ny \u00e9vvel kor\u00e1bban Szent Ferenc elhagyta gazdag \u00e9desapja h\u00e1z\u00e1t, lemondott vagyon\u00e1r\u00f3l \u00e9s lovagi \u00e1lmair\u00f3l, \u00fagy az \u0151 p\u00e9ld\u00e1j\u00e1t k\u00f6vetve Szent Erzs\u00e9bet is elhagyta a t\u00fcringiai \u0151rgr\u00f3fi udvart, hogy J\u00e9zus tan\u00edt\u00e1sa szerint a szeg\u00e9nyek \u00e9s betegek szolg\u00e1lat\u00e1nak szentelje \u00e9let\u00e9t. Nyitott szemmel j\u00e1rt, odafigyelt azokra, akikt\u0151l sokan borzadva ford\u00edtott\u00e1k el a tekintet\u00fcket. \u00c9let\u00e9nek tal\u00e1n egy kev\u00e9sb\u00e9 ismert esem\u00e9nye, hogy amikor egy lepr\u00e1s koldus \u00e9rkezett a v\u00e1rhoz, Erzs\u00e9bet saj\u00e1t kez\u0171leg f\u00fcrdettette meg \u00e9s k\u00f6t\u00f6zte be sebeit, \u00e9s mivel a sok beteg miatt m\u00e1shol m\u00e1r nem volt hely, saj\u00e1t hitvesi \u00e1gy\u00e1ba fektetette le. F\u00e9rje, Lajos \u0151rgr\u00f3f, aki \u00e1ltal\u00e1ban t\u00e1mogatta \u0151t \u00e9s megv\u00e9dte irigyeit\u0151l, ezt m\u00e1r t\u00falz\u00e1snak tartotta. Feld\u00falva szaladt a szob\u00e1ba, felr\u00e1ntotta az \u00e1gyr\u00f3l a takar\u00f3t, alatta viszont mag\u00e1t a megfesz\u00edtett Krisztust l\u00e1tta \u2013 \u00e9s t\u00e9rdre borulva adott h\u00e1l\u00e1t \u00e9s k\u00e9rte Erzs\u00e9bet bocs\u00e1nat\u00e1t.<br>A 2020-as vil\u00e1gj\u00e1rv\u00e1ny mindannyiunk \u00e9let\u00e9re hat\u00e1ssal van. Rokonaink \u00e9s bar\u00e1taink vesz\u00edtik el egyik napr\u00f3l a m\u00e1sikra munk\u00e1jukat \u00e9s ker\u00fcl vesz\u00e9lybe meg\u00e9lhet\u00e9s\u00fck, id\u0151sek \u00e9s mag\u00e1nyosak maradnak m\u00e9g ink\u00e1bb egyed\u00fcl, mert senki sem meri felkeresni \u0151ket, sokan f\u00e9lve \u00e9s rettegve z\u00e1rj\u00e1k magukra az ajt\u00f3t. Ez\u00e9rt sokkal nagyobb feladat \u00e9s felel\u0151ss\u00e9g h\u00e1rul azokra, akik a gy\u00f3gy\u00edt\u00e1s \u00e9s a felebar\u00e1ti szeretet cselekedeteit gyakorolj\u00e1k, az orvosokra, \u00e1pol\u00f3kra, szoci\u00e1lis munk\u00e1sokra \u00e9s \u00f6nk\u00e9ntesekre. \u00cdgy \u00edr err\u0151l Ferenc p\u00e1pa a Szeg\u00e9nyek vil\u00e1gnapj\u00e1ra \u00edrott \u00fczenet\u00e9ben, amikor a j\u00e1rv\u00e1ny idej\u00e9n a felebar\u00e1ti szeretet gyakorl\u00e1s\u00e1nak fontoss\u00e1g\u00e1ra h\u00edvja fel a figyelmet: \u201eA k\u00e9z kiny\u00fajt\u00e1sa egy jel: olyan jel, amely k\u00f6zvetlen\u00fcl a k\u00f6zels\u00e9gre, a szolidarit\u00e1sra, a szeretetre utal. H\u00e1ny \u00e9s h\u00e1ny kiny\u00fajtott kezet l\u00e1thattunk ezekben a h\u00f3napokban (\u2026): Az orvos kiny\u00fajtott kez\u00e9t, aki minden beteggel t\u00f6r\u0151dik \u00e9s keresi a megfelel\u0151 gy\u00f3gym\u00f3dot. A n\u0151v\u00e9r \u00e9s \u00e1pol\u00f3 kiny\u00fajtott kez\u00e9t, aki j\u00f3val a munkaidej\u00e9n t\u00fal is \u00e1polja a betegeket. (\u2026) Az \u00f6nk\u00e9ntes kiny\u00fajtott kez\u00e9t, aki seg\u00edti az utc\u00e1n \u00e9l\u0151ket \u00e9s azokat, akiknek ugyan van otthonuk, de nincs mit enni\u00fck. Az emberek egym\u00e1s fel\u00e9 kiny\u00fajtott kez\u00e9t, akik az alapvet\u0151 szolg\u00e1ltat\u00e1sok biztos\u00edt\u00e1sa \u00e9s a biztons\u00e1g fenntart\u00e1sa \u00e9rdek\u00e9ben dolgoznak.\u201d<\/p>\n\n\n\n<p>Szent Erzs\u00e9bet \u00fcnnepe arra eml\u00e9keztet minket, hogy ebben a seg\u00edts\u00e9gny\u00fajt\u00e1sban mi magunk is r\u00e9szt vehet\u00fcnk, amikor j\u00f6v\u0151 vas\u00e1rnap anyagi t\u00e1mogat\u00e1sunkkal azok munk\u00e1j\u00e1t k\u00f6nny\u00edtj\u00fck meg, akik \u00e9let\u00fcket embert\u00e1rsaik t\u00e1mogat\u00e1s\u00e1ra, a r\u00e1szorul\u00f3k \u00e9s a betegek seg\u00edt\u00e9s\u00e9re \u00e9s gy\u00f3gy\u00edt\u00e1s\u00e1ra szentelik, \u00e9s teszik nap mint nap kock\u00e1ra. Az egyh\u00e1zi szeretetszolg\u00e1latokra \u00e9s az id\u00e9n 90 \u00e9ves Katolikus Karit\u00e1szra 2020-ban nagyobb teher h\u00e1rul, mint kor\u00e1bban b\u00e1rmikor. Szent Erzs\u00e9bet p\u00e9ld\u00e1ja azt \u00fczeni, hogy munk\u00e1jukat t\u00e1mogatva mi magunk is, ak\u00e1r szob\u00e1nk biztons\u00e1g\u00e1b\u00f3l is, r\u00e9szesei lehet\u00fcnk ennek a szolg\u00e1latnak, \u00e9s az \u0151 kez\u00fckkel egybefon\u00f3dva, mi magunk is kiny\u00fajthatjuk kez\u00fcnket a sz\u00fcks\u00e9get szenved\u0151k \u00e9s betegek fel\u00e9.<br>\u201eSenki sem menek\u00fclhet meg egyed\u00fcl, \u00f6nmag\u00e1ban\u201d \u2013 tan\u00edtotta 2020. nagyb\u00f6jtj\u00e9ben Ferenc p\u00e1pa. Az egyh\u00e1zi \u00e9v utols\u00f3 vas\u00e1rnapj\u00e1nak, Krisztus Kir\u00e1ly \u00fcnnep\u00e9nek evang\u00e9liuma is a szolidarit\u00e1s fontoss\u00e1g\u00e1ra h\u00edvja fel a figyelm\u00fcnket: \u00e9hes voltam \u00e9s ti ennem adtatok; szomjas voltam, \u00e9s ti innom adtatok \u2013 sz\u00f3l a megdics\u0151\u00fclt J\u00e9zus a jobbj\u00e1n \u00e1ll\u00f3khoz, az \u00fcdv\u00f6ss\u00e9g \u00fatjak\u00e9nt \u00e1ll\u00edtva el\u00e9j\u00fck \u00e9s el\u00e9nk is a szolg\u00e1l\u00f3 szeretet cselekedeteit.<br>A szeretet cselekedetei nemcsak a r\u00e1szorultakon seg\u00edtenek, hanem azokat is gazdag\u00edtj\u00e1k, akik szolg\u00e1lnak, mert ez\u00e1ltal Krisztushoz v\u00e1lnak hasonl\u00f3kk\u00e1. Nem szabad megfeledkezn\u00fcnk arr\u00f3l sem, hogy az eg\u00e9szs\u00e9ges embernek sok k\u00edv\u00e1ns\u00e1ga van \u00e9s elegend\u0151 er\u0151t \u00e9rez mag\u00e1ban arra, hogy ezeket meg is val\u00f3s\u00edtsa. A betegnek \u00e9s a nyomorban \u00e9l\u0151nek, az \u00edns\u00e9get szenved\u0151nek azonban csak egy v\u00e1gya van: hogy szenved\u00e9s\u00e9t\u0151l, baj\u00e1t\u00f3l megszabaduljon, de tehets\u00e9ge \u00e9s lehet\u0151s\u00e9ge tal\u00e1n hi\u00e1nyzik ehhez. Szent Erzs\u00e9bet \u00e9lete arra sarkall minket, hogy p\u00e9ld\u00e1ja szerint \u00e9s lehet\u0151s\u00e9geinknek, eszk\u00f6zeinknek megfelel\u0151en mi magunk is vegy\u00fcnk r\u00e9szt a betegek \u00e9s a sz\u00fcks\u00e9get szenved\u0151k \u00edns\u00e9g\u00e9nek csillap\u00edt\u00e1s\u00e1ban, hogy egykor majd J\u00e9zus hozz\u00e1nk is \u00edgy sz\u00f3ljon:<br>\u201eJ\u00f6jjetek, Aty\u00e1m \u00e1ldottai, vegy\u00e9tek birtokba a vil\u00e1g kezdet\u00e9t\u0151l nektek k\u00e9sz\u00edtett orsz\u00e1got!\u201d<\/p>\n\n\n\n<p>Kelt Budapesten, 2020. november 15-\u00e9n, a Magyar Katolikus P\u00fcsp\u00f6ki Konferencia<\/p>\n\n\n\n<p>2020. november 15-\u00e9n, az \u00e9vk\u00f6zi 33. vas\u00e1rnap minden szentmis\u00e9j\u00e9n felolvas\u00e1sra ker\u00fcl.<\/p>\n\n\n\n<p>forr\u00e1s: <a href=\"https:\/\/katolikus.hu\/cikk\/az-mkpk-korlevele-arpad-hazi-szent-erzsebet-unnepere-2020\" target=\"_blank\" rel=\"noreferrer noopener\">Magyar Katolikus Egyh\u00e1z<\/a><\/p>\n","protected":false},"excerpt":{"rendered":"<p>A Magyar Katolikus P\u00fcsp\u00f6ki Konferencia (MKPK) k\u00f6rlevelet int\u00e9z a h\u00edvek fel\u00e9 \u00c1rp\u00e1d-h\u00e1zi Szent Erzs\u00e9bet \u00fcnnep\u00e9hez kapcsol\u00f3dva, amelyet november 15-\u00e9n, az \u00e9vk\u00f6zi 33. vas\u00e1rnap minden szentmis\u00e9n felolvasnak a katolikus templomokban.<\/p>\n","protected":false},"author":1,"featured_media":0,"comment_status":"closed","ping_status":"open","sticky":false,"template":"","format":"standard","meta":{"footnotes":""},"categories":[1],"tags":[],"class_list":["post-501","post","type-post","status-publish","format-standard","hentry","category-egyeb"],"_links":{"self":[{"href":"https:\/\/balatonkeresztur.plebania.hu\/index.php\/wp-json\/wp\/v2\/posts\/501","targetHints":{"allow":["GET"]}}],"collection":[{"href":"https:\/\/balatonkeresztur.plebania.hu\/index.php\/wp-json\/wp\/v2\/posts"}],"about":[{"href":"https:\/\/balatonkeresztur.plebania.hu\/index.php\/wp-json\/wp\/v2\/types\/post"}],"author":[{"embeddable":true,"href":"https:\/\/balatonkeresztur.plebania.hu\/index.php\/wp-json\/wp\/v2\/users\/1"}],"replies":[{"embeddable":true,"href":"https:\/\/balatonkeresztur.plebania.hu\/index.php\/wp-json\/wp\/v2\/comments?post=501"}],"version-history":[{"count":1,"href":"https:\/\/balatonkeresztur.plebania.hu\/index.php\/wp-json\/wp\/v2\/posts\/501\/revisions"}],"predecessor-version":[{"id":502,"href":"https:\/\/balatonkeresztur.plebania.hu\/index.php\/wp-json\/wp\/v2\/posts\/501\/revisions\/502"}],"wp:attachment":[{"href":"https:\/\/balatonkeresztur.plebania.hu\/index.php\/wp-json\/wp\/v2\/media?parent=501"}],"wp:term":[{"taxonomy":"category","embeddable":true,"href":"https:\/\/balatonkeresztur.plebania.hu\/index.php\/wp-json\/wp\/v2\/categories?post=501"},{"taxonomy":"post_tag","embeddable":true,"href":"https:\/\/balatonkeresztur.plebania.hu\/index.php\/wp-json\/wp\/v2\/tags?post=501"}],"curies":[{"name":"wp","href":"https:\/\/api.w.org\/{rel}","templated":true}]}}