{"id":499,"date":"2020-11-15T17:52:55","date_gmt":"2020-11-15T17:52:55","guid":{"rendered":"http:\/\/balatonkeresztur.plebania.hu\/?p=499"},"modified":"2020-11-15T17:52:55","modified_gmt":"2020-11-15T17:52:55","slug":"ferenc-papa-uzenete-a-szegenyek-vilagnapjara","status":"publish","type":"post","link":"https:\/\/balatonkeresztur.plebania.hu\/index.php\/2020\/11\/15\/ferenc-papa-uzenete-a-szegenyek-vilagnapjara\/","title":{"rendered":"Ferenc p\u00e1pa \u00fczenete a szeg\u00e9nyek vil\u00e1gnapj\u00e1ra"},"content":{"rendered":"\n<p>Id\u00e9n az Egyh\u00e1zban a szeg\u00e9nyek vil\u00e1gnapj\u00e1t november 15-\u00e9n, az \u00e9vk\u00f6zi 33. vas\u00e1rnapon tartjuk. Ferenc p\u00e1p\u00e1nak a vil\u00e1gnapra \u00edrt \u00fczenet\u00e9t olvashatj\u00e1k, amely \u201eA szeg\u00e9ny fel\u00e9 is ny\u00fajtsd ki a kezedet\u201d (v\u00f6. Sir 7,32) c\u00edmmel jelent meg.<\/p>\n\n\n\n<!--more-->\n\n\n\n<p>\u201eA szeg\u00e9ny fel\u00e9 is ny\u00fajtsd ki a kezedet\u201d (v\u00f6. Sir 7,32). A r\u00e9gi b\u00f6lcsess\u00e9g e szavakat mint k\u00f6vetend\u0151 szent \u00e9letszab\u00e1lyt \u00e1ll\u00edtja el\u00e9nk. Ezek a szavak ma is ugyanolyan id\u0151szer\u0171ek, mint b\u00e1rmikor \u00e9s seg\u00edtenek abban, hogy tekintet\u00fcnket a l\u00e9nyegesre ir\u00e1ny\u00edtsuk \u00e9s \u00e1tt\u00f6rj\u00fck a k\u00f6z\u00f6ny v\u00e1laszfalait. A szeg\u00e9nys\u00e9g sz\u00e1mos k\u00fcl\u00f6nf\u00e9le m\u00f3don jelenik meg, \u00e9s minden egyes saj\u00e1tos helyzet figyelmet k\u00f6vetel: mindegyikben lehet\u0151s\u00e9g\u00fcnk ny\u00edlik arra, hogy az \u00dar J\u00e9zussal tal\u00e1lkozzunk, aki kijelentette, hogy a legkisebb testv\u00e9reiben jelen van (v\u00f6. Mt 25,40).<\/p>\n\n\n\n<ol class=\"wp-block-list\"><li>Vegy\u00fck k\u00e9zbe J\u00e9zus, Sir\u00e1k fia k\u00f6nyv\u00e9t az \u00d3sz\u00f6vets\u00e9gb\u0151l, amelyben megtal\u00e1ljuk a Krisztus el\u0151tt kb. k\u00e9tsz\u00e1z \u00e9vvel \u00e9lt b\u00f6lcs szavait, aki azt az igazs\u00e1got kereste, ami az embereket jobb\u00e1 teszi, illetve k\u00e9pess\u00e9 az \u00e9let esem\u00e9nyeinek m\u00e9lyebb meg\u00e9rt\u00e9s\u00e9re. Tette ezt akkor, amikor Izrael n\u00e9p\u00e9t idegen hatalmak uralma k\u00f6vetkezt\u00e9ben s\u00falyos pr\u00f3bat\u00e9telek \u00e9rt\u00e9k, a szenved\u00e9s, a gy\u00e1sz \u00e9s a szomor\u00fas\u00e1g idej\u00e9n. Mint nagy hit\u0171 \u00e9s el\u0151deinek hagyom\u00e1nyaira \u00e9p\u00edt\u0151 embernek, els\u0151 gondolata az volt, hogy Istenhez fordul \u00e9s a b\u00f6lcsess\u00e9g aj\u00e1nd\u00e9k\u00e1t k\u00e9ri t\u0151le. \u00c9s az \u00dar nem tagadta meg t\u0151le seg\u00edts\u00e9g\u00e9t.<\/li><\/ol>\n\n\n\n<p>A k\u00f6nyv els\u0151 sorait\u00f3l kezdve J\u00e9zus, Sir\u00e1k fia sz\u00e1mos tan\u00e1csot ad az \u00e9let konkr\u00e9t helyzeteire vonatkoz\u00f3an, k\u00f6z\u00f6tt\u00fck a szeg\u00e9nys\u00e9g\u00e9re is. Ragaszkodik ahhoz, hogy a neh\u00e9zs\u00e9gek k\u00f6zepette is b\u00edznunk kell Istenben: \u201eKem\u00e9ny\u00edtsd meg sz\u00edved \u00e9s l\u00e9gy \u00e1llhatatos, a k\u00eds\u00e9rt\u00e9s napj\u00e1n ne kapkodj el semmit. Ragaszkodj az \u00darhoz \u00e9s ne t\u00e1g\u00edts t\u0151le, hogy \u00e9leted v\u00e9g\u00e9n majd felmagasztaljon. Mindent, ami r\u00e1d szakad, t\u0171rj el b\u00e9kess\u00e9ggel, maradj h\u0171s\u00e9ges a megal\u00e1ztat\u00e1sban. Mert az aranyat t\u0171zben pr\u00f3b\u00e1lj\u00e1k, a kiv\u00e1lasztottakat meg a balsors koh\u00f3j\u00e1ban. B\u00edzz\u00e1l az Istenben: gondodat viseli, j\u00e1rj egyenes \u00faton \u00e9s rem\u00e9nykedj benne. Akik Istent f\u00e9litek, v\u00e1rj\u00e1tok kegyelm\u00e9t, ne hagyj\u00e1tok el, nehogy elessetek\u201d (Sir 2,2\u20137).<\/p>\n\n\n\n<ol class=\"wp-block-list\" start=\"2\"><li>Oldalr\u00f3l oldalra \u00e9rt\u00e9kes tan\u00e1csokat tal\u00e1lunk arra n\u00e9zve, hogy hogyan kell viselkedn\u00fcnk Istennel, a Teremt\u0151vel szemben, aki szereti a teremt\u00e9st, minden gyermeke ir\u00e1nt igazs\u00e1gos \u00e9s gondoskodik r\u00f3luk. Ez az \u00e1lland\u00f3 Istenre tekint\u00e9s azonban nem t\u00e1vol\u00edthat el att\u00f3l, hogy az emberekre is figyelj\u00fcnk, \u00e9ppen ellenkez\u0151leg, e kett\u0151 szorosan kapcsol\u00f3dik egym\u00e1shoz.<\/li><\/ol>\n\n\n\n<p>Egy\u00e9rtelm\u0171en mutatja ezt a jelen \u00fczenet mott\u00f3ja (v\u00f6. 7,29\u201336). Az Istenhez fordul\u00f3 ima, valamint a szeg\u00e9nyek \u00e9s a szenved\u0151k ir\u00e1nti szolidarit\u00e1s elv\u00e1laszthatatlan egym\u00e1st\u00f3l. Ahhoz, hogy az \u00darnak tetsz\u0151 istentiszteletet mutassunk be, fel kell ismern\u00fcnk, hogy minden egyes ember, legyen az a legszeg\u00e9nyebb \u00e9s legink\u00e1bb megvetett is, Isten k\u00e9pm\u00e1s\u00e1t hordozza. Ebb\u0151l a felismer\u00e9sb\u0151l fakad Isten \u00e1ld\u00e1s\u00e1nak aj\u00e1nd\u00e9ka, amelyet a szeg\u00e9nyek ir\u00e1nt tan\u00fas\u00edtott nagylelk\u0171s\u00e9g jellemez. Az im\u00e1ds\u00e1gra ford\u00edtott id\u0151 ez\u00e9rt soha nem lehet indoka r\u00e1szorul\u00f3 embert\u00e1rsaink elhanyagol\u00e1s\u00e1nak. Val\u00f3j\u00e1ban \u00e9ppen az ellenkez\u0151je igaz: az \u00dar \u00e1ld\u00e1sa sz\u00e1ll re\u00e1nk, \u00e9s az ima akkor \u00e9r c\u00e9lba, ha a szeg\u00e9nyek szolg\u00e1lata k\u00eds\u00e9ri.<\/p>\n\n\n\n<ol class=\"wp-block-list\" start=\"3\"><li>Mennyire id\u0151szer\u0171 ez a r\u00e9gi tan\u00edt\u00e1s a mi sz\u00e1munkra is! Isten Ig\u00e9je t\u00falmutat t\u00e9ren, id\u0151n, vall\u00e1sokon \u00e9s kult\u00far\u00e1kon. A nagylelk\u0171s\u00e9g, amely t\u00e1mogatja a szeg\u00e9nyt, vigasztalja a szenved\u0151t, enyh\u00edti a szenved\u00e9st, visszaadja m\u00e9lt\u00f3s\u00e1g\u00e1t a kifosztottnak, felt\u00e9tele a teljesen emberi \u00e9letnek. A d\u00f6nt\u00e9s, hogy figyelmet ford\u00edtunk a szeg\u00e9nyekre \u00e9s sz\u00e1mos sz\u00fcks\u00e9glet\u00fckre, nem f\u00fcgghet a rendelkez\u00e9sre \u00e1ll\u00f3 id\u0151t\u0151l, az egy\u00e9ni \u00e9rdekekt\u0151l, sem szem\u00e9lytelen t\u00e1rsadalmi vagy lelkip\u00e1sztori tervekt\u0151l. Nem szabad, hogy a n\u00e1rcisztikus tendencia, amely mindig saj\u00e1t \u00e9n\u00fcnket tolja el\u0151t\u00e9rbe, elfojtsa Isten kegyelm\u00e9nek erej\u00e9t.<\/li><\/ol>\n\n\n\n<p>Neh\u00e9z feladat figyelm\u00fcnket a szeg\u00e9nyeken tartani, de ann\u00e1l fontosabb ahhoz, hogy szem\u00e9lyes \u00e9s t\u00e1rsadalmi \u00e9let\u00fcnket a megfelel\u0151 ir\u00e1nyba ford\u00edtsuk. Nem sz\u00e9p szavakkal kell ezt tenn\u00fcnk, hanem sokkal ink\u00e1bb az isteni szeretet \u00e1ltal vez\u00e9relve, saj\u00e1t \u00e9let\u00fcnket odaaj\u00e1nd\u00e9kozva. A Szeg\u00e9nyek Vil\u00e1gnapj\u00e1val minden \u00e9vben hangs\u00falyozom ezt az Egyh\u00e1z sz\u00e1m\u00e1ra alapvet\u0151 igazs\u00e1got, hogy a szeg\u00e9nyek mindig vel\u00fcnk vannak (v\u00f6. Jn 12,8) az\u00e9rt, hogy seg\u00edtsenek a mindennapokban felfedezni Krisztus jelenl\u00e9t\u00e9t.<\/p>\n\n\n\n<ol class=\"wp-block-list\" start=\"4\"><li>A szeg\u00e9nys\u00e9gben \u00e9l\u0151 emberrel val\u00f3 tal\u00e1lkoz\u00e1s mindig kih\u00edv\u00e1st jelent \u00e9s k\u00e9rd\u00e9seket vet fel. Hogyan seg\u00edthetj\u00fck el\u0151 kirekesztetts\u00e9g\u00e9nek \u00e9s szenved\u00e9s\u00e9nek megsz\u0171n\u00e9s\u00e9t vagy legal\u00e1bb enyh\u00fcl\u00e9s\u00e9t? Hogyan tudunk seg\u00edteni neki a szellemi szeg\u00e9nys\u00e9g\u00e9ben? A kereszt\u00e9ny k\u00f6z\u00f6ss\u00e9g arra kapott megh\u00edv\u00e1st, hogy r\u00e9szese legyen a megoszt\u00e1s tapasztalat\u00e1nak, tudva, hogy ezt a feladatot nem szabad m\u00e1sokra \u00e1th\u00e1r\u00edtani. Annak \u00e9rdek\u00e9ben, hogy t\u00e1mogat\u00e1st ny\u00fajtsunk a szeg\u00e9nyeknek, elengedhetetlen, hogy szem\u00e9lyesen is meg\u00e9lj\u00fck az evang\u00e9liumi szeg\u00e9nys\u00e9get. Nem \u00e9rezhetj\u00fck \u201ehely\u00fcnk\u00f6n magunkat\u201d akkor, amikor az emberi csal\u00e1d b\u00e1rmely tagja kirekesztett \u00e9s h\u00e1tt\u00e9rbe szorul. A sok szeg\u00e9ny csendes ki\u00e1lt\u00e1sa mindig \u00e9s minden\u00fctt els\u0151 sorban, az Isten embereit kell, hogy meg\u00e9rintse meg, hogy hangot adhassanak nekik, megv\u00e9dj\u00e9k \u0151ket \u00e9s szolidarit\u00e1st v\u00e1llaljanak vel\u00fck a k\u00e9pmutat\u00e1s \u00e9s a be nem tartott \u00edg\u00e9retek sz\u00e1mos tapasztalat\u00e1val szemben, illetve lehet\u0151v\u00e9 tegy\u00e9k sz\u00e1mukra, hogy r\u00e9szesei legyenek a k\u00f6z\u00f6ss\u00e9g \u00e9let\u00e9nek.<\/li><\/ol>\n\n\n\n<p>Igaz, hogy az Egyh\u00e1z nem tud t\u00f6k\u00e9letes megold\u00e1st javasolni, de Krisztus kegyelm\u00e9vel felk\u00edn\u00e1lja a tan\u00fas\u00e1gt\u00e9telt \u00e9s a megoszt\u00e1s gesztusait. K\u00f6teless\u00e9g\u00e9nek \u00e9rzi azt is, hogy felkarolja azok panasz\u00e1t, akik a legsz\u00fcks\u00e9gesebbeknek is h\u00edj\u00e1n vannak. A kereszt\u00e9ny k\u00f6z\u00f6ss\u00e9g sz\u00e1m\u00e1ra az, hogy mindenkit a k\u00f6zj\u00f3 nagy \u00e9rt\u00e9k\u00e9re eml\u00e9keztessen, \u00e9letfeladat, ami abban val\u00f3sul meg, hogy nem feledkez\u00fcnk meg senkir\u0151l, akinek az emberi mivolt\u00e1t \u00e9rint\u0151 alapvet\u0151 sz\u00fcks\u00e9gleteit semmibe veszik.<\/p>\n\n\n\n<ol class=\"wp-block-list\" start=\"5\"><li>A k\u00e9z kiny\u00fajt\u00e1sa mindenekel\u0151tt az ezt cselekv\u0151knek seg\u00edt felfedezni, hogy k\u00e9pesek vagyunk olyan dolgokra, amelyek az \u00e9letnek \u00e9rtelmet adnak. H\u00e1ny \u00e9s h\u00e1ny kiny\u00fajtott kezet l\u00e1thatunk minden nap! Sajnos egyre gyakoribb, hogy a rohan\u00e1s a k\u00f6z\u00f6mb\u00f6ss\u00e9g \u00f6rv\u00e9ny\u00e9be torkollik, \u00edgy azt a sok j\u00f3t, amit nap mint nap csendben \u00e9s nagylelk\u0171s\u00e9ggel tesznek, az ember m\u00e1r \u00e9szre sem veszi. \u00cdgy t\u00f6rt\u00e9nik meg, hogy csak az \u00e9let\u00fcnk foly\u00e1s\u00e1t megzavar\u00f3 esem\u00e9nyekben ny\u00edlik meg a szem\u00fcnk arra, hogy \u00e9szrevegye a \u201ek\u00f6z\u00f6tt\u00fcnk \u00e9l\u0151 szentek\u201d j\u00f3s\u00e1g\u00e1t, \u201eazok\u00e9t, akik a k\u00f6zel\u00fcnkben laknak, \u00e9s akik Isten jelenl\u00e9t\u00e9nek visszat\u00fckr\u00f6z\u0151d\u00e9sei\u201d (Gaudete et exsultate apostoli buzd\u00edt\u00e1s 7.), de akikr\u0151l senki sem besz\u00e9l. A rossz h\u00edrek el\u00e1rasztj\u00e1k a c\u00edmlapokat, a weboldalakat \u00e9s a telev\u00edzi\u00f3t, azt sugallva, hogy a gonosz teljes m\u00e9rt\u00e9kben gy\u0151zedelmeskedik. De ez nem \u00edgy van. Term\u00e9szetesen nincs hi\u00e1ny rosszindulatb\u00f3l \u00e9s er\u0151szakb\u00f3l, vissza\u00e9l\u00e9sb\u0151l \u00e9s a korrupci\u00f3b\u00f3l, de az \u00e9letet a tisztelet \u00e9s nagylelk\u0171s\u00e9g h\u00e1l\u00f3ja tartja meg, amely nemcsak ellens\u00falyozza a rosszat, hanem \u00f6szt\u00f6nz\u00e9st is ad az embernek, hogy t\u00fall\u00e9pjen rajta \u00e9s rem\u00e9nnyel teljen el.<\/li><li>A k\u00e9z kiny\u00fajt\u00e1sa egy jel: olyan jel, amely k\u00f6zvetlen\u00fcl a k\u00f6zels\u00e9gre, a szolidarit\u00e1sra, a szeretetre utal. H\u00e1ny \u00e9s h\u00e1ny kiny\u00fajtott kezet l\u00e1thattunk ezekben a h\u00f3napokban, amikor az eg\u00e9sz vil\u00e1gon v\u00e9gigs\u00f6p\u00f6rt egy v\u00edrus, f\u00e1jdalmat \u00e9s hal\u00e1lt, k\u00e9ts\u00e9gbees\u00e9st \u00e9s zavart okozva. Az orvos kiny\u00fajtott kez\u00e9t, aki minden beteggel t\u00f6r\u0151dik \u00e9s keresi a megfelel\u0151 gy\u00f3gym\u00f3dot. A n\u0151v\u00e9r \u00e9s \u00e1pol\u00f3 kiny\u00fajtott kez\u00e9t, aki j\u00f3val a munkaidej\u00e9n t\u00fal is \u00e1polja a betegeket. A k\u00f6zigazgat\u00e1sban dolgoz\u00f3 kiny\u00fajtott kez\u00e9t, aki eszk\u00f6z\u00f6kr\u0151l gondoskodik a lehet\u0151 legt\u00f6bb \u00e9let megment\u00e9se \u00e9rdek\u00e9ben. A gy\u00f3gyszer\u00e9sz kiny\u00fajtott kez\u00e9t, aki sz\u00e1mtalan k\u00e9r\u00e9snek van kit\u00e9ve az emberekkel val\u00f3 kock\u00e1zatos tal\u00e1lkoz\u00e1sok folyam\u00e1n. A pap kiny\u00fajtott kez\u00e9t, aki gy\u00f6trelmes sz\u00edvvel oszt \u00e1ld\u00e1st. Az \u00f6nk\u00e9ntes kiny\u00fajtott kez\u00e9t, aki seg\u00edti az utc\u00e1n \u00e9l\u0151ket \u00e9s azokat, akiknek ugyan van otthonuk, de nincs mit enni\u00fck. Az emberek egym\u00e1s fel\u00e9 kiny\u00fajtott kez\u00e9t, akik az alapvet\u0151 szolg\u00e1ltat\u00e1sok biztos\u00edt\u00e1sa \u00e9s a biztons\u00e1g fenntart\u00e1sa \u00e9rdek\u00e9ben dolgoznak. \u00c9s m\u00e1s kiny\u00fajtott kezeket is fel tudn\u00e1nk sorolni, eg\u00e9sz lit\u00e1ni\u00e1t \u00e1ll\u00edthatn\u00e1k \u00f6ssze a j\u00f3cselekedetekb\u0151l. Mindezek a kezek szembeszeg\u00fcltek a fert\u0151z\u00e9ssel \u00e9s a f\u00e9lelemmel, hogy t\u00e1mogat\u00e1st \u00e9s vigaszt ny\u00fajtsanak.<\/li><li>Ez a vil\u00e1gj\u00e1rv\u00e1ny v\u00e1ratlanul \u00e9rkezett, meglepve, felk\u00e9sz\u00fcletlen\u00fcl \u00e9rve minket, nagyfok\u00fa bizonytalans\u00e1got \u00e9s tehetetlens\u00e9get okozva. A szeg\u00e9nyek fel\u00e9 kiny\u00fajtott kezek m\u00e9gsem mondhat\u00f3k v\u00e1ratlannak. Ink\u00e1bb tan\u00faskodnak a felk\u00e9sz\u00fcl\u00e9sr\u0151l arra, hogy felismerj\u00fck a szeg\u00e9nyeket, hogy seg\u00edts\u00fck \u0151ket a sz\u00fcks\u00e9g idej\u00e9n. Az irgalom eszk\u00f6zei nem improviz\u00e1lhat\u00f3k. Napi gyakorl\u00e1sra van sz\u00fcks\u00e9g, ami azzal a felismer\u00e9ssel kezd\u0151dik, hogy el\u0151sz\u00f6r nek\u00fcnk van sz\u00fcks\u00e9g\u00fcnk egy fel\u00e9nk ny\u00fajtott k\u00e9zre.<\/li><\/ol>\n\n\n\n<p>Ez a most \u00e1t\u00e9lt id\u0151szak sok biztosnak gondolt dolgot v\u00e1ls\u00e1gba juttatott. Szeg\u00e9nyebbnek \u00e9s gyeng\u00e9bbnek \u00e9rezz\u00fck magunkat, mert megtapasztaltuk a hat\u00e1rainkat \u00e9s a szabads\u00e1gunk korl\u00e1toz\u00e1s\u00e1t. A munk\u00e1nkt\u00f3l \u00e9s a legm\u00e9lyebb \u00e9rzelmekt\u0151l val\u00f3 megfosztotts\u00e1g, valamint a megszokott emberi kapcsolatok hi\u00e1nya hirtelen olyan horizontot nyitott meg el\u0151tt\u00fcnk, amelyet \u00e1ltal\u00e1ban nem szoktunk \u00e9szrevenni. Szellemi \u00e9s anyagi gazdags\u00e1gunk megk\u00e9rd\u0151jelez\u0151d\u00f6tt \u00e9s felfedezt\u00fck magunkban a f\u00e9lelmet is. Bez\u00e1rk\u00f3ztunk otthonunk csendj\u00e9be, \u00e9s \u00fajra felfedezt\u00fck, hogy mennyire fontos az egyszer\u0171s\u00e9g \u00e9s az, hogy figyelm\u00fcnket az alapvet\u0151 dolgokra ir\u00e1ny\u00edtsuk. Elm\u00e9ly\u00edtett\u00fck az ig\u00e9ny\u00fcnket egy \u00faj testv\u00e9ris\u00e9g ir\u00e1nt, amely k\u00e9pes a k\u00f6lcs\u00f6n\u00f6s seg\u00edt\u00e9sre \u00e9s tiszteletre. Alkalmas id\u0151 ez arra, hogy \u201e\u00e1t\u00e9rezz\u00fck, hogy sz\u00fcks\u00e9g\u00fcnk van egym\u00e1sra, felel\u0151ss\u00e9ggel tartozunk m\u00e1sok\u00e9rt \u00e9s a vil\u00e1g\u00e9rt. (\u2026) M\u00e1r hossz\u00fa id\u0151t t\u00f6lt\u00f6tt\u00fcnk erk\u00f6lcsi hanyatl\u00e1sban, g\u00fanyt \u0171zve az etik\u00e1b\u00f3l, a j\u00f3s\u00e1gb\u00f3l, a hitb\u0151l, a tisztess\u00e9gb\u0151l. (\u2026) A t\u00e1rsadalmi \u00e9let eg\u00e9sz alapj\u00e1nak ez a lerombol\u00e1sa azt eredm\u00e9nyezi, hogy egym\u00e1snak es\u00fcnk saj\u00e1t \u00e9rdekeink v\u00e9delm\u00e9ben, az er\u0151szak \u00e9s a kegyetlens\u00e9g \u00faj form\u00e1i l\u00e1tnak napvil\u00e1got, \u00e9s lehetetlenn\u00e9 v\u00e1lik, hogy kialak\u00edtsuk a k\u00f6rnyezet gondoz\u00e1s\u00e1nak val\u00f3di kult\u00far\u00e1j\u00e1t\u201d (Laudato si\u2019 enciklika, 229.). \u00d6sszefoglalva: a nagy gazdas\u00e1gi, p\u00e9nz\u00fcgyi \u00e9s politikai v\u00e1ls\u00e1gok nem sz\u0171nnek meg addig, am\u00edg hagyjuk, hogy a felel\u0151ss\u00e9g, amelyet mindenkinek \u00e9reznie kell felebar\u00e1tai \u00e9s minden ember ir\u00e1nt, valamif\u00e9le tehetetlens\u00e9gbe s\u00fcppedjen.<\/p>\n\n\n\n<ol class=\"wp-block-list\" start=\"8\"><li>\u201eA szeg\u00e9ny fel\u00e9 is ny\u00fajtsd ki a kezedet\u201d felsz\u00f3l\u00edt\u00e1s teh\u00e1t felel\u0151ss\u00e9gv\u00e1llal\u00e1sra \u00e9s konkr\u00e9t cselekv\u00e9sre sz\u00f3l\u00f3 megh\u00edv\u00e1st jelent azok sz\u00e1m\u00e1ra, akik sorsk\u00f6z\u00f6ss\u00e9get \u00e9reznek a t\u00f6bbi emberrel. Felh\u00edv\u00e1s arra, hogy a gyeng\u00e9bbek terheit hordozzuk, amint Szent P\u00e1l eml\u00e9keztet minket: \u201eszeretettel szolg\u00e1ljatok egym\u00e1snak. Mert az eg\u00e9sz t\u00f6rv\u00e9ny ebben a mondatban teljesedik be: Szeresd felebar\u00e1todat, mint saj\u00e1t magadat. (\u2026) Hordozz\u00e1tok egym\u00e1s terh\u00e9t\u201d (Gal 5,13\u201314; 6,2). Az apostol azt tan\u00edtja nek\u00fcnk, hogy a J\u00e9zus Krisztus hal\u00e1la \u00e9s felt\u00e1mad\u00e1sa \u00e1ltal nek\u00fcnk aj\u00e1nd\u00e9kozott szabads\u00e1g mindannyiunk sz\u00e1m\u00e1ra felel\u0151ss\u00e9get jelent, hogy szolg\u00e1ljunk egym\u00e1snak, k\u00fcl\u00f6n\u00f6s tekintettel a leggyeng\u00e9bbekre. Ez nem csup\u00e1n egy v\u00e1laszthat\u00f3 lehet\u0151s\u00e9g, hanem az \u00e1ltalunk vallott hit hiteless\u00e9g\u00e9nek felt\u00e9tele.<\/li><\/ol>\n\n\n\n<p>J\u00e9zus, Sir\u00e1k fia k\u00f6nyve ism\u00e9t seg\u00edts\u00e9g\u00fcnkre siet: a leggyeng\u00e9bbek t\u00e1mogat\u00e1s\u00e1ra konkr\u00e9t tetteket javasol, szuggeszt\u00edv k\u00e9peket haszn\u00e1lva. El\u0151sz\u00f6r a gy\u00e1sz miatti gyenges\u00e9gr\u0151l \u00edr: \u201eAzokt\u00f3l, akik s\u00edrnak, ne h\u00faz\u00f3dj\u00e1l f\u00e9lre\u201d (7,34). A vil\u00e1gj\u00e1rv\u00e1ny id\u0151szaka mindannyiunkat bez\u00e1rk\u00f3z\u00e1sra k\u00e9nyszer\u00edtett; m\u00e9g azt is megakad\u00e1lyozta, hogy vigasztal\u00e1st ny\u00fajtsunk \u00e9s t\u00e1rs\u00e1ul szeg\u0151dj\u00fcnk olyan bar\u00e1toknak \u00e9s ismer\u0151s\u00f6knek, akik elvesz\u00edtett szeretteiket gy\u00e1szolj\u00e1k. A bibliai szerz\u0151 \u00edgy folytatja: \u201eNe l\u00e9gy rest, hanem l\u00e1togasd meg a betegeket\u201d (7,35). Meg kellett tapasztalnunk, hogy nem tudunk ott \u00e1llni a szenved\u0151k mellett, ugyanakkor l\u00e9tez\u00e9s\u00fcnk t\u00f6r\u00e9kenys\u00e9ge is tudatoss\u00e1 v\u00e1lt sz\u00e1munkra. Isten Ig\u00e9je teh\u00e1t soha nem hagy nyugodni \u00e9s tov\u00e1bbra is a j\u00f3ra \u00f6szt\u00f6n\u00f6z benn\u00fcnket.<\/p>\n\n\n\n<ol class=\"wp-block-list\" start=\"9\"><li>\u201eA szeg\u00e9ny fel\u00e9 is ny\u00fajtsd ki a kezedet\u201d \u2013 hangs\u00falyos ellent\u00e9tben azoknak a viselked\u00e9s\u00e9vel, akik zsebre dugj\u00e1k a kez\u00fcket \u00e9s nem engedik, hogy meg\u00e9rintse \u0151ket a szeg\u00e9nys\u00e9g, amely\u00e9rt pedig gyakran maguk is felel\u0151sek. Mindennapi kenyer\u00fck a k\u00f6z\u00f6mb\u00f6ss\u00e9g \u00e9s a cinizmus. Mekkora k\u00fcl\u00f6nbs\u00e9g azokkal a kezekkel szemben, amelyekr\u0151l kor\u00e1bban \u00edrtunk! Mert vannak kiny\u00fajtott kezek, amelyek a sz\u00e1m\u00edt\u00f3g\u00e9p billenty\u0171zet\u00e9n sz\u00e1guldanak \u00e9s p\u00e9nzeket mozgatnak a vil\u00e1g egyik pontj\u00e1b\u00f3l a m\u00e1sikba, n\u00f6velve ez\u00e1ltal egyes oligarch\u00e1k gazdags\u00e1g\u00e1t, valamint t\u00f6megek nyomor\u00e1t vagy eg\u00e9sz nemzetek \u00f6sszeoml\u00e1s\u00e1t okozva. Vannak kiny\u00fajtott kezek, amelyek p\u00e9nzt halmoznak fel fegyverek elad\u00e1s\u00e1val, amelyeket m\u00e1s (k\u00f6zt\u00fck gyermek-)kezek arra haszn\u00e1lnak, hogy hal\u00e1lt \u00e9s szeg\u00e9nys\u00e9get vessenek. Vannak kiny\u00fajtott kezek, amelyek titokban hal\u00e1los szereket adnak \u00e1t, hogy gazdagodjanak, luxusban \u00e9s pillanatnyi \u00e9lvezetekben \u00e9ljenek. Vannak kiny\u00fajtott kezek, amelyek illeg\u00e1lis el\u0151ny\u00f6ket ny\u00fajtanak a gyors \u00e9s korrupt nyeres\u00e9g \u00e9rdek\u00e9ben. \u00c9s vannak, nem is kevesen, kiny\u00fajtott kezek, amelyek tiszteletrem\u00e9lt\u00f3s\u00e1got sz\u00ednlelve olyan t\u00f6rv\u00e9nyeket \u00edrnak, amelyeket maguk nem tartanak be.<\/li><\/ol>\n\n\n\n<p>Ebben a k\u00f6rnyezetben \u201ea kirekesztettek tov\u00e1bbra is v\u00e1rakoznak. Annak \u00e9rdek\u00e9ben, hogy fenntarthat\u00f3 legyen a m\u00e1sokat kirekeszt\u0151 \u00e9letst\u00edlus, vagy hogy ezzel az \u00f6nz\u0151 eszm\u00e9nnyel lehessen fellelkes\u00edteni magunkat, kialakult a k\u00f6z\u00f6mb\u00f6ss\u00e9g globaliz\u00e1ci\u00f3ja. Mintha \u00e9szre se vett\u00fck volna, r\u00e9szv\u00e9tlenn\u00e9 v\u00e1lunk m\u00e1sok f\u00e1jdalomki\u00e1lt\u00e1sa hallat\u00e1n; m\u00e1r nem s\u00edrunk m\u00e1sok dr\u00e1m\u00e1ja miatt, \u00e9s nem is \u00e9rdekel benn\u00fcnket, hogy seg\u00edts\u00fcnk rajtuk: mintha semmi k\u00f6z\u00fcnk nem volna hozz\u00e1juk, \u00e9s nem tartozna r\u00e1nk\u201d (Evangelii gaudium apostoli buzd\u00edt\u00e1s, 54.). Nem lehet\u00fcnk el\u00e9gedettek mindaddig, am\u00edg a kezek, amelyek a hal\u00e1lt vetik, nem v\u00e1ltoznak \u00e1t az igazs\u00e1goss\u00e1g \u00e9s a b\u00e9ke eszk\u00f6z\u00e9v\u00e9 az eg\u00e9sz vil\u00e1g sz\u00e1m\u00e1ra.<\/p>\n\n\n\n<ol class=\"wp-block-list\" start=\"10\"><li>\u201eB\u00e1rmit teszel, gondolj hal\u00e1lodra\u201d (Sir 7,36). Ezzel z\u00e1rja gondolatait J\u00e9zus, Sir\u00e1k fia. A sz\u00f6veg k\u00e9t \u00e9rtelmez\u00e9st tesz lehet\u0151v\u00e9. Az els\u0151 azt hangs\u00falyozza, hogy mindig szem el\u0151tt kell tartanunk \u00e9let\u00fcnk v\u00e9g\u00e9t. A k\u00f6z\u00f6s sorsunkon val\u00f3 elgondolkod\u00e1s el\u0151seg\u00edtheti a tudatos viselked\u00e9st azokkal szemben, akik szeg\u00e9nyebbek \u00e9s akik nem rendelkeznek ugyanazokkal a lehet\u0151s\u00e9gekkel, mint mi. Van egy m\u00e1sik \u00e9rtelmez\u00e9s is, ami sokkal ink\u00e1bb a c\u00e9lt hangs\u00falyozza, amely fel\u00e9 mindannyian tartunk. Az \u00e9let\u00fcnk c\u00e9lj\u00e1r\u00f3l van sz\u00f3, amely egy terv megval\u00f3s\u00edt\u00e1s\u00e1t \u00e9s egy \u00fat f\u00e1radhatatlan v\u00e9gigj\u00e1r\u00e1s\u00e1t k\u00edv\u00e1nja meg. Minden munk\u00e1lkod\u00e1sunk c\u00e9lja csak a szeretet lehet. Ez az a c\u00e9l, ami fel\u00e9 \u00fatnak indulunk \u00e9s semmi sem t\u00e9r\u00edthet el t\u0151le. Ez a szeretet megoszt\u00e1st, odaad\u00e1st \u00e9s szolg\u00e1latot jelent, de azzal a felfedez\u00e9ssel kezd\u0151dik, hogy el\u0151bb szerettek minket \u00e9s a szeretetre kaptunk megh\u00edv\u00e1st. Ez val\u00f3sul meg akkor, amikor a gyermek \u00e9desanyja mosoly\u00e1t l\u00e1tva felismeri, hogy szeretik, csak az\u00e9rt, mert l\u00e9tezik. Az a mosoly is, amelyet egy szeg\u00e9ny embernek adunk, a szeretet forr\u00e1sa \u00e9s lehet\u0151s\u00e9get nyit arra, hogy \u00f6r\u00f6mben \u00e9lj\u00fcnk. Ez\u00e9rt a kiny\u00fajtott kezek mindig gazdagodhatnak azok mosoly\u00e1t\u00f3l, akik nem hangoztatj\u00e1k jelenl\u00e9t\u00fcket \u00e9s seg\u00edts\u00e9g\u00fcket, hanem egyszer\u0171en csak boldogok att\u00f3l, hogy Krisztus tan\u00edtv\u00e1nyainak m\u00f3dj\u00e1n \u00e9lnek.<\/li><\/ol>\n\n\n\n<p>K\u00eds\u00e9rjen minket Isten Anyja azon az \u00faton, amelyen a szeg\u00e9nyekkel naponta tal\u00e1lkozunk, aki mindenki m\u00e1sn\u00e1l ink\u00e1bb a szeg\u00e9nyek \u00e9desanyja. Sz\u0171z M\u00e1ria k\u00f6zvetlen k\u00f6zelr\u0151l ismeri a kirekesztettek neh\u00e9zs\u00e9geit \u00e9s szenved\u00e9seit, hiszen neki egy ist\u00e1ll\u00f3ban kellett Isten Fi\u00e1t megsz\u00fclnie. Her\u00f3des fenyeget\u00e9se miatt menek\u00fclt egy idegen orsz\u00e1gba jegyes\u00e9vel, J\u00f3zseffel \u00e9s a kisded J\u00e9zussal \u2013 a Szent Csal\u00e1d \u00e9vekig menek\u00fcltk\u00e9nt \u00e9lte \u00e9let\u00e9t. A Szeg\u00e9nyek Anyj\u00e1hoz sz\u00f3l\u00f3 ima egyes\u00edtse szeretett gyermekeit \u00e9s mindazokat, akik Krisztus nev\u00e9ben szolg\u00e1lj\u00e1k \u0151ket \u00e9s alak\u00edtsa ki a kiny\u00fajtott kezekb\u0151l a felismert testv\u00e9ris\u00e9g k\u00f6z\u00f6s \u00f6lel\u00e9s\u00e9t.<\/p>\n\n\n\n<p>Kelt R\u00f3m\u00e1ban, a Later\u00e1ni Szent J\u00e1nosn\u00e1l, 2020. j\u00fanius 13-\u00e1n, P\u00e1duai Szent Antal eml\u00e9knapj\u00e1n.<\/p>\n\n\n\n<p>Ferenc<\/p>\n\n\n\n<p>forr\u00e1s: <a href=\"https:\/\/katolikus.hu\/cikk\/ferenc-papa-uzenete-a-szegenyek-vilagnapjara-13435598\" target=\"_blank\" rel=\"noreferrer noopener\">Magyar Katolikus Egyh\u00e1z<\/a><\/p>\n","protected":false},"excerpt":{"rendered":"<p>Id\u00e9n az Egyh\u00e1zban a szeg\u00e9nyek vil\u00e1gnapj\u00e1t november 15-\u00e9n, az \u00e9vk\u00f6zi 33. vas\u00e1rnapon tartjuk. Ferenc p\u00e1p\u00e1nak a vil\u00e1gnapra \u00edrt \u00fczenet\u00e9t olvashatj\u00e1k, amely \u201eA szeg\u00e9ny fel\u00e9 is ny\u00fajtsd ki a kezedet\u201d (v\u00f6. Sir 7,32) c\u00edmmel jelent meg.<\/p>\n","protected":false},"author":1,"featured_media":0,"comment_status":"closed","ping_status":"open","sticky":false,"template":"","format":"standard","meta":{"footnotes":""},"categories":[1],"tags":[],"class_list":["post-499","post","type-post","status-publish","format-standard","hentry","category-egyeb"],"_links":{"self":[{"href":"https:\/\/balatonkeresztur.plebania.hu\/index.php\/wp-json\/wp\/v2\/posts\/499","targetHints":{"allow":["GET"]}}],"collection":[{"href":"https:\/\/balatonkeresztur.plebania.hu\/index.php\/wp-json\/wp\/v2\/posts"}],"about":[{"href":"https:\/\/balatonkeresztur.plebania.hu\/index.php\/wp-json\/wp\/v2\/types\/post"}],"author":[{"embeddable":true,"href":"https:\/\/balatonkeresztur.plebania.hu\/index.php\/wp-json\/wp\/v2\/users\/1"}],"replies":[{"embeddable":true,"href":"https:\/\/balatonkeresztur.plebania.hu\/index.php\/wp-json\/wp\/v2\/comments?post=499"}],"version-history":[{"count":1,"href":"https:\/\/balatonkeresztur.plebania.hu\/index.php\/wp-json\/wp\/v2\/posts\/499\/revisions"}],"predecessor-version":[{"id":500,"href":"https:\/\/balatonkeresztur.plebania.hu\/index.php\/wp-json\/wp\/v2\/posts\/499\/revisions\/500"}],"wp:attachment":[{"href":"https:\/\/balatonkeresztur.plebania.hu\/index.php\/wp-json\/wp\/v2\/media?parent=499"}],"wp:term":[{"taxonomy":"category","embeddable":true,"href":"https:\/\/balatonkeresztur.plebania.hu\/index.php\/wp-json\/wp\/v2\/categories?post=499"},{"taxonomy":"post_tag","embeddable":true,"href":"https:\/\/balatonkeresztur.plebania.hu\/index.php\/wp-json\/wp\/v2\/tags?post=499"}],"curies":[{"name":"wp","href":"https:\/\/api.w.org\/{rel}","templated":true}]}}