{"id":496,"date":"2020-11-10T18:22:41","date_gmt":"2020-11-10T18:22:41","guid":{"rendered":"http:\/\/balatonkeresztur.plebania.hu\/?p=496"},"modified":"2020-11-10T18:23:42","modified_gmt":"2020-11-10T18:23:42","slug":"varga-laszlo-megyespuspok-kiegeszito-rendelkezesei-az-mkpk-kozlemenyehez","status":"publish","type":"post","link":"https:\/\/balatonkeresztur.plebania.hu\/index.php\/2020\/11\/10\/varga-laszlo-megyespuspok-kiegeszito-rendelkezesei-az-mkpk-kozlemenyehez\/","title":{"rendered":"Varga L\u00e1szl\u00f3 megy\u00e9sp\u00fcsp\u00f6k kieg\u00e9sz\u00edt\u0151 rendelkez\u00e9sei az MKPK k\u00f6zlem\u00e9ny\u00e9hez"},"content":{"rendered":"\n<p>A Kaposv\u00e1ri Egyh\u00e1zmegy\u00e9ben sz\u00e1mos h\u00edv\u0151 \u00e9s paptestv\u00e9r k\u00e9rd\u00e9s\u00e9re v\u00e1laszolva az MKPK 2020. november 9-i j\u00e1rv\u00e1ny\u00fcgyi k\u00f6zlem\u00e9ny\u00e9nek kieg\u00e9sz\u00edt\u00e9sek\u00e9nt az al\u00e1bbi rendelkez\u00e9seket hoztam:<\/p>\n\n\n\n<!--more-->\n\n\n\n<p>A k\u00f6zelg\u0151 \u00fcnnepekre tekintettel visszavon\u00e1sig felhatalmaz\u00e1st adok minden gy\u00f3ntat\u00e1si fakultat\u00e1ssal rendelkez\u0151 papnak, hogy a tavasszal meghirdetett felt\u00e9telekkel \u00e1ltal\u00e1nos feloldoz\u00e1st adjanak. Ilyenkor is sz\u00fcks\u00e9ges a h\u00edv\u0151k r\u00e9sz\u00e9r\u0151l a b\u0171nb\u00e1nat \u00e9s a s\u00falyos b\u0171n\u00f6k miel\u0151bbi szem\u00e9lyes megvall\u00e1s\u00e1nak sz\u00e1nd\u00e9ka.<\/p>\n\n\n\n<p>Egyh\u00e1zmegy\u00e9nkben a pl\u00e9b\u00e1ni\u00e1kon a k\u00f6z\u00f6ss\u00e9gi programokat \u00e9s oktat\u00e1sokat fel kell f\u00fcggeszteni, ha lehets\u00e9ges, online k\u00f6zvet\u00edt\u00e9ssel kell azokat p\u00f3tolni.<\/p>\n\n\n\n<p>A pl\u00e9b\u00e1niai irod\u00e1kban az \u00fcgyint\u00e9z\u00e9s online form\u00e1ban t\u00f6rt\u00e9njen, \u00e9s csak a legsz\u00fcks\u00e9gesebb esetekben legyen szem\u00e9lyes kontakt.<\/p>\n\n\n\n<p>A templomokban olyan m\u00f3don alak\u00edtsuk ki az \u00fcl\u00e9srendet, hogy a 1,5 m\u00e9teres t\u00e1vols\u00e1g a h\u00edvek k\u00f6z\u00f6tt megtarthat\u00f3 legyen. A templomokban csak eg\u00e9szs\u00e9ges \u00e9s szab\u00e1lyosan (orrot \u00e9s sz\u00e1jat is takar\u00f3) maszkot visel\u0151 h\u00edv\u0151 tart\u00f3zkodhat.<\/p>\n\n\n\n<p>A templomokat szentmis\u00e9k k\u00f6z\u00f6tt alkalmas m\u00f3don szell\u0151ztetni \u00e9s fert\u0151tlen\u00edteni kell.<\/p>\n\n\n\n<p>A vas\u00e1rnapi szentmis\u00e9n val\u00f3 r\u00e9szv\u00e9tel k\u00f6telezetts\u00e9ge al\u00f3l tov\u00e1bbi int\u00e9zked\u00e9sig felment\u00e9st adok mindazoknak, akiknek a r\u00e9szv\u00e9tel komoly neh\u00e9zs\u00e9get vagy kock\u00e1zatot okozna.<\/p>\n\n\n\n<p>A pl\u00e9b\u00e1nosok a szentmis\u00e9k rendj\u00e9t a helyzetnek megfelel\u0151en alak\u00edthatj\u00e1k. Amennyiben a pl\u00e9b\u00e1ni\u00e1n szolg\u00e1l\u00f3 pap megbetegszik vagy karant\u00e9nba ker\u00fcl, \u00e9rtes\u00edteni kell az esperest. Ahol mis\u00e9z\u0151t nem tudnak biztos\u00edtani, igeliturgia tart\u00e1s\u00e1ra k\u00e9rjenek fel diak\u00f3nusokat illetve akolitusokat.<\/p>\n\n\n\n<p>Im\u00e1dkozom az\u00e9rt, hogy a j\u00e1rv\u00e1ny megpr\u00f3b\u00e1ltat\u00e1sa miel\u0151bb v\u00e9get \u00e9rjen, k\u00e9rem Istent\u0151l, hogy fogadja elhunytainkat az \u00f6r\u00f6k boldogs\u00e1gba, betegeinknek adjon gy\u00f3gyul\u00e1st, az \u00e9rt\u00fck f\u00e1radoz\u00f3knak pedig er\u0151t \u00e9s \u00f6r\u00f6met a szeretet szolg\u00e1lat\u00e1ban.<\/p>\n\n\n\n<p>Kaposv\u00e1r, 2020. november 9.<\/p>\n\n\n\n<p>+ Varga L\u00e1szl\u00f3<br>megy\u00e9sp\u00fcsp\u00f6k<\/p>\n\n\n\n<p>forr\u00e1s: <a rel=\"noreferrer noopener\" href=\"https:\/\/kaposvar.egyhazmegye.hu\/index.php\/hirek\/item\/609-varga-laszlo-megyespuspok-kiegeszito-rendelkezesei-az-mkpk-kozlemenyehez\" target=\"_blank\">Kaposv\u00e1ri Egyh\u00e1zmegye<\/a><\/p>\n\n\n\n<p><a href=\"https:\/\/katolikus.hu\/cikk\/az-mkpk-kozlemenye-62799764\" target=\"_blank\" rel=\"noreferrer noopener\">Az MKPK k\u00f6zlem\u00e9nye itt olvashat\u00f3.<\/a><\/p>\n","protected":false},"excerpt":{"rendered":"<p>A Kaposv\u00e1ri Egyh\u00e1zmegy\u00e9ben sz\u00e1mos h\u00edv\u0151 \u00e9s paptestv\u00e9r k\u00e9rd\u00e9s\u00e9re v\u00e1laszolva az MKPK 2020. november 9-i j\u00e1rv\u00e1ny\u00fcgyi k\u00f6zlem\u00e9ny\u00e9nek kieg\u00e9sz\u00edt\u00e9sek\u00e9nt az al\u00e1bbi rendelkez\u00e9seket hoztam:<\/p>\n","protected":false},"author":1,"featured_media":0,"comment_status":"closed","ping_status":"open","sticky":false,"template":"","format":"standard","meta":{"footnotes":""},"categories":[1],"tags":[],"class_list":["post-496","post","type-post","status-publish","format-standard","hentry","category-egyeb"],"_links":{"self":[{"href":"https:\/\/balatonkeresztur.plebania.hu\/index.php\/wp-json\/wp\/v2\/posts\/496","targetHints":{"allow":["GET"]}}],"collection":[{"href":"https:\/\/balatonkeresztur.plebania.hu\/index.php\/wp-json\/wp\/v2\/posts"}],"about":[{"href":"https:\/\/balatonkeresztur.plebania.hu\/index.php\/wp-json\/wp\/v2\/types\/post"}],"author":[{"embeddable":true,"href":"https:\/\/balatonkeresztur.plebania.hu\/index.php\/wp-json\/wp\/v2\/users\/1"}],"replies":[{"embeddable":true,"href":"https:\/\/balatonkeresztur.plebania.hu\/index.php\/wp-json\/wp\/v2\/comments?post=496"}],"version-history":[{"count":2,"href":"https:\/\/balatonkeresztur.plebania.hu\/index.php\/wp-json\/wp\/v2\/posts\/496\/revisions"}],"predecessor-version":[{"id":498,"href":"https:\/\/balatonkeresztur.plebania.hu\/index.php\/wp-json\/wp\/v2\/posts\/496\/revisions\/498"}],"wp:attachment":[{"href":"https:\/\/balatonkeresztur.plebania.hu\/index.php\/wp-json\/wp\/v2\/media?parent=496"}],"wp:term":[{"taxonomy":"category","embeddable":true,"href":"https:\/\/balatonkeresztur.plebania.hu\/index.php\/wp-json\/wp\/v2\/categories?post=496"},{"taxonomy":"post_tag","embeddable":true,"href":"https:\/\/balatonkeresztur.plebania.hu\/index.php\/wp-json\/wp\/v2\/tags?post=496"}],"curies":[{"name":"wp","href":"https:\/\/api.w.org\/{rel}","templated":true}]}}