{"id":491,"date":"2020-11-07T14:59:10","date_gmt":"2020-11-07T14:59:10","guid":{"rendered":"http:\/\/balatonkeresztur.plebania.hu\/?p=491"},"modified":"2021-05-08T06:24:39","modified_gmt":"2021-05-08T06:24:39","slug":"miserend-valtozas-2","status":"publish","type":"post","link":"https:\/\/balatonkeresztur.plebania.hu\/index.php\/2020\/11\/07\/miserend-valtozas-2\/","title":{"rendered":"Miserend v\u00e1ltoz\u00e1s"},"content":{"rendered":"\n<p><strong>November 8-\u00e1t\u00f3l csak vas\u00e1rnap lesznek szentmis\u00e9k!<\/strong><\/p>\n\n\n\n<!--more-->\n\n\n\n<p>A j\u00e1rv\u00e1ny gyorsul\u00f3 terjed\u00e9se, az \u00e1ldozatok n\u00f6vekv\u0151 sz\u00e1ma miatt \u00fajabb egyh\u00e1zi rendelkez\u00e9sek jelennek meg. <\/p>\n\n\n\n<p>Ami eddig is er\u0151sen aj\u00e1nlott volt (<strong><u>t\u00e1vols\u00e1gtart\u00e1s, maszk, fert\u0151tlen\u00edt\u00e9s<\/u><\/strong>), mostant\u00f3l a felebar\u00e1t \u00e9s az \u00e9let szeretete \u00e9s tisztelete miatt <strong><u>k\u00f6telez\u0151<\/u><\/strong>!&nbsp;<strong>Aki \u00f6nmag\u00e1n ak\u00e1r csak gyan\u00fas t\u00fcneteket is \u00e9szlel, vagy kontaktba ker\u00fclt igazolt covid-fert\u0151z\u00f6ttel, \u00f6nmaga \u00e9s m\u00e1sok v\u00e9delm\u00e9nek \u00e9rdek\u00e9ben ne menjen k\u00f6z\u00f6ss\u00e9gbe, ne j\u00f6jj\u00f6n szentmis\u00e9re<\/strong>, vonuljon karant\u00e9nba, vagy legal\u00e1bb konzult\u00e1ljon telefonon a h\u00e1ziorvos\u00e1val a sz\u00fcks\u00e9ges teend\u0151kr\u0151l!<\/p>\n\n\n\n<p>Emiatt a h\u00e9tk\u00f6znapi szentmis\u00e9k sz\u00fcnetelnek pl\u00e9b\u00e1ni\u00e1nk templomaiban. A miserend \u00edgy alakul:<\/p>\n\n\n\n<p>Balatonfenyvesen a Szent Erzs\u00e9bet pl\u00e9b\u00e1niatemplomban <strong>\u00e1prilisig nincs szentmise!!!<\/strong><\/p>\n\n\n\n<p>Balatonfenyves-als\u00f3n a Sz\u0171z M\u00e1ria Szent Sz\u00edve templomban <strong>9<sup>15<\/sup>kor<\/strong><\/p>\n\n\n\n<p>Balatonkereszt\u00faron a Szent Kereszt Felmagasztal\u00e1sa pl\u00e9b\u00e1niatemplomban <strong>11 \u00f3rakor<\/strong><\/p>\n\n\n\n<p>Balatonm\u00e1riaf\u00fcrd\u0151n a Nagyboldogasszony templomban <strong>17 \u00f3rakor<\/strong><\/p>\n\n\n\n<p>kezd\u0151dnek a szentmis\u00e9k.<\/p>\n\n\n\n<p>Szerd\u00e1nk\u00e9nt hivatali id\u0151 sem lesz, telefonon, illetve e-mail \u00fatj\u00e1n (h\u00e9tf\u0151 kiv\u00e9tel\u00e9vel) tov\u00e1bbra is el\u00e9rhet\u0151 vagyok.<\/p>\n","protected":false},"excerpt":{"rendered":"<p>November 8-\u00e1t\u00f3l csak vas\u00e1rnap lesznek szentmis\u00e9k!<\/p>\n","protected":false},"author":1,"featured_media":0,"comment_status":"closed","ping_status":"closed","sticky":false,"template":"","format":"standard","meta":{"footnotes":""},"categories":[1],"tags":[],"class_list":["post-491","post","type-post","status-publish","format-standard","hentry","category-egyeb"],"_links":{"self":[{"href":"https:\/\/balatonkeresztur.plebania.hu\/index.php\/wp-json\/wp\/v2\/posts\/491","targetHints":{"allow":["GET"]}}],"collection":[{"href":"https:\/\/balatonkeresztur.plebania.hu\/index.php\/wp-json\/wp\/v2\/posts"}],"about":[{"href":"https:\/\/balatonkeresztur.plebania.hu\/index.php\/wp-json\/wp\/v2\/types\/post"}],"author":[{"embeddable":true,"href":"https:\/\/balatonkeresztur.plebania.hu\/index.php\/wp-json\/wp\/v2\/users\/1"}],"replies":[{"embeddable":true,"href":"https:\/\/balatonkeresztur.plebania.hu\/index.php\/wp-json\/wp\/v2\/comments?post=491"}],"version-history":[{"count":3,"href":"https:\/\/balatonkeresztur.plebania.hu\/index.php\/wp-json\/wp\/v2\/posts\/491\/revisions"}],"predecessor-version":[{"id":538,"href":"https:\/\/balatonkeresztur.plebania.hu\/index.php\/wp-json\/wp\/v2\/posts\/491\/revisions\/538"}],"wp:attachment":[{"href":"https:\/\/balatonkeresztur.plebania.hu\/index.php\/wp-json\/wp\/v2\/media?parent=491"}],"wp:term":[{"taxonomy":"category","embeddable":true,"href":"https:\/\/balatonkeresztur.plebania.hu\/index.php\/wp-json\/wp\/v2\/categories?post=491"},{"taxonomy":"post_tag","embeddable":true,"href":"https:\/\/balatonkeresztur.plebania.hu\/index.php\/wp-json\/wp\/v2\/tags?post=491"}],"curies":[{"name":"wp","href":"https:\/\/api.w.org\/{rel}","templated":true}]}}