{"id":488,"date":"2020-10-24T17:42:57","date_gmt":"2020-10-24T17:42:57","guid":{"rendered":"http:\/\/balatonkeresztur.plebania.hu\/?p=488"},"modified":"2020-10-24T17:42:57","modified_gmt":"2020-10-24T17:42:57","slug":"egesz-novemberben-teljes-bucsut-lehet-szerezni","status":"publish","type":"post","link":"https:\/\/balatonkeresztur.plebania.hu\/index.php\/2020\/10\/24\/egesz-novemberben-teljes-bucsut-lehet-szerezni\/","title":{"rendered":"Eg\u00e9sz novemberben teljes b\u00facs\u00fat lehet szerezni"},"content":{"rendered":"\n<p>Okt\u00f3ber 22-\u00e9n, Szent II. J\u00e1nos P\u00e1l p\u00e1pa liturgikus eml\u00e9knapj\u00e1n az Apostoli Penitenci\u00e1ria r\u00f6vid dekr\u00e9tumot tett k\u00f6zz\u00e9, mely a vil\u00e1gj\u00e1rv\u00e1ny rendk\u00edv\u00fcli k\u00f6r\u00fclm\u00e9nyeire alkalmazza a mindenszentek \u00e9s halottak napja \u00fcnnepeihez kapcsol\u00f3d\u00f3 teljes b\u00facs\u00fa elnyer\u00e9s\u00e9nek felt\u00e9teleit. Az \u00e9rv\u00e9nyes \u00e9s k\u00f6telez\u0151 lelki felt\u00e9telek betart\u00e1s\u00e1val eg\u00e9sz novemberben teljes b\u00facs\u00fat lehet szerezni az elhunyt lelkek jav\u00e1ra.<\/p>\n\n\n\n<!--more-->\n\n\n\n<p>A dekr\u00e9tum bevezet\u0151je megeml\u00edti, hogy a Covid-19-j\u00e1rv\u00e1ny miatt id\u00e9n sz\u00e1mos k\u00e9r\u00e9s \u00e9rkezett a paps\u00e1g r\u00e9sz\u00e9r\u0151l az Apostoli Penitenci\u00e1ri\u00e1hoz, hogy v\u00e1ltoztass\u00e1k meg a teljes b\u00facs\u00fa elnyer\u00e9s\u00e9nek lehet\u0151s\u00e9geit a tiszt\u00edt\u00f3t\u0171zben szenved\u0151 lelkek jav\u00e1ra, <em>A b\u00facs\u00fak k\u00e9zik\u00f6nyv\u00e9<\/em>nek norm\u00e1i szerint.<\/p>\n\n\n\n<p>Ennek alapj\u00e1n \u2013 tekintettel a csoportosul\u00e1sok k\u00f6telez\u0151 elker\u00fcl\u00e9s\u00e9re \u2013 az Apostoli Penitenci\u00e1ria Ferenc p\u00e1pa k\u00fcl\u00f6nleges rendelkez\u00e9se r\u00e9v\u00e9n meg\u00e1llap\u00edtja \u00e9s elrendeli erre az \u00e9vre: a teljes b\u00facs\u00fat azoknak, akik temet\u0151t l\u00e1togatnak, \u00e9s im\u00e1dkoznak az elhunytak\u00e9rt a szab\u00e1ly szerint meg\u00e1llap\u00edtott napokon november 1. \u00e9s 8. k\u00f6z\u00f6tt, amit most kiterjesztenek a h\u00f3nap v\u00e9g\u00e9ig. Ebben az id\u0151szakban a h\u00edvek ehhez szabadon v\u00e1laszthatnak alkalmas napot, \u00e9s k\u00fcl\u00f6n-k\u00fcl\u00f6n is mehetnek temet\u0151be.<\/p>\n\n\n\n<p>November 2-\u00e1n, halottak napj\u00e1n, az elhunyt lelkekre val\u00f3 eml\u00e9kez\u00e9s kapcs\u00e1n teljes b\u00facs\u00fat nyernek azok, akik vall\u00e1sos lelk\u00fclettel templomot vagy k\u00e1poln\u00e1t l\u00e1togatnak, elim\u00e1dkozz\u00e1k a Miaty\u00e1nkot \u00e9s a Hiszekegyet. Ez a gyakorlat most \u00e1thelyezhet\u0151 nemcsak a Mindenszentek \u00fcnnep\u00e9t megel\u0151z\u0151 \u00e9s k\u00f6vet\u0151 vas\u00e1rnapokra, hanem november szabadon v\u00e1lasztott b\u00e1rmelyik napj\u00e1ra.<\/p>\n\n\n\n<p>Az id\u0151sek, a betegek \u00e9s mindazok, akik s\u00falyos okn\u00e1l fogva nem hagyhatj\u00e1k el a lak\u00e1sukat (p\u00e9ld\u00e1ul a pand\u00e9mia miatt elrendelt hat\u00f3s\u00e1gi korl\u00e1toz\u00e1sok k\u00f6vetkezt\u00e9ben, hogy elker\u00fclj\u00e9k a szent helyeken a csoportosul\u00e1s lehet\u0151s\u00e9g\u00e9t) teljes b\u00facs\u00fat nyerhetnek, ha \u2013 lelkileg a t\u00f6bbi h\u00edv\u0151vel val\u00f3 egys\u00e9gben, szak\u00edtva a b\u0171nnel \u2013 sz\u00e1nd\u00e9kuk szerint k\u00e9szek a h\u00e1rom szok\u00e1sos felt\u00e9telt elv\u00e9gezni: a szentgy\u00f3n\u00e1st, a szent\u00e1ldoz\u00e1st \u00e9s a Szentatya sz\u00e1nd\u00e9k\u00e1ra v\u00e9gzett im\u00e1ds\u00e1got.<\/p>\n\n\n\n<p>b\u0151vebben: <a href=\"https:\/\/www.magyarkurir.hu\/hirek\/egesz-novemberre-kiterjesztik-halottak-napi-bucsu-elnyeresenek-lehetoseget\" target=\"_blank\" rel=\"noreferrer noopener\">Magyar Kur\u00edr<\/a><\/p>\n\n\n\n<p><\/p>\n","protected":false},"excerpt":{"rendered":"<p>Okt\u00f3ber 22-\u00e9n, Szent II. J\u00e1nos P\u00e1l p\u00e1pa liturgikus eml\u00e9knapj\u00e1n az Apostoli Penitenci\u00e1ria r\u00f6vid dekr\u00e9tumot tett k\u00f6zz\u00e9, mely a vil\u00e1gj\u00e1rv\u00e1ny rendk\u00edv\u00fcli k\u00f6r\u00fclm\u00e9nyeire alkalmazza a mindenszentek \u00e9s halottak napja \u00fcnnepeihez kapcsol\u00f3d\u00f3 teljes b\u00facs\u00fa elnyer\u00e9s\u00e9nek felt\u00e9teleit. Az \u00e9rv\u00e9nyes \u00e9s k\u00f6telez\u0151 lelki felt\u00e9telek betart\u00e1s\u00e1val &hellip; <a href=\"https:\/\/balatonkeresztur.plebania.hu\/index.php\/2020\/10\/24\/egesz-novemberben-teljes-bucsut-lehet-szerezni\/\">Egy kattint\u00e1s ide a folytat\u00e1shoz&#8230;. <span class=\"meta-nav\">&rarr;<\/span><\/a><\/p>\n","protected":false},"author":1,"featured_media":0,"comment_status":"closed","ping_status":"open","sticky":false,"template":"","format":"standard","meta":{"footnotes":""},"categories":[1],"tags":[],"class_list":["post-488","post","type-post","status-publish","format-standard","hentry","category-egyeb"],"_links":{"self":[{"href":"https:\/\/balatonkeresztur.plebania.hu\/index.php\/wp-json\/wp\/v2\/posts\/488","targetHints":{"allow":["GET"]}}],"collection":[{"href":"https:\/\/balatonkeresztur.plebania.hu\/index.php\/wp-json\/wp\/v2\/posts"}],"about":[{"href":"https:\/\/balatonkeresztur.plebania.hu\/index.php\/wp-json\/wp\/v2\/types\/post"}],"author":[{"embeddable":true,"href":"https:\/\/balatonkeresztur.plebania.hu\/index.php\/wp-json\/wp\/v2\/users\/1"}],"replies":[{"embeddable":true,"href":"https:\/\/balatonkeresztur.plebania.hu\/index.php\/wp-json\/wp\/v2\/comments?post=488"}],"version-history":[{"count":1,"href":"https:\/\/balatonkeresztur.plebania.hu\/index.php\/wp-json\/wp\/v2\/posts\/488\/revisions"}],"predecessor-version":[{"id":489,"href":"https:\/\/balatonkeresztur.plebania.hu\/index.php\/wp-json\/wp\/v2\/posts\/488\/revisions\/489"}],"wp:attachment":[{"href":"https:\/\/balatonkeresztur.plebania.hu\/index.php\/wp-json\/wp\/v2\/media?parent=488"}],"wp:term":[{"taxonomy":"category","embeddable":true,"href":"https:\/\/balatonkeresztur.plebania.hu\/index.php\/wp-json\/wp\/v2\/categories?post=488"},{"taxonomy":"post_tag","embeddable":true,"href":"https:\/\/balatonkeresztur.plebania.hu\/index.php\/wp-json\/wp\/v2\/tags?post=488"}],"curies":[{"name":"wp","href":"https:\/\/api.w.org\/{rel}","templated":true}]}}