{"id":483,"date":"2020-10-17T16:12:04","date_gmt":"2020-10-17T16:12:04","guid":{"rendered":"http:\/\/balatonkeresztur.plebania.hu\/?p=483"},"modified":"2020-10-17T16:12:04","modified_gmt":"2020-10-17T16:12:04","slug":"a-szentatya-ferenc-papa-uzenete-a-2020-evi-missziok-vasarnapjara","status":"publish","type":"post","link":"https:\/\/balatonkeresztur.plebania.hu\/index.php\/2020\/10\/17\/a-szentatya-ferenc-papa-uzenete-a-2020-evi-missziok-vasarnapjara\/","title":{"rendered":"A Szentatya, Ferenc p\u00e1pa \u00fczenete a 2020. \u00e9vi misszi\u00f3k vas\u00e1rnapj\u00e1ra"},"content":{"rendered":"\n<p>\u201eMenjetek, tegyetek tan\u00edtv\u00e1nyomm\u00e1 minden n\u00e9pet!\u201d \u2013 mondta J\u00e9zus tan\u00edtv\u00e1nyainak. E felh\u00edv\u00e1st k\u00f6vetik a vil\u00e1g sz\u00e1mos orsz\u00e1g\u00e1ban tev\u00e9kenyked\u0151 misszion\u00e1riusok, akiknek c\u00e9lja Krisztus tan\u00edt\u00e1s\u00e1nak tov\u00e1bbad\u00e1sa az eg\u00e9sz f\u00f6ldkereks\u00e9gen. Az Egyh\u00e1z 1926 \u00f3ta minden \u00e9v okt\u00f3ber harmadik vas\u00e1rnapj\u00e1n megtartja a vil\u00e1gmisszi\u00f3 napj\u00e1t. Okt\u00f3ber 18-\u00e1n a magyar templomokban is a misszi\u00f3k\u00e9rt \u00e9s a hithirdet\u0151k\u00e9rt im\u00e1dkoznak, \u00e9s a perselyp\u00e9nzt az evangeliz\u00e1ci\u00f3 jav\u00e1ra ford\u00edtj\u00e1k. A misszi\u00f3s vil\u00e1gnapra Ferenc p\u00e1pa \u201eItt vagyok, engem k\u00fcldj\u201d (Iz 6,8) c\u00edm\u0171 \u00fczenet\u00e9vel fordult a h\u00edvekhez, melyet az al\u00e1bbiakban adunk k\u00f6zre.<\/p>\n\n\n\n<!--more-->\n\n\n\n<p>Kedves testv\u00e9rek,<br><br>szeretn\u00e9k h\u00e1l\u00e1t adni Istennek az\u00e9rt az elk\u00f6telez\u0151d\u00e9s\u00e9rt, amellyel az elm\u00falt \u00e9v okt\u00f3ber\u00e9ben meg\u00e9lt\u00e9tek az Egyh\u00e1zban a rendk\u00edv\u00fcli misszi\u00f3s h\u00f3napot. Meggy\u0151z\u0151d\u00e9sem, hogy ez sok k\u00f6z\u00f6ss\u00e9gben el\u0151seg\u00edtette a misszi\u00f3s megt\u00e9r\u00e9st a \u201eMegkeresztelve \u00e9s k\u00fcldve: Krisztus Egyh\u00e1za misszi\u00f3ban a vil\u00e1gban\u201d mott\u00f3 szerint kijel\u00f6lt m\u00f3don.<br><br>M\u00e9g ha az idei \u00e9vet a Covid-19 vil\u00e1gj\u00e1rv\u00e1ny okozta szenved\u00e9sek \u00e9s kih\u00edv\u00e1sok jellemzik is, az eg\u00e9sz Egyh\u00e1z misszi\u00f3s \u00fatja folytat\u00f3dik azon szavak f\u00e9ny\u00e9ben, amelyeket Izaj\u00e1s pr\u00f3f\u00e9ta megh\u00edv\u00e1s\u00e1nak elbesz\u00e9l\u00e9s\u00e9ben olvasunk: \u201eItt vagyok, engem k\u00fcldj\u201d (Iz 6,8). Ez mindig \u00faj v\u00e1lasz az \u00dar k\u00e9rd\u00e9s\u00e9re: \u201eKit k\u00fcldjek el?\u201d (Uo.). Isten sz\u00edv\u00e9b\u0151l, irgalm\u00e1b\u00f3l fakad ez a h\u00edv\u00e1s, amely a jelenlegi glob\u00e1lis v\u00e1ls\u00e1gban mind az Egyh\u00e1zhoz, mind pedig az eg\u00e9sz emberis\u00e9ghez sz\u00f3l. \u201eAk\u00e1rcsak az evang\u00e9liumi szakaszban szerepl\u0151 tan\u00edtv\u00e1nyok, felk\u00e9sz\u00fcletlen\u00fcl mir\u00e1nk is r\u00e1nk t\u00f6rt a v\u00e1ratlan \u00e9s vad vihar. R\u00e1\u00e9bredt\u00fcnk, hogy mindannyian ugyanabban a b\u00e1rk\u00e1ban vagyunk, mind t\u00f6r\u00e9kenyek \u00e9s ir\u00e1nyt vesztettek, ugyanakkor m\u00e9gis fontosak \u00e9s sz\u00fcks\u00e9gesek vagyunk, mindannyian arra nyert\u00fcnk megh\u00edv\u00e1st, hogy evezz\u00fcnk egy\u00fctt, hisz mindannyiunknak sz\u00fcks\u00e9ge van a k\u00f6lcs\u00f6n\u00f6s t\u00e1maszny\u00fajt\u00e1sra. Ebben a b\u00e1rk\u00e1ban\u2026 itt vagyunk mindannyian. Ak\u00e1rcsak azok a tan\u00edtv\u00e1nyok, akik egy hangon sz\u00f3lalnak meg, \u00e9s szorong\u00e1sukban ezt mondj\u00e1k: \u00bbElvesz\u00fcnk\u00ab (4,38), mi is ugyan\u00edgy r\u00e1j\u00f6tt\u00fcnk, hogy nem tudunk k\u00fcl\u00f6n-k\u00fcl\u00f6n, a magunk erej\u00e9b\u0151l el\u0151re jutni, hanem csakis egy\u00fcttesen\u201d (Szentbesz\u00e9d a Szent P\u00e9ter t\u00e9ren, 2020. m\u00e1rcius 27-\u00e9n). Nagyon megijedt\u00fcnk, \u00f6sszezavarodtunk \u00e9s f\u00e9l\u00fcnk. A f\u00e1jdalom \u00e9s a hal\u00e1l nyilv\u00e1nval\u00f3v\u00e1 teszi emberi t\u00f6r\u00e9kenys\u00e9g\u00fcnket; ugyanakkor mindannyiunkban er\u0151s az \u00e9let\u00f6szt\u00f6n \u00e9s a rosszt\u00f3l val\u00f3 megszabadul\u00e1s v\u00e1gya. Ebben az \u00f6sszef\u00fcgg\u00e9sben a misszi\u00f3ra val\u00f3 megh\u00edv\u00e1s \u2013 az \u00f6nmagunkb\u00f3l val\u00f3 kil\u00e9p\u00e9sre, az Isten \u00e9s a felebar\u00e1t ir\u00e1nti szeretetre sz\u00f3l\u00f3 megh\u00edv\u00e1s \u2013 lehet\u0151s\u00e9get ny\u00fajt arra, hogy megosszunk, szolg\u00e1ljunk \u00e9s k\u00f6zbenj\u00e1rjunk. A k\u00fcldet\u00e9s, amelyet Isten re\u00e1nk b\u00edz, az, hogy a retteg\u0151 \u00e9s z\u00e1rk\u00f3zott \u00e9n\u00fcnkb\u0151l kil\u00e9pj\u00fcnk az \u00fajrafelfedezett \u00e9s az \u00f6nmaga aj\u00e1nd\u00e9koz\u00e1sa \u00e1ltal meg\u00fajult \u00e9n\u00fcnk fel\u00e9.<br><br>A kereszt \u00e1ldozat\u00e1ban, amelyben J\u00e9zus k\u00fcldet\u00e9se beteljesedik (v\u00f6. Jn 19,28\u201330), Isten felt\u00e1rja sz\u00e1munkra mindenre \u00e9s mindenkire ir\u00e1nyul\u00f3 szeretet\u00e9t (v\u00f6. Jn 19,26\u201327). Egy\u00fattal szem\u00e9lyes elk\u00f6telez\u0151d\u00e9s\u00fcnket is k\u00e9ri k\u00fcld\u00e9s\u00e9nek elfogad\u00e1s\u00e1ra, mert \u0150 maga a szeretet, amely sz\u00fcntelen misszi\u00f3s mozg\u00e1sban van, mindig k\u00e9szen arra, hogy kil\u00e9pjen \u00f6nmag\u00e1b\u00f3l az\u00e9rt, hogy \u00e9letet adjon. Az emberek ir\u00e1nti szeretetb\u0151l az Atyaisten elk\u00fcldte saj\u00e1t Fi\u00e1t, J\u00e9zust (v\u00f6. Jn 3,16). J\u00e9zus az Atya misszion\u00e1riusa: szem\u00e9lye \u00e9s m\u0171ve teljes m\u00e9rt\u00e9kben engedelmes az Atya akarat\u00e1nak (v\u00f6. Jn 4,34; 6,38; 8,12\u201330; Zsid 10,5\u201310). Az \u00e9rt\u00fcnk keresztre fesz\u00edtett \u00e9s felt\u00e1madott J\u00e9zus bevon minket szeretetmozg\u00e1s\u00e1ba Szentlelk\u00e9vel, aki az Egyh\u00e1zat \u00e9lteti, aki minket Krisztus tan\u00edtv\u00e1nyaiv\u00e1 tesz \u00e9s misszi\u00f3ba k\u00fcld a vil\u00e1g \u00e9s a n\u00e9pek fel\u00e9.<br><br>\u201eA misszi\u00f3 \u00e9s a \u00bbmozg\u00e1sban l\u00e9v\u0151 Egyh\u00e1z\u00ab nem egy program, egy sz\u00e1nd\u00e9k, amelyet el lehet \u00e9rni az akarat megfesz\u00edt\u00e9s\u00e9vel. Krisztus az, aki k\u00fcldi az Egyh\u00e1zat. Az evang\u00e9lium hirdet\u00e9s\u00e9nek k\u00fcldet\u00e9s\u00e9ben j\u00e1rsz, mert a Szentl\u00e9lek ind\u00edt \u00e9s vezet t\u00e9ged\u201d (Senza di Lui non possiamo far nulla, Citt\u00e0 del Vaticano 2019, 16\u201317.). Isten mindig el\u0151bb szeret minket, \u00e9s ezzel a szeretettel l\u00e9p hozz\u00e1nk \u00e9s sz\u00f3l\u00edt meg minket. Szem\u00e9lyes megh\u00edv\u00e1sunk abb\u00f3l a t\u00e9nyb\u0151l fakad, hogy az Egyh\u00e1zban Isten gyermekei vagyunk, az \u0150 csal\u00e1dja \u00e9s testv\u00e9rei abban a szeretetben, amelyr\u0151l J\u00e9zus tan\u00fas\u00e1got tett sz\u00e1munkra. Mindenki rendelkezik azzal az emberi m\u00e9lt\u00f3s\u00e1ggal, amelynek alapja az isteni megh\u00edv\u00e1s alapj\u00e1n Isten gyermeke \u00e9s hogy olyann\u00e1 v\u00e1ljon a kereszts\u00e9g szents\u00e9g\u00e9ben \u00e9s a hit szabads\u00e1g\u00e1ban, amilyenek Isten sz\u00edv\u00e9ben mindig is voltunk.<br><br>Maga a t\u00e9ny, hogy az \u00e9letet aj\u00e1nd\u00e9kba kaptuk, hallgat\u00f3lagos megh\u00edv\u00e1s, hogy bel\u00e9pj\u00fcnk az \u00f6n\u00e1tad\u00e1s dinamik\u00e1j\u00e1ba: egy mag, amely a megkereszteltekben mint a szeretet v\u00e1lasza \u00f6lt \u00e9rett form\u00e1t a h\u00e1zass\u00e1gban vagy az Isten orsz\u00e1g\u00e1\u00e9rt v\u00e1llalt tisztas\u00e1gban. Az emberi \u00e9let Isten szeretet\u00e9b\u0151l fakad, szeretetben n\u00f6vekedik \u00e9s a szeretet fel\u00e9 t\u00f6rekszik. Senki sincs kiz\u00e1rva Isten szeretet\u00e9b\u0151l, \u00e9s Fi\u00e1nak, J\u00e9zusnak a kereszten bemutatott szent \u00e1ldozat\u00e1ban Isten legy\u0151zte a b\u0171nt \u00e9s a hal\u00e1lt (v\u00f6. R\u00f3m 8,31\u201339). Isten sz\u00e1m\u00e1ra a rossz, s\u0151t, m\u00e9g a b\u0171n is az egyre nagyobb, a mindv\u00e9gig tart\u00f3 szeretet kih\u00edv\u00e1s\u00e1v\u00e1 v\u00e1lik (v\u00f6. Mt 5,38\u201348; Lk 23,33\u201334). Ez\u00e9rt a H\u00fasv\u00e9ti Miszt\u00e9riumban az isteni irgalom meggy\u00f3gy\u00edtja az emberis\u00e9g \u0151si seb\u00e9t \u00e9s ki\u00e1rad az eg\u00e9sz vil\u00e1gmindens\u00e9gre. Az Egyh\u00e1z, mint Isten vil\u00e1g ir\u00e1nti szeretet\u00e9nek egyetemes szents\u00e9ge folytatja J\u00e9zus k\u00fcldet\u00e9s\u00e9t a t\u00f6rt\u00e9nelemben, \u00e9s elk\u00fcld minket mindenhov\u00e1 az\u00e9rt, hogy tan\u00fas\u00e1gt\u00e9tel\u00fcnk \u00e9s az evang\u00e9lium hirdet\u00e9se \u00e1ltal Isten \u00fajra nyilv\u00e1nval\u00f3v\u00e1 tegye szeretet\u00e9t, minden\u00fctt \u00e9s mindenkor meg\u00e9rinthesse \u00e9s \u00e1tform\u00e1lhassa a sz\u00edveket, az elm\u00e9ket, a t\u00e1rsadalmakat \u00e9s a kult\u00far\u00e1kat.<br><br>A misszi\u00f3 a szabad \u00e9s tudatos v\u00e1lasz Isten h\u00edv\u00e1s\u00e1ra. De csak akkor hallhatjuk meg ezt a h\u00edv\u00e1st, ha szem\u00e9lyes szeretetkapcsolatot \u00e1polunk az Egyh\u00e1z\u00e1ban \u00e9l\u0151 J\u00e9zussal. Tegy\u00fck fel magunknak a k\u00e9rd\u00e9st: k\u00e9szen \u00e1llunk-e elfogadni a Szentl\u00e9lek jelenl\u00e9t\u00e9t az \u00e9let\u00fcnkben? K\u00e9szen \u00e1llunk-e meghallani a misszi\u00f3ra val\u00f3 felh\u00edv\u00e1st, ak\u00e1r a h\u00e1zass\u00e1g, ak\u00e1r a megszentelt \u00e9let vagy a felszentelt paps\u00e1g \u00fatj\u00e1n, illetve \u00e1ltal\u00e1ban a h\u00e9tk\u00f6znapi \u00e9let\u00fcnkben? K\u00e9szen \u00e1llunk-e elfogadni a k\u00fcldet\u00e9st b\u00e1rhov\u00e1, hogy tan\u00fas\u00e1got tegy\u00fcnk az irgalmas Atyaistenbe vetett hit\u00fcnkr\u0151l, hogy J\u00e9zus Krisztus megv\u00e1lt\u00e1s\u00e1nak evang\u00e9lium\u00e1t hirdess\u00fck, hogy megosszuk a Szentl\u00e9lek isteni \u00e9let\u00e9t, \u00edgy \u00e9p\u00edtve az Egyh\u00e1zat? K\u00e9szen \u00e1llunk-e, ahogyan Sz\u0171z M\u00e1ria, J\u00e9zus \u00e9desanyja, hogy fenntart\u00e1s n\u00e9lk\u00fcl szolg\u00e1ljuk Isten akarat\u00e1t (v\u00f6. Lk 1,38)? Ez a bels\u0151 k\u00e9szs\u00e9g nagyon fontos ahhoz, hogy Istennek v\u00e1laszolni tudjunk: \u201eItt vagyok, Uram, engem k\u00fcldj\u201d (v\u00f6. Iz 6,8). \u00c9s mindezt nem elvont m\u00f3don, hanem az Egyh\u00e1z \u00e9s a t\u00f6rt\u00e9nelem \u201eitt \u00e9s most\u201d-j\u00e1ban cselekedve.<br><br>Az Egyh\u00e1z k\u00fcldet\u00e9s\u00e9ben aktu\u00e1lis kih\u00edv\u00e1s, hogy meg\u00e9rts\u00fck, mit akar Isten most, a vil\u00e1gj\u00e1rv\u00e1ny idej\u00e9n mondani nek\u00fcnk. A betegs\u00e9g, a szenved\u00e9s, a f\u00e9lelem, az elszigetelts\u00e9g k\u00e9rd\u00e9seket vet fel benn\u00fcnk. K\u00e9rd\u0151re von minket azok szeg\u00e9nys\u00e9ge, akik mag\u00e1nyosan halnak meg, akiket magukra hagynak, akik elvesz\u00edtik a munk\u00e1jukat \u00e9s a meg\u00e9lhet\u00e9s\u00fcket, akiknek nincs otthonuk \u00e9s nincs mit enni\u00fck. Az, hogy k\u00f6telesek vagyunk fizikai t\u00e1vols\u00e1got tartani \u00e9s otthon maradni, megh\u00edv\u00e1s annak \u00fajrafelfedez\u00e9s\u00e9re, hogy t\u00e1rsadalmi kapcsolatokra \u00e9s k\u00f6z\u00f6ss\u00e9gben meg\u00e9lt istenkapcsolatra is sz\u00fcks\u00e9g\u00fcnk van. A jelenlegi helyzet n\u00f6veli a bizalmatlans\u00e1got \u00e9s a k\u00f6z\u00f6mb\u00f6ss\u00e9get, de k\u00f6zben figyelmesebb\u00e9 is kell tennie minket a m\u00e1sokkal val\u00f3 viszonyunkra. \u00c9s az im\u00e1ds\u00e1g, amelyben Isten meg\u00e9rinti \u00e9s megmozd\u00edtja a sz\u00edv\u00fcnket, megnyit minket a szeretet, a m\u00e9lt\u00f3s\u00e1g, testv\u00e9reink szabads\u00e1ga, valamint az eg\u00e9sz teremt\u00e9s ir\u00e1nti gondvisel\u00e9s v\u00e1gya fel\u00e9. Az, hogy lehetetlen mint Egyh\u00e1z \u00f6sszegy\u0171ln\u00fcnk az Eucharisztia meg\u00fcnnepl\u00e9s\u00e9re, annak a sz\u00e1mos kereszt\u00e9ny k\u00f6z\u00f6ss\u00e9gnek a helyzet\u00e9t tapasztaltatja meg vel\u00fcnk, akiknek nincs lehet\u0151s\u00e9g\u00fck minden vas\u00e1rnap szentmis\u00e9t \u00fcnnepelni. Ebben az \u00f6sszef\u00fcgg\u00e9sben hangzik el Istent\u0151l a k\u00e9rd\u00e9s, hogy \u201eKit k\u00fcldjek el?\u201d. Ism\u00e9t nek\u00fcnk szegezi a k\u00e9rd\u00e9st, nagylelk\u0171 \u00e9s meggy\u0151z\u0151d\u00e9ssel kimondott v\u00e1laszt v\u00e1rva t\u0151l\u00fcnk: \u201eItt vagyok, engem k\u00fcldj\u201d (Iz 6,8). Isten tov\u00e1bbra is keresi azokat, akiket elk\u00fcldhet a vil\u00e1gba \u00e9s a n\u00e9pekhez, hogy tan\u00fas\u00e1got tegyenek a szeretet\u00e9r\u0151l, a b\u0171nt\u0151l \u00e9s a hal\u00e1lt\u00f3l val\u00f3 megv\u00e1lt\u00e1s\u00e1r\u00f3l, a gonoszt\u00f3l val\u00f3 megszabad\u00edt\u00e1s\u00e1r\u00f3l (v\u00f6. Mt 9,35\u201338; Lk 10,1\u201312).<br><br>A Misszi\u00f3s Vil\u00e1gnap \u00fcnnepl\u00e9se alkalmat ad annak meger\u0151s\u00edt\u00e9s\u00e9re is, hogy az im\u00e1ds\u00e1g, az elm\u00e9lked\u00e9s \u00e9s az anyagi seg\u00edts\u00e9g eszk\u00f6zei mindannyi\u00f3tok sz\u00e1m\u00e1ra lehet\u0151s\u00e9get ny\u00fajtanak, hogy az Egyh\u00e1zban akt\u00edvan r\u00e9szt vegyetek J\u00e9zus misszi\u00f3j\u00e1ban. Az okt\u00f3ber harmadik vas\u00e1rnapj\u00e1nak liturgikus alkalmain tartott gy\u0171jt\u00e9sek c\u00e9lja az, hogy t\u00e1mogassuk a P\u00e1pai Misszi\u00f3s M\u0171vek nevemben folytatott misszi\u00f3s munk\u00e1j\u00e1t, hogy az az eg\u00e9sz vil\u00e1gon kiel\u00e9g\u00edtse a n\u00e9pek \u00e9s az Egyh\u00e1zak szellemi \u00e9s anyagi sz\u00fcks\u00e9gleteit, minden ember \u00fcdv\u00f6ss\u00e9g\u00e9re.<br><br>A Boldogs\u00e1gos Sz\u0171z M\u00e1ria, az evangeliz\u00e1ci\u00f3 csillaga, a szomor\u00faak vigasztal\u00f3ja, Fi\u00e1nak, J\u00e9zusnak misszion\u00e1rius tan\u00edtv\u00e1nya j\u00e1rjon k\u00f6zben tov\u00e1bbra is \u00e9rt\u00fcnk \u00e9s seg\u00edtsen minket.<br><br>Kelt R\u00f3m\u00e1ban, a Later\u00e1ni Szent J\u00e1nosn\u00e1l, 2020. m\u00e1jus 31-\u00e9n, P\u00fcnk\u00f6sd F\u0151\u00fcnnep\u00e9n. Ferenc<\/p>\n\n\n\n<p>Forr\u00e1s: <a href=\"https:\/\/katolikus.hu\/cikk\/a-szentatya-ferenc-papa-uzenete-a-2020-evi-missziok-vasarnapjara\" target=\"_blank\" rel=\"noreferrer noopener\">Magyar Katolikus Egyh\u00e1z<\/a><\/p>\n","protected":false},"excerpt":{"rendered":"<p>\u201eMenjetek, tegyetek tan\u00edtv\u00e1nyomm\u00e1 minden n\u00e9pet!\u201d \u2013 mondta J\u00e9zus tan\u00edtv\u00e1nyainak. E felh\u00edv\u00e1st k\u00f6vetik a vil\u00e1g sz\u00e1mos orsz\u00e1g\u00e1ban tev\u00e9kenyked\u0151 misszion\u00e1riusok, akiknek c\u00e9lja Krisztus tan\u00edt\u00e1s\u00e1nak tov\u00e1bbad\u00e1sa az eg\u00e9sz f\u00f6ldkereks\u00e9gen. Az Egyh\u00e1z 1926 \u00f3ta minden \u00e9v okt\u00f3ber harmadik vas\u00e1rnapj\u00e1n megtartja a vil\u00e1gmisszi\u00f3 napj\u00e1t. Okt\u00f3ber &hellip; <a href=\"https:\/\/balatonkeresztur.plebania.hu\/index.php\/2020\/10\/17\/a-szentatya-ferenc-papa-uzenete-a-2020-evi-missziok-vasarnapjara\/\">Egy kattint\u00e1s ide a folytat\u00e1shoz&#8230;. <span class=\"meta-nav\">&rarr;<\/span><\/a><\/p>\n","protected":false},"author":1,"featured_media":0,"comment_status":"closed","ping_status":"open","sticky":false,"template":"","format":"standard","meta":{"footnotes":""},"categories":[1],"tags":[],"class_list":["post-483","post","type-post","status-publish","format-standard","hentry","category-egyeb"],"_links":{"self":[{"href":"https:\/\/balatonkeresztur.plebania.hu\/index.php\/wp-json\/wp\/v2\/posts\/483","targetHints":{"allow":["GET"]}}],"collection":[{"href":"https:\/\/balatonkeresztur.plebania.hu\/index.php\/wp-json\/wp\/v2\/posts"}],"about":[{"href":"https:\/\/balatonkeresztur.plebania.hu\/index.php\/wp-json\/wp\/v2\/types\/post"}],"author":[{"embeddable":true,"href":"https:\/\/balatonkeresztur.plebania.hu\/index.php\/wp-json\/wp\/v2\/users\/1"}],"replies":[{"embeddable":true,"href":"https:\/\/balatonkeresztur.plebania.hu\/index.php\/wp-json\/wp\/v2\/comments?post=483"}],"version-history":[{"count":1,"href":"https:\/\/balatonkeresztur.plebania.hu\/index.php\/wp-json\/wp\/v2\/posts\/483\/revisions"}],"predecessor-version":[{"id":484,"href":"https:\/\/balatonkeresztur.plebania.hu\/index.php\/wp-json\/wp\/v2\/posts\/483\/revisions\/484"}],"wp:attachment":[{"href":"https:\/\/balatonkeresztur.plebania.hu\/index.php\/wp-json\/wp\/v2\/media?parent=483"}],"wp:term":[{"taxonomy":"category","embeddable":true,"href":"https:\/\/balatonkeresztur.plebania.hu\/index.php\/wp-json\/wp\/v2\/categories?post=483"},{"taxonomy":"post_tag","embeddable":true,"href":"https:\/\/balatonkeresztur.plebania.hu\/index.php\/wp-json\/wp\/v2\/tags?post=483"}],"curies":[{"name":"wp","href":"https:\/\/api.w.org\/{rel}","templated":true}]}}