{"id":476,"date":"2020-09-27T12:13:13","date_gmt":"2020-09-27T12:13:13","guid":{"rendered":"http:\/\/balatonkeresztur.plebania.hu\/?p=476"},"modified":"2020-10-06T18:17:06","modified_gmt":"2020-10-06T18:17:06","slug":"szent-fausztinara-emlekezunk","status":"publish","type":"post","link":"https:\/\/balatonkeresztur.plebania.hu\/index.php\/2020\/09\/27\/szent-fausztinara-emlekezunk\/","title":{"rendered":"Szent Fausztin\u00e1ra eml\u00e9kez\u00fcnk &#8211; ELMARAD!"},"content":{"rendered":"\n<p>Az okt\u00f3ber 10-\u00e9re meghirdetett program a v\u00edrushelyzetre val\u00f3 tekintettel elmarad!<\/p>\n\n\n\n<!--more-->\n\n\n\n<p><\/p>\n","protected":false},"excerpt":{"rendered":"<p>Az okt\u00f3ber 10-\u00e9re meghirdetett program a v\u00edrushelyzetre val\u00f3 tekintettel elmarad!<\/p>\n","protected":false},"author":1,"featured_media":0,"comment_status":"closed","ping_status":"open","sticky":false,"template":"","format":"standard","meta":{"footnotes":""},"categories":[1],"tags":[],"class_list":["post-476","post","type-post","status-publish","format-standard","hentry","category-egyeb"],"_links":{"self":[{"href":"https:\/\/balatonkeresztur.plebania.hu\/index.php\/wp-json\/wp\/v2\/posts\/476","targetHints":{"allow":["GET"]}}],"collection":[{"href":"https:\/\/balatonkeresztur.plebania.hu\/index.php\/wp-json\/wp\/v2\/posts"}],"about":[{"href":"https:\/\/balatonkeresztur.plebania.hu\/index.php\/wp-json\/wp\/v2\/types\/post"}],"author":[{"embeddable":true,"href":"https:\/\/balatonkeresztur.plebania.hu\/index.php\/wp-json\/wp\/v2\/users\/1"}],"replies":[{"embeddable":true,"href":"https:\/\/balatonkeresztur.plebania.hu\/index.php\/wp-json\/wp\/v2\/comments?post=476"}],"version-history":[{"count":2,"href":"https:\/\/balatonkeresztur.plebania.hu\/index.php\/wp-json\/wp\/v2\/posts\/476\/revisions"}],"predecessor-version":[{"id":481,"href":"https:\/\/balatonkeresztur.plebania.hu\/index.php\/wp-json\/wp\/v2\/posts\/476\/revisions\/481"}],"wp:attachment":[{"href":"https:\/\/balatonkeresztur.plebania.hu\/index.php\/wp-json\/wp\/v2\/media?parent=476"}],"wp:term":[{"taxonomy":"category","embeddable":true,"href":"https:\/\/balatonkeresztur.plebania.hu\/index.php\/wp-json\/wp\/v2\/categories?post=476"},{"taxonomy":"post_tag","embeddable":true,"href":"https:\/\/balatonkeresztur.plebania.hu\/index.php\/wp-json\/wp\/v2\/tags?post=476"}],"curies":[{"name":"wp","href":"https:\/\/api.w.org\/{rel}","templated":true}]}}