{"id":462,"date":"2020-08-04T07:55:47","date_gmt":"2020-08-04T07:55:47","guid":{"rendered":"http:\/\/balatonkeresztur.plebania.hu\/?p=462"},"modified":"2020-08-04T07:57:39","modified_gmt":"2020-08-04T07:57:39","slug":"a-liturgiak-rendje-az-unnepi-idoszakban","status":"publish","type":"post","link":"https:\/\/balatonkeresztur.plebania.hu\/index.php\/2020\/08\/04\/a-liturgiak-rendje-az-unnepi-idoszakban\/","title":{"rendered":"A liturgi\u00e1k rendje az \u00fcnnepi id\u0151szakban"},"content":{"rendered":"\n<p>Augusztus 15-e, 16-a illetve 20-a liturgi\u00e1inak helysz\u00ednei \u00e9s kezd\u00e9si id\u0151pontjai:<\/p>\n\n\n\n<!--more-->\n\n\n\n<p><strong>Augusztus 15. Nagyboldogasszony \u00fcnnepe<\/strong> (szombat)<\/p>\n\n\n\n<p><strong>Balatonfenyves Szent Erzs\u00e9bet templom<\/strong>&nbsp;&nbsp; 8 \u00f3ra<\/p>\n\n\n\n<p><strong>Balatonfenyves-als\u00f3 Sz\u0171z M\u00e1ria Sz\u00edve <\/strong>9 \u00f3ra 15<\/p>\n\n\n\n<p><strong>Balatonkereszt\u00far&nbsp;&nbsp; <\/strong>&nbsp;&nbsp;&nbsp;&nbsp; &nbsp;&nbsp;&nbsp;&nbsp;&nbsp;&nbsp;&nbsp;&nbsp;&nbsp;&nbsp;&nbsp;&nbsp;&nbsp;&nbsp;&nbsp;&nbsp;&nbsp;&nbsp;&nbsp;&nbsp;&nbsp;&nbsp;&nbsp;&nbsp;&nbsp; 11 \u00f3ra<\/p>\n\n\n\n<p><strong>Balatonm\u00e1ria K\u00e1polna<\/strong>&nbsp;&nbsp;&nbsp;&nbsp;&nbsp;&nbsp;&nbsp;&nbsp;&nbsp;&nbsp;&nbsp;&nbsp;&nbsp; &nbsp;&nbsp;&nbsp;&nbsp;&nbsp;&nbsp;&nbsp;&nbsp;&nbsp; 18 \u00f3ra<\/p>\n\n\n\n<p><\/p>\n\n\n\n<p><strong>Augusztus 16. <\/strong>(\u00e9vk\u00f6zi 20. vas\u00e1rnap)<\/p>\n\n\n\n<p><strong>Balatonfenyves Szent Erzs\u00e9bet templom<\/strong>&nbsp;&nbsp; 8 \u00f3ra<\/p>\n\n\n\n<p>&nbsp;&nbsp;&nbsp;&nbsp;&nbsp;&nbsp;&nbsp;&nbsp;&nbsp;&nbsp;&nbsp;&nbsp;&nbsp;&nbsp;&nbsp;&nbsp;&nbsp;&nbsp;&nbsp;&nbsp;&nbsp;&nbsp;&nbsp;&nbsp;&nbsp;&nbsp;&nbsp;&nbsp;&nbsp;&nbsp;&nbsp;&nbsp;&nbsp;&nbsp;&nbsp;&nbsp;&nbsp;&nbsp;&nbsp;&nbsp;&nbsp;&nbsp;&nbsp;&nbsp;&nbsp;&nbsp;&nbsp;&nbsp;&nbsp;&nbsp;&nbsp;&nbsp;&nbsp;&nbsp;&nbsp;&nbsp;&nbsp;&nbsp;&nbsp;&nbsp;&nbsp;&nbsp;&nbsp;&nbsp;&nbsp;&nbsp;&nbsp;&nbsp;&nbsp;&nbsp; 18 \u00f3ra (orgonameg\u00e1ld\u00e1ssal)<\/p>\n\n\n\n<p><strong>Balatonfenyves-als\u00f3 Sz\u0171z M\u00e1ria Sz\u00edve <\/strong>9 \u00f3ra 15<\/p>\n\n\n\n<p><strong>Balatonkereszt\u00far&nbsp;&nbsp; <\/strong>&nbsp;&nbsp;&nbsp;&nbsp; &nbsp;&nbsp;&nbsp;&nbsp;&nbsp;&nbsp;&nbsp;&nbsp;&nbsp;&nbsp;&nbsp;&nbsp;&nbsp;&nbsp;&nbsp;&nbsp;&nbsp;&nbsp;&nbsp;&nbsp;&nbsp;&nbsp;&nbsp;&nbsp;&nbsp; 11 \u00f3ra<\/p>\n\n\n\n<p><strong>Balatonm\u00e1ria K\u00e1polna<\/strong>&nbsp;&nbsp;&nbsp;&nbsp;&nbsp;&nbsp;&nbsp;&nbsp;&nbsp;&nbsp;&nbsp;&nbsp;&nbsp; &nbsp;&nbsp;&nbsp;&nbsp;&nbsp;&nbsp;&nbsp;&nbsp;&nbsp; 18 \u00f3ra<\/p>\n\n\n\n<p><\/p>\n\n\n\n<p><strong>Augusztus 20. Szent Istv\u00e1n kir\u00e1ly \u00fcnnepe<\/strong> (cs\u00fct\u00f6rt\u00f6k)<\/p>\n\n\n\n<p><strong>Balatonfenyves (\u00f6kumenikus istentisztelet)<\/strong><\/p>\n\n\n\n<p>G\u00e9za park (es\u0151ben Szent Erzs\u00e9bet templom)&nbsp;&nbsp;&nbsp; 10 \u00f3ra<\/p>\n\n\n\n<p><strong>Balatonm\u00e1ria K\u00e1polna<\/strong>&nbsp;&nbsp;&nbsp; &nbsp;&nbsp;&nbsp;&nbsp;&nbsp;&nbsp;&nbsp;&nbsp;&nbsp;&nbsp;&nbsp;&nbsp;&nbsp;&nbsp;&nbsp;&nbsp;&nbsp;&nbsp;&nbsp;&nbsp; 18 \u00f3ra<\/p>\n","protected":false},"excerpt":{"rendered":"<p>Augusztus 15-e, 16-a illetve 20-a liturgi\u00e1inak helysz\u00ednei \u00e9s kezd\u00e9si id\u0151pontjai:<\/p>\n","protected":false},"author":1,"featured_media":0,"comment_status":"closed","ping_status":"open","sticky":false,"template":"","format":"standard","meta":{"footnotes":""},"categories":[1],"tags":[],"class_list":["post-462","post","type-post","status-publish","format-standard","hentry","category-egyeb"],"_links":{"self":[{"href":"https:\/\/balatonkeresztur.plebania.hu\/index.php\/wp-json\/wp\/v2\/posts\/462","targetHints":{"allow":["GET"]}}],"collection":[{"href":"https:\/\/balatonkeresztur.plebania.hu\/index.php\/wp-json\/wp\/v2\/posts"}],"about":[{"href":"https:\/\/balatonkeresztur.plebania.hu\/index.php\/wp-json\/wp\/v2\/types\/post"}],"author":[{"embeddable":true,"href":"https:\/\/balatonkeresztur.plebania.hu\/index.php\/wp-json\/wp\/v2\/users\/1"}],"replies":[{"embeddable":true,"href":"https:\/\/balatonkeresztur.plebania.hu\/index.php\/wp-json\/wp\/v2\/comments?post=462"}],"version-history":[{"count":2,"href":"https:\/\/balatonkeresztur.plebania.hu\/index.php\/wp-json\/wp\/v2\/posts\/462\/revisions"}],"predecessor-version":[{"id":464,"href":"https:\/\/balatonkeresztur.plebania.hu\/index.php\/wp-json\/wp\/v2\/posts\/462\/revisions\/464"}],"wp:attachment":[{"href":"https:\/\/balatonkeresztur.plebania.hu\/index.php\/wp-json\/wp\/v2\/media?parent=462"}],"wp:term":[{"taxonomy":"category","embeddable":true,"href":"https:\/\/balatonkeresztur.plebania.hu\/index.php\/wp-json\/wp\/v2\/categories?post=462"},{"taxonomy":"post_tag","embeddable":true,"href":"https:\/\/balatonkeresztur.plebania.hu\/index.php\/wp-json\/wp\/v2\/tags?post=462"}],"curies":[{"name":"wp","href":"https:\/\/api.w.org\/{rel}","templated":true}]}}