{"id":449,"date":"2020-06-12T10:10:14","date_gmt":"2020-06-12T10:10:14","guid":{"rendered":"http:\/\/balatonkeresztur.plebania.hu\/?p=449"},"modified":"2020-06-12T10:10:14","modified_gmt":"2020-06-12T10:10:14","slug":"fopasztori-rendelkezesek-a-jarvanyugyi-korlatozasok-fokozatos-feloldasarol","status":"publish","type":"post","link":"https:\/\/balatonkeresztur.plebania.hu\/index.php\/2020\/06\/12\/fopasztori-rendelkezesek-a-jarvanyugyi-korlatozasok-fokozatos-feloldasarol\/","title":{"rendered":"F\u0151p\u00e1sztori rendelkez\u00e9sek a j\u00e1rv\u00e1ny\u00fcgyi korl\u00e1toz\u00e1sok fokozatos felold\u00e1s\u00e1r\u00f3l"},"content":{"rendered":"\n<p>A kor\u00e1bbi rendelkez\u00e9seket 2020. j\u00fanius 13. hat\u00e1llyal az al\u00e1bbiak szerint egyszer\u0171s\u00edtem:<\/p>\n\n\n\n<!--more-->\n\n\n\n<p>Biztons\u00e1gi int\u00e9zked\u00e9sek<\/p>\n\n\n\n<ul class=\"wp-block-list\"><li>Szenteltv\u00edz tov\u00e1bbra sem helyezhet\u0151 ki.<\/li><li>Ker\u00fclni kell a k\u00f6zvetlen \u00e9rintkez\u00e9s minden form\u00e1j\u00e1t (pl. b\u00e9kek\u00f6sz\u00f6nt\u00e9s k\u00e9zfog\u00e1ssal).<\/li><li>L\u00e9g\u00fati panaszokkal k\u00fczd\u0151, valamint l\u00e1zas betegek nem vehetnek r\u00e9szt k\u00f6z\u00f6s<br>liturgi\u00e1kon.<\/li><li>\u00dcgyelj\u00fcnk a v\u00e9d\u0151t\u00e1vols\u00e1gok (1,5-2 m\u00e9ter) betart\u00e1s\u00e1ra.<\/li><li>Amennyiben egy templomban a megfelel\u0151 nagys\u00e1g\u00fa t\u00e9r, illetve a h\u00edvek kisebb sz\u00e1ma<br>ok\u00e1n megfelel\u0151en betarthat\u00f3 a v\u00e9d\u0151t\u00e1vols\u00e1g a liturgi\u00e1k alatt nem sz\u00fcks\u00e9ges<br>maszk visel\u00e9se. Ennek felel\u0151ss\u00e9gteljes meg\u00edt\u00e9l\u00e9s\u00e9t az illet\u00e9kes lelkip\u00e1sztorra b\u00edzom.<\/li><li>A perselyadom\u00e1nyokat a t\u00e1voz\u00e1skor helyezz\u00e9k a h\u00edvek a kij\u00e1ratn\u00e1l a kihelyezett<br>perselyekbe.<\/li><li>\u00c1ldoztat\u00e1s tov\u00e1bbra is csak teny\u00e9rbe lehets\u00e9ges.<\/li><li>Az \u00e1ldoztat\u00f3 lehet\u0151leg v\u00e9gezzen higi\u00e9n\u00e9s k\u00e9zfert\u0151tlen\u00edt\u00e9st \u00e1ldoztat\u00e1s el\u0151tt \u00e9s ut\u00e1n,<br>valamint lehet\u0151leg viseljen v\u00e9d\u0151maszkot az \u00e1ldoztat\u00e1s alatt.<\/li><li>Gondoskodjunk a templomaink rendszeres, higi\u00e9n\u00e9s takar\u00edt\u00e1s\u00e1r\u00f3l.<\/li><li>Helyezz\u00fcnk ki k\u00e9zfert\u0151tlen\u00edt\u0151ket templomainkba, ezzel biztos\u00edtva a h\u00edvek sz\u00e1m\u00e1ra a<br>k\u00e9zfert\u0151tlen\u00edt\u00e9s lehet\u0151s\u00e9g\u00e9t.<\/li><\/ul>\n\n\n\n<p>Liturgikus cselekm\u00e9nyek<\/p>\n\n\n\n<ul class=\"wp-block-list\"><li>A fenti el\u0151\u00edr\u00e1sok betart\u00e1s\u00e1val minden templomban megtarthat\u00f3ak a nyilv\u00e1nos<br>szentmis\u00e9k, valamint egy\u00e9b liturgikus cselekm\u00e9nyek (keresztel\u00e9s, esket\u00e9s, stb.)<\/li><li>A k\u00f6z\u00f6ss\u00e9gi im\u00e1ds\u00e1gok szint\u00e9n megtarthat\u00f3ak a fenti ir\u00e1nyelvek figyelembe v\u00e9tel\u00e9vel.<\/li><li>Zar\u00e1ndoklatok, imatal\u00e1lkoz\u00f3k, k\u00f6rmenetek, stb. megtarthat\u00f3ak a mindenkori hat\u00e1lyos<br>korm\u00e1nyrendeletek, valamint a fenti rendelkez\u00e9sek betart\u00e1s\u00e1val.<\/li><li>Pl\u00e9b\u00e1niai programok szervez\u00e9s\u00e9vel kapcsolatban az illet\u00e9kes pl\u00e9b\u00e1nos saj\u00e1t<br>hat\u00e1sk\u00f6rben d\u00f6nthet a mindenkori hat\u00e1lyos korm\u00e1nyrendeletek \u00e9s a fenti el\u0151\u00edr\u00e1sok<br>betart\u00e1sa mellett.<\/li><li>Betegell\u00e1t\u00e1s sor\u00e1n mindenben k\u00f6vess\u00fck az \u00e1llami j\u00e1rv\u00e1ny\u00fcgyi rendelkez\u00e9seket.<br>Minden esetben viselj\u00fcnk egy\u00e9ni v\u00e9d\u0151felszerel\u00e9st (v\u00e9d\u0151maszk, v\u00e9d\u0151keszty\u0171 \u00e9s<br>l\u00e1togat\u00f3k\u00f6peny).<br><\/li><\/ul>\n\n\n\n<p>A hat\u00f3s\u00e1gokkal tov\u00e1bbra is k\u00e9szs\u00e9gesen m\u0171k\u00f6dj\u00fcnk egy\u00fctt mindenben, \u00e9s tartsuk be az<br>\u00e1ltaluk adott \u00e1ltal\u00e1nos ir\u00e1nyelveket.<br>Kaposv\u00e1r, 2020. j\u00fanius 12.<\/p>\n\n\n\n<p class=\"has-text-align-right\">\u2020 Varga L\u00e1szl\u00f3<br>megy\u00e9sp\u00fcsp\u00f6k<\/p>\n","protected":false},"excerpt":{"rendered":"<p>A kor\u00e1bbi rendelkez\u00e9seket 2020. j\u00fanius 13. hat\u00e1llyal az al\u00e1bbiak szerint egyszer\u0171s\u00edtem:<\/p>\n","protected":false},"author":1,"featured_media":0,"comment_status":"closed","ping_status":"open","sticky":false,"template":"","format":"standard","meta":{"footnotes":""},"categories":[1],"tags":[],"class_list":["post-449","post","type-post","status-publish","format-standard","hentry","category-egyeb"],"_links":{"self":[{"href":"https:\/\/balatonkeresztur.plebania.hu\/index.php\/wp-json\/wp\/v2\/posts\/449","targetHints":{"allow":["GET"]}}],"collection":[{"href":"https:\/\/balatonkeresztur.plebania.hu\/index.php\/wp-json\/wp\/v2\/posts"}],"about":[{"href":"https:\/\/balatonkeresztur.plebania.hu\/index.php\/wp-json\/wp\/v2\/types\/post"}],"author":[{"embeddable":true,"href":"https:\/\/balatonkeresztur.plebania.hu\/index.php\/wp-json\/wp\/v2\/users\/1"}],"replies":[{"embeddable":true,"href":"https:\/\/balatonkeresztur.plebania.hu\/index.php\/wp-json\/wp\/v2\/comments?post=449"}],"version-history":[{"count":1,"href":"https:\/\/balatonkeresztur.plebania.hu\/index.php\/wp-json\/wp\/v2\/posts\/449\/revisions"}],"predecessor-version":[{"id":450,"href":"https:\/\/balatonkeresztur.plebania.hu\/index.php\/wp-json\/wp\/v2\/posts\/449\/revisions\/450"}],"wp:attachment":[{"href":"https:\/\/balatonkeresztur.plebania.hu\/index.php\/wp-json\/wp\/v2\/media?parent=449"}],"wp:term":[{"taxonomy":"category","embeddable":true,"href":"https:\/\/balatonkeresztur.plebania.hu\/index.php\/wp-json\/wp\/v2\/categories?post=449"},{"taxonomy":"post_tag","embeddable":true,"href":"https:\/\/balatonkeresztur.plebania.hu\/index.php\/wp-json\/wp\/v2\/tags?post=449"}],"curies":[{"name":"wp","href":"https:\/\/api.w.org\/{rel}","templated":true}]}}