{"id":442,"date":"2020-05-27T13:39:49","date_gmt":"2020-05-27T13:39:49","guid":{"rendered":"http:\/\/balatonkeresztur.plebania.hu\/?p=442"},"modified":"2020-05-27T13:39:49","modified_gmt":"2020-05-27T13:39:49","slug":"maria-radio","status":"publish","type":"post","link":"https:\/\/balatonkeresztur.plebania.hu\/index.php\/2020\/05\/27\/maria-radio\/","title":{"rendered":"M\u00e1ria r\u00e1di\u00f3"},"content":{"rendered":"\n<p>Nagy \u00f6r\u00f6m sz\u00e1munkra, hogy a M\u00e1ria R\u00e1di\u00f3 ad\u00e1sa\u00a0m\u00e1jus 31-t\u0151l\u00a0foghat\u00f3\u00a0 imm\u00e1ron Keszthelyen \u00e9s k\u00f6rny\u00e9k\u00e9n is az\u00a0FM 93,4\u00a0MHz-en.\u00a0<\/p>\n\n\n\n<!--more-->\n\n\n\n<p>A M\u00e1ria R\u00e1di\u00f3 a vil\u00e1g legnagyobb evangeliz\u00e1ci\u00f3s r\u00e1di\u00f3 h\u00e1l\u00f3zata.\u00a0 K\u00fcldet\u00e9se, hogy seg\u00edtsen hiteles kereszt\u00e9ny \u00e9letet \u00e9lni a ma ember\u00e9nek. M\u0171sorai nem csup\u00e1n a szeretetr\u0151l\u00a0sz\u00f3lnak, hanem szeretetb\u0151l is, hiszen\u00a0\u00f6nk\u00e9ntesi szolg\u00e1lat \u00e9s hallgat\u00f3i adom\u00e1nyok tartj\u00e1k fenn. A M\u00e1ria R\u00e1di\u00f3 katolikus szellemis\u00e9g\u0171. Szent II. J\u00e1nos P\u00e1l p\u00e1pa, XVI. Benedek p\u00e1pa \u00e9s Ferenc p\u00e1pa \u00e1ld\u00e1s\u00e1val m\u0171k\u00f6dik.\u00a0<\/p>\n\n\n\n<p><em>A M\u00e1ria R\u00e1di\u00f3r\u00f3l b\u0151vebben a\u00a0www.mariaradio.hu\u00a0internetes oldalon olvashatunk. A M\u00e1ria R\u00e1di\u00f3 ingyenes havi magazinja ig\u00e9nyelhet\u0151, illetve \u00f6nk\u00e9ntes k\u00e9zbes\u00edt\u0151nek is lehet jelentkezni e-mailben a\u00a0keszthely@mariaradio.hu\u00a0c\u00edmen.<\/em><\/p>\n","protected":false},"excerpt":{"rendered":"<p>Nagy \u00f6r\u00f6m sz\u00e1munkra, hogy a M\u00e1ria R\u00e1di\u00f3 ad\u00e1sa\u00a0m\u00e1jus 31-t\u0151l\u00a0foghat\u00f3\u00a0 imm\u00e1ron Keszthelyen \u00e9s k\u00f6rny\u00e9k\u00e9n is az\u00a0FM 93,4\u00a0MHz-en.\u00a0<\/p>\n","protected":false},"author":1,"featured_media":0,"comment_status":"closed","ping_status":"open","sticky":false,"template":"","format":"standard","meta":{"footnotes":""},"categories":[1],"tags":[],"class_list":["post-442","post","type-post","status-publish","format-standard","hentry","category-egyeb"],"_links":{"self":[{"href":"https:\/\/balatonkeresztur.plebania.hu\/index.php\/wp-json\/wp\/v2\/posts\/442","targetHints":{"allow":["GET"]}}],"collection":[{"href":"https:\/\/balatonkeresztur.plebania.hu\/index.php\/wp-json\/wp\/v2\/posts"}],"about":[{"href":"https:\/\/balatonkeresztur.plebania.hu\/index.php\/wp-json\/wp\/v2\/types\/post"}],"author":[{"embeddable":true,"href":"https:\/\/balatonkeresztur.plebania.hu\/index.php\/wp-json\/wp\/v2\/users\/1"}],"replies":[{"embeddable":true,"href":"https:\/\/balatonkeresztur.plebania.hu\/index.php\/wp-json\/wp\/v2\/comments?post=442"}],"version-history":[{"count":1,"href":"https:\/\/balatonkeresztur.plebania.hu\/index.php\/wp-json\/wp\/v2\/posts\/442\/revisions"}],"predecessor-version":[{"id":443,"href":"https:\/\/balatonkeresztur.plebania.hu\/index.php\/wp-json\/wp\/v2\/posts\/442\/revisions\/443"}],"wp:attachment":[{"href":"https:\/\/balatonkeresztur.plebania.hu\/index.php\/wp-json\/wp\/v2\/media?parent=442"}],"wp:term":[{"taxonomy":"category","embeddable":true,"href":"https:\/\/balatonkeresztur.plebania.hu\/index.php\/wp-json\/wp\/v2\/categories?post=442"},{"taxonomy":"post_tag","embeddable":true,"href":"https:\/\/balatonkeresztur.plebania.hu\/index.php\/wp-json\/wp\/v2\/tags?post=442"}],"curies":[{"name":"wp","href":"https:\/\/api.w.org\/{rel}","templated":true}]}}