{"id":438,"date":"2020-05-20T15:52:28","date_gmt":"2020-05-20T15:52:28","guid":{"rendered":"http:\/\/balatonkeresztur.plebania.hu\/?p=438"},"modified":"2020-05-20T15:52:28","modified_gmt":"2020-05-20T15:52:28","slug":"nyilvanos-szentmisek","status":"publish","type":"post","link":"https:\/\/balatonkeresztur.plebania.hu\/index.php\/2020\/05\/20\/nyilvanos-szentmisek\/","title":{"rendered":"Nyilv\u00e1nos szentmis\u00e9k"},"content":{"rendered":"\n<p><strong>M\u00e1jus 24-\u00e9t\u0151l<\/strong> a p\u00fcsp\u00f6ki rendelkez\u00e9s \u00e9rtelm\u00e9ben korl\u00e1toz\u00e1sokkal, de ism\u00e9t tarthat\u00f3 h\u00edvek jelenl\u00e9t\u00e9ben szentmise.<\/p>\n\n\n\n<!--more-->\n\n\n\n<p class=\"has-text-align-center\"><strong>Balatonfenyvesen <\/strong>a Szent Erzs\u00e9bet templomban <strong><u>vas\u00e1rnap 8 \u00f3rakor<\/u><\/strong>,<\/p>\n\n\n\n<p class=\"has-text-align-center\"><strong>Balatonfenyves-als\u00f3n<\/strong> a Sz\u0171z M\u00e1ria Sz\u00edve templomban <strong><u>9<sup>15<\/sup> \u00f3rakor<\/u><\/strong> kezd\u0151dik a szentmise.<\/p>\n\n\n\n<p class=\"has-text-align-center\"><strong>Balatonkereszt\u00faron <\/strong>a pl\u00e9b\u00e1niatemplomban <strong><u>vas\u00e1rnap 11 \u00f3rakor<\/u><\/strong>,<\/p>\n\n\n\n<p class=\"has-text-align-center\"><strong>Balatonm\u00e1riaf\u00fcrd\u0151n<\/strong> a Nagyboldogasszony k\u00e1poln\u00e1ban <strong><u>17 \u00f3rakor<\/u><\/strong> kezd\u0151dik a szentmise.<\/p>\n\n\n\n<p class=\"has-text-align-center\">Egyel\u0151re csak vas\u00e1rnapokon lesznek nyilv\u00e1nos szentmis\u00e9k.<\/p>\n\n\n\n<p>A szentmis\u00e9n val\u00f3 r\u00e9szv\u00e9tel felt\u00e9tele az orrot-sz\u00e1jat eltakar\u00f3 eszk\u00f6z haszn\u00e1lata (maszk, kend\u0151) illetve a min. 1,5 m\u00e9ter t\u00e1vols\u00e1g tart\u00e1sa egym\u00e1st\u00f3l, \u00e1ldoz\u00e1s el\u0151tt pedig k\u00e9zfert\u0151tlen\u00edt\u00e9s!<\/p>\n\n\n\n<p>Figyelj\u00fcnk az el\u0151\u00edr\u00e1sok betart\u00e1s\u00e1ra! <strong>Aki nem tartja be az el\u0151\u00edr\u00e1sokat, nem vehet r\u00e9szt a szentmis\u00e9n!<\/strong><\/p>\n","protected":false},"excerpt":{"rendered":"<p>M\u00e1jus 24-\u00e9t\u0151l a p\u00fcsp\u00f6ki rendelkez\u00e9s \u00e9rtelm\u00e9ben korl\u00e1toz\u00e1sokkal, de ism\u00e9t tarthat\u00f3 h\u00edvek jelenl\u00e9t\u00e9ben szentmise.<\/p>\n","protected":false},"author":1,"featured_media":0,"comment_status":"closed","ping_status":"open","sticky":false,"template":"","format":"standard","meta":{"footnotes":""},"categories":[1],"tags":[],"class_list":["post-438","post","type-post","status-publish","format-standard","hentry","category-egyeb"],"_links":{"self":[{"href":"https:\/\/balatonkeresztur.plebania.hu\/index.php\/wp-json\/wp\/v2\/posts\/438","targetHints":{"allow":["GET"]}}],"collection":[{"href":"https:\/\/balatonkeresztur.plebania.hu\/index.php\/wp-json\/wp\/v2\/posts"}],"about":[{"href":"https:\/\/balatonkeresztur.plebania.hu\/index.php\/wp-json\/wp\/v2\/types\/post"}],"author":[{"embeddable":true,"href":"https:\/\/balatonkeresztur.plebania.hu\/index.php\/wp-json\/wp\/v2\/users\/1"}],"replies":[{"embeddable":true,"href":"https:\/\/balatonkeresztur.plebania.hu\/index.php\/wp-json\/wp\/v2\/comments?post=438"}],"version-history":[{"count":1,"href":"https:\/\/balatonkeresztur.plebania.hu\/index.php\/wp-json\/wp\/v2\/posts\/438\/revisions"}],"predecessor-version":[{"id":439,"href":"https:\/\/balatonkeresztur.plebania.hu\/index.php\/wp-json\/wp\/v2\/posts\/438\/revisions\/439"}],"wp:attachment":[{"href":"https:\/\/balatonkeresztur.plebania.hu\/index.php\/wp-json\/wp\/v2\/media?parent=438"}],"wp:term":[{"taxonomy":"category","embeddable":true,"href":"https:\/\/balatonkeresztur.plebania.hu\/index.php\/wp-json\/wp\/v2\/categories?post=438"},{"taxonomy":"post_tag","embeddable":true,"href":"https:\/\/balatonkeresztur.plebania.hu\/index.php\/wp-json\/wp\/v2\/tags?post=438"}],"curies":[{"name":"wp","href":"https:\/\/api.w.org\/{rel}","templated":true}]}}