{"id":434,"date":"2020-05-17T08:23:07","date_gmt":"2020-05-17T08:23:07","guid":{"rendered":"http:\/\/balatonkeresztur.plebania.hu\/?p=434"},"modified":"2020-05-17T10:24:16","modified_gmt":"2020-05-17T10:24:16","slug":"elokeszuletek-a-nyilvanos-szentmisek-bemutatasahoz","status":"publish","type":"post","link":"https:\/\/balatonkeresztur.plebania.hu\/index.php\/2020\/05\/17\/elokeszuletek-a-nyilvanos-szentmisek-bemutatasahoz\/","title":{"rendered":"El\u0151k\u00e9sz\u00fcletek a nyilv\u00e1nos szentmis\u00e9k bemutat\u00e1s\u00e1hoz"},"content":{"rendered":"\n<p>Varga L\u00e1szl\u00f3 p\u00fcsp\u00f6k \u00far m\u00e1jus 15-\u00e9n hozott rendelkez\u00e9s\u00e9vel feloldja a templomokban a j\u00e1rv\u00e1ny\u00fcgyi korl\u00e1toz\u00e1sokat, ahol a felt\u00e9teleket teljes\u00edteni tudj\u00e1k.<\/p>\n\n\n\n<!--more-->\n\n\n\n<p>A rendelet \u00e9rtelm\u00e9ben <strong>csak ott mutathat\u00f3 be h\u00edvek jelenl\u00e9t\u00e9ben szentmise, ahol &#8222;a mise el\u0151tt-ut\u00e1n a fert\u0151tlen\u00edt\u0151 takar\u00edt\u00e1st meg tudj\u00e1k oldani&#8221; <\/strong>(id\u00e9zet a rendeletb\u0151l). Ebben a fert\u0151tlen\u00edt\u0151 takar\u00edt\u00e1sban k\u00e9rek seg\u00edts\u00e9get: aki \u00fagy \u00e9rzi, hogy tudna ebben seg\u00edteni (a h\u00edveknek a szentmis\u00e9n val\u00f3 r\u00e9szv\u00e9telben, nekem a szentmise megtart\u00e1s\u00e1ban), jelezze nekem kedd d\u00e9lut\u00e1nig a k\u00f6vetkez\u0151 el\u00e9rhet\u0151s\u00e9gek egyik\u00e9n: <a href=\"https:\/\/balatonkeresztur.plebania.hu\/index.php\/elerhetoseg\/\" target=\"_blank\" rel=\"noreferrer noopener\">el\u00e9rhet\u0151s\u00e9g<\/a>. Ezen felt\u00e9tel biztos\u00edt\u00e1sa ut\u00e1n tudok d\u00f6nteni, hogy a n\u00e9gy templom melyik\u00e9ben v\u00e1llalhatom felel\u0151ss\u00e9ggel a szentmis\u00e9k megtart\u00e1s\u00e1t.<\/p>\n\n\n\n<p>A szentmis\u00e9n val\u00f3 r\u00e9szv\u00e9tel tov\u00e1bbi felt\u00e9tele az orr, sz\u00e1j eltakar\u00e1sa v\u00e9d\u0151maszkkal, s\u00e1llal vagy kend\u0151vel, illetve a minimum 1,5 m t\u00e1vols\u00e1g egym\u00e1st\u00f3l val\u00f3 tart\u00e1sa.<\/p>\n\n\n\n<p>A rendelkez\u00e9sben p\u00fcsp\u00f6k \u00far k\u00e9r\u00e9se: &#8222;k\u00e9rem az id\u0151sebb, ill. gyeng\u00e9bb eg\u00e9szs\u00e9g\u0171 testv\u00e9reket, hogy tov\u00e1bbra is maradjanak otthon, \u00e9s a szentmisek\u00f6zvet\u00edt\u00e9sek \u00e9s szem\u00e9lyes im\u00e1ds\u00e1gaik \u00e1ltal kapcsol\u00f3djanak be lelkileg az egyh\u00e1z im\u00e1ds\u00e1g\u00e1ba.&#8221;<\/p>\n\n\n\n<p>Szint\u00e9n a rendelkez\u00e9sb\u0151l: &#8222;K\u00e9rek mindenkit, hogy els\u0151sorban saj\u00e1t lak\u00f3hely\u00e9nek pl\u00e9b\u00e1ni\u00e1j\u00e1n vegyen r\u00e9szt a szentmis\u00e9n.&#8221; Ennek \u00e9rtelm\u00e9ben tisztelettel k\u00e9rem a nyaral\u00f3 h\u00edveket, d\u00f6ntsenek felel\u0151ss\u00e9ggel a vas\u00e1rnapi szentmis\u00e9n val\u00f3 r\u00e9szv\u00e9tel\u00fckr\u0151l!<\/p>\n","protected":false},"excerpt":{"rendered":"<p>Varga L\u00e1szl\u00f3 p\u00fcsp\u00f6k \u00far m\u00e1jus 15-\u00e9n hozott rendelkez\u00e9s\u00e9vel feloldja a templomokban a j\u00e1rv\u00e1ny\u00fcgyi korl\u00e1toz\u00e1sokat, ahol a felt\u00e9teleket teljes\u00edteni tudj\u00e1k.<\/p>\n","protected":false},"author":1,"featured_media":0,"comment_status":"closed","ping_status":"open","sticky":false,"template":"","format":"standard","meta":{"footnotes":""},"categories":[1],"tags":[],"class_list":["post-434","post","type-post","status-publish","format-standard","hentry","category-egyeb"],"_links":{"self":[{"href":"https:\/\/balatonkeresztur.plebania.hu\/index.php\/wp-json\/wp\/v2\/posts\/434","targetHints":{"allow":["GET"]}}],"collection":[{"href":"https:\/\/balatonkeresztur.plebania.hu\/index.php\/wp-json\/wp\/v2\/posts"}],"about":[{"href":"https:\/\/balatonkeresztur.plebania.hu\/index.php\/wp-json\/wp\/v2\/types\/post"}],"author":[{"embeddable":true,"href":"https:\/\/balatonkeresztur.plebania.hu\/index.php\/wp-json\/wp\/v2\/users\/1"}],"replies":[{"embeddable":true,"href":"https:\/\/balatonkeresztur.plebania.hu\/index.php\/wp-json\/wp\/v2\/comments?post=434"}],"version-history":[{"count":2,"href":"https:\/\/balatonkeresztur.plebania.hu\/index.php\/wp-json\/wp\/v2\/posts\/434\/revisions"}],"predecessor-version":[{"id":436,"href":"https:\/\/balatonkeresztur.plebania.hu\/index.php\/wp-json\/wp\/v2\/posts\/434\/revisions\/436"}],"wp:attachment":[{"href":"https:\/\/balatonkeresztur.plebania.hu\/index.php\/wp-json\/wp\/v2\/media?parent=434"}],"wp:term":[{"taxonomy":"category","embeddable":true,"href":"https:\/\/balatonkeresztur.plebania.hu\/index.php\/wp-json\/wp\/v2\/categories?post=434"},{"taxonomy":"post_tag","embeddable":true,"href":"https:\/\/balatonkeresztur.plebania.hu\/index.php\/wp-json\/wp\/v2\/tags?post=434"}],"curies":[{"name":"wp","href":"https:\/\/api.w.org\/{rel}","templated":true}]}}