{"id":432,"date":"2020-05-17T06:54:51","date_gmt":"2020-05-17T06:54:51","guid":{"rendered":"http:\/\/balatonkeresztur.plebania.hu\/?p=432"},"modified":"2020-05-16T18:55:24","modified_gmt":"2020-05-16T18:55:24","slug":"husvet-6-vasarnapja","status":"publish","type":"post","link":"https:\/\/balatonkeresztur.plebania.hu\/index.php\/2020\/05\/17\/husvet-6-vasarnapja\/","title":{"rendered":"H\u00fasv\u00e9t 6. vas\u00e1rnapja"},"content":{"rendered":"\n<p>Alexandriai Szent Cirill p\u00fcsp\u00f6knek a m\u00e1sodik korintusi lev\u00e9lhez \u00edrt magyar\u00e1zat\u00e1b\u00f3l<\/p>\n\n\n\n<!--more-->\n\n\n\n<p>Akik m\u00e1r megkapt\u00e1k a Szentl\u00e9lek lefoglal\u00f3 z\u00e1log\u00e1t, \u00e9s a felt\u00e1mad\u00e1s rem\u00e9ny\u00e9nek a birtokosai, azok a j\u00f6vend\u0151 felt\u00e1mad\u00e1st m\u00e1r jelenval\u00f3nak tartj\u00e1k, \u00e9s azt hangoztatj\u00e1k, hogy ezent\u00fal nem tekintenek senkit emberi szempontb\u00f3l. Mindny\u00e1jan lelkiek vagyunk ugyanis, \u00e9s mentesek a testi romland\u00f3s\u00e1gt\u00f3l. Mert amikor felragyogott felett\u00fcnk Isten egysz\u00fcl\u00f6tt Fia, hasonl\u00f3v\u00e1 lett\u00fcnk a mindent \u00e9ltet\u0151 Ig\u00e9hez. Amint a b\u0171n uralma idej\u00e9n a hal\u00e1l k\u00f6tel\u00e9kei tartottak fogva minket, \u00fagy vetett\u00fck el most a romland\u00f3s\u00e1got az\u00f3ta, hogy k\u00f6zbel\u00e9pett a megigazul\u00e1st szerz\u0151 Krisztus.<\/p>\n\n\n\n<p>Ez\u00e9rt senki sem \u00e9l m\u00e1r testben, azaz testi gyenges\u00e9gben, amit pedig m\u00e9lt\u00e1n \u00e9s joggal tekint\u00fcnk \u00fagy, mint romland\u00f3s\u00e1got. Ez\u00e9rt mondja Szent P\u00e1l: Ha Krisztust azel\u0151tt emberileg ismert\u00fck is, most m\u00e1r nem \u00fagy ismerj\u00fck (<a href=\"http:\/\/www.szentiras.hu\/SZIT\/2%20Kor%205,%2016\" target=\"_blank\" rel=\"noreferrer noopener\">2 Kor 5, 16<\/a>). Mintha ezt akarn\u00e1 mondani: Az Ige testt\u00e9 lett, \u00e9s k\u00f6z\u00f6tt\u00fcnk \u00e9lt (<a href=\"http:\/\/www.szentiras.hu\/SZIT\/Jn%201,%2014\" target=\"_blank\" rel=\"noreferrer noopener\">Jn 1, 14<\/a>), \u00e9s mindannyiunk \u00e9let\u00e9\u00e9rt elv\u00e1llalta a testi hal\u00e1lt. \u00c9s ha mi \u00edgy, testi val\u00f3s\u00e1g\u00e1ban ismert\u00fck is meg \u0151t, ezut\u00e1n m\u00e1r nem \u00edgy ismerj\u00fck. Mert ha meg is tartotta emberi test\u00e9t, azt, amely harmadik napon felt\u00e1madt, \u00e9s az Aty\u00e1n\u00e1l van az \u00e9gben, mindazon\u00e1ltal meg kell \u00e9rten\u00fcnk, hogy Krisztus testf\u00f6l\u00f6ttiv\u00e9 is lett: \u0151 ugyanis egyszer meghalt, de t\u00f6bb\u00e9 meg nem hal, a hal\u00e1l nem lesz t\u00f6bb\u00e9 \u00farr\u00e1 rajta. Hal\u00e1l\u00e1val egyszer s mindenkorra meghalt a b\u0171nnek, \u00e9lve azonban Istennek \u00e9l (v\u00f6. <a href=\"http:\/\/www.szentiras.hu\/SZIT\/R\u00f3m%206,%209-10\" target=\"_blank\" rel=\"noreferrer noopener\">R\u00f3m 6, 9-10<\/a>).<\/p>\n\n\n\n<p>Ha teh\u00e1t ilyen valaki az, aki \u00e9let\u00fcnk el\u0151tt mint z\u00e1szl\u00f3viv\u0151 \u00e1ll, akkor \u00fagy kell nyom\u00e1ba t\u00f6rekedn\u00fcnk, hogy szinte m\u00e1r ne is testben \u00e9l\u0151knek, hanem m\u00e1r testf\u00f6l\u00f6ttieknek bizonyuljunk. Igaza van teh\u00e1t Szent P\u00e1lnak, aki ezt \u00edrja: Mindenki, aki Krisztusban van, \u00faj teremtm\u00e9ny. A r\u00e9gi megsz\u0171nt, valami \u00faj val\u00f3sult meg (<a href=\"http:\/\/www.szentiras.hu\/SZIT\/2%20Kor%205,%2017\" target=\"_blank\" rel=\"noreferrer noopener\">2 Kor 5, 17<\/a>). Megigazultunk ugyanis a hit \u00e1ltal Krisztusban, \u00e9s elt\u0171nt az \u00e1tok ereje. Hiszen \u0151 mi\u00e9rt\u00fcnk t\u00e1madt fel, eltiporva a hal\u00e1l hatalm\u00e1t; \u00edgy megismert\u00fck az igaz \u00e9s t\u00f6k\u00e9letes Istent \u2013 akit l\u00e9lekben \u00e9s igazs\u00e1gban im\u00e1dunk \u2013 a Fi\u00fa k\u00f6zvet\u00edt\u00e9s\u00e9vel, aki mennyei j\u00f3t\u00e9tem\u00e9nyeket eszk\u00f6z\u00f6l ki az Aty\u00e1t\u00f3l a vil\u00e1g sz\u00e1m\u00e1ra.<\/p>\n\n\n\n<p>Ez\u00e9rt mondja igen b\u00f6lcsen Szent P\u00e1l: Ezt Isten viszi v\u00e9gbe, akit Krisztus kiengesztelt ir\u00e1ntunk (<a href=\"http:\/\/www.szentiras.hu\/SZIT\/2%20Kor%205,%2018\" target=\"_blank\" rel=\"noreferrer noopener\">2 Kor 5, 18<\/a>). Mert eg\u00e9szen bizonyos, hogy az Atya akarat\u00e1b\u00f3l val\u00f3sult meg a megtestes\u00fcl\u00e9s miszt\u00e9riuma \u00e9s az ebb\u0151l k\u00f6vetkez\u0151 meg\u00fajul\u00e1s. Hiszen Krisztus \u00e1ltal nyert\u00fck el azt a lehet\u0151s\u00e9get is, hogy az Aty\u00e1hoz j\u00e1rulhatunk. Az \u0151 tan\u00edt\u00e1sa szerint ugyanis senki sem mehet az Aty\u00e1hoz m\u00e1sk\u00e9nt, mint \u0151\u00e1ltala. Teh\u00e1t ezt Isten viszi v\u00e9gbe, akit Krisztus kiengesztelt ir\u00e1ntunk, \u00e9s aki minket a kiengesztel\u0151d\u00e9s szolg\u00e1lat\u00e1val megb\u00edzott (<a href=\"http:\/\/www.szentiras.hu\/SZIT\/2%20Kor%205,%2018\" target=\"_blank\" rel=\"noreferrer noopener\">2 Kor 5, 18<\/a>).<\/p>\n","protected":false},"excerpt":{"rendered":"<p>Alexandriai Szent Cirill p\u00fcsp\u00f6knek a m\u00e1sodik korintusi lev\u00e9lhez \u00edrt magyar\u00e1zat\u00e1b\u00f3l<\/p>\n","protected":false},"author":1,"featured_media":0,"comment_status":"closed","ping_status":"closed","sticky":false,"template":"","format":"standard","meta":{"footnotes":""},"categories":[1],"tags":[],"class_list":["post-432","post","type-post","status-publish","format-standard","hentry","category-egyeb"],"_links":{"self":[{"href":"https:\/\/balatonkeresztur.plebania.hu\/index.php\/wp-json\/wp\/v2\/posts\/432","targetHints":{"allow":["GET"]}}],"collection":[{"href":"https:\/\/balatonkeresztur.plebania.hu\/index.php\/wp-json\/wp\/v2\/posts"}],"about":[{"href":"https:\/\/balatonkeresztur.plebania.hu\/index.php\/wp-json\/wp\/v2\/types\/post"}],"author":[{"embeddable":true,"href":"https:\/\/balatonkeresztur.plebania.hu\/index.php\/wp-json\/wp\/v2\/users\/1"}],"replies":[{"embeddable":true,"href":"https:\/\/balatonkeresztur.plebania.hu\/index.php\/wp-json\/wp\/v2\/comments?post=432"}],"version-history":[{"count":1,"href":"https:\/\/balatonkeresztur.plebania.hu\/index.php\/wp-json\/wp\/v2\/posts\/432\/revisions"}],"predecessor-version":[{"id":433,"href":"https:\/\/balatonkeresztur.plebania.hu\/index.php\/wp-json\/wp\/v2\/posts\/432\/revisions\/433"}],"wp:attachment":[{"href":"https:\/\/balatonkeresztur.plebania.hu\/index.php\/wp-json\/wp\/v2\/media?parent=432"}],"wp:term":[{"taxonomy":"category","embeddable":true,"href":"https:\/\/balatonkeresztur.plebania.hu\/index.php\/wp-json\/wp\/v2\/categories?post=432"},{"taxonomy":"post_tag","embeddable":true,"href":"https:\/\/balatonkeresztur.plebania.hu\/index.php\/wp-json\/wp\/v2\/tags?post=432"}],"curies":[{"name":"wp","href":"https:\/\/api.w.org\/{rel}","templated":true}]}}