{"id":430,"date":"2020-05-15T14:32:03","date_gmt":"2020-05-15T14:32:03","guid":{"rendered":"http:\/\/balatonkeresztur.plebania.hu\/?p=430"},"modified":"2020-05-15T14:32:03","modified_gmt":"2020-05-15T14:32:03","slug":"fopasztori-rendelkezes-a-jarvanyugyi-korlatozasok-reszleges-feloldasarol","status":"publish","type":"post","link":"https:\/\/balatonkeresztur.plebania.hu\/index.php\/2020\/05\/15\/fopasztori-rendelkezes-a-jarvanyugyi-korlatozasok-reszleges-feloldasarol\/","title":{"rendered":"F\u0151p\u00e1sztori rendelkez\u00e9s a j\u00e1rv\u00e1ny\u00fcgyi korl\u00e1toz\u00e1sok r\u00e9szleges felold\u00e1s\u00e1r\u00f3l"},"content":{"rendered":"\n<p>\u00d6sszhangban Magyarorsz\u00e1g Korm\u00e1ny\u00e1nak 168\/2020. (IV.30.) Korm. rendelet\u00e9vel \u00e9s a Magyar Katolikus P\u00fcsp\u00f6ki Konferencia 2020. m\u00e1jus 1-j\u00e9n kiadott k\u00f6zlem\u00e9ny\u00e9vel, a koronav\u00edrus-j\u00e1rv\u00e1ny haz\u00e1nkba t\u00f6rt\u00e9nt bet\u00f6r\u00e9se ut\u00e1n a tov\u00e1bbi fert\u0151z\u00e9sek elker\u00fcl\u00e9se \u00e9rdek\u00e9ben meghozott korl\u00e1toz\u00e1sokat r\u00e9szlegesen feloldva, a Kaposv\u00e1ri Egyh\u00e1zmegy\u00e9ben 2020. m\u00e1jus 18. h\u00e9tf\u0151t\u0151l az al\u00e1bbi rendelkez\u00e9seket l\u00e9ptetem \u00e9letbe.<\/p>\n\n\n\n<!--more-->\n\n\n\n<p>A rendelkez\u00e9s <a href=\"https:\/\/kaposvar.egyhazmegye.hu\/images\/pdf\/RendelkezesekKaposvar_2020maj15.pdf\" target=\"_blank\" rel=\"noreferrer noopener\">let\u00f6lthet\u0151 PDF form\u00e1tumban<\/a>, illetve al\u00e1bb olvashat\u00f3:<\/p>\n\n\n\n<ol class=\"wp-block-list\"><li><strong>Templomainkban<\/strong><\/li><\/ol>\n\n\n\n<ul class=\"wp-block-list\"><li>A templomok, mint a lelki felt\u00f6lt\u0151d\u00e9s \u00e9s im\u00e1ds\u00e1g helyei k\u00fcl\u00f6n\u00f6sen fontosak, ez\u00e9rt az eddigiek szerint lesznek nyitva, de tov\u00e1bbra is felel\u0151sen \u00e9s k\u00f6r\u00fcltekint\u0151en kell elj\u00e1rni.<\/li><li>A szenteltv\u00edztart\u00f3k legyenek mindenhol \u00fcresek. B\u00e1tor\u00edtsuk a h\u00edveket, hogy vigyenek haza otthonaikba szenteltvizet, melyet a sekresty\u00e9kben k\u00e9rhetnek.<\/li><li>Ker\u00fclni kell a k\u00f6zvetlen \u00e9rintkez\u00e9s (t\u00fal k\u00f6zeli tart\u00f3zkod\u00e1s, k\u00e9zfog\u00e1s, \u00f6lel\u00e9s) minden form\u00e1j\u00e1t, s lehet\u0151s\u00e9g szerint a k\u00e9szp\u00e9nzhaszn\u00e1latot is.<\/li><li>A templomban tart\u00f3zkod\u00f3k k\u00f6telesek sz\u00e1jat \u00e9s orrot eltakar\u00f3 eszk\u00f6zt (v\u00e9d\u0151maszk, s\u00e1l, kend\u0151) viselni (kiv\u00e9ve liturgia k\u00f6zben a celebr\u00e1nst \u00e9s a k\u00e1ntort), s megtartani a m\u00e1sf\u00e9l m\u00e9ter szoci\u00e1lis t\u00e1vols\u00e1got.<\/li><li><strong>Csak azok a templomok tarthatnak nyitva<\/strong>, ahol gondoskodni tudnak az emberek \u00e1ltal gyakran \u00e9rintett fel\u00fcletek (kilincsek, ajt\u00f3k, padok, korl\u00e1tok, stb.) tiszt\u00e1n tart\u00e1s\u00e1r\u00f3l \u00e9s fert\u0151tlen\u00edt\u00e9s\u00e9r\u0151l, min\u00e9l r\u00f6videbb id\u0151k\u00f6z\u00f6kkel, s ahol a bel\u00e9p\u0151knek k\u00e9zfert\u0151tlen\u00edt\u00e9si lehet\u0151s\u00e9g \u00e1ll rendelkez\u00e9s\u00e9re (a bej\u00e1ratokn\u00e1l mindenk\u00e9ppen).<\/li><li>Ne helyezz\u00fcnk ki k\u00f6z\u00f6s haszn\u00e1lat\u00fa imak\u00f6nyveket \u00e9s egy\u00e9b t\u00e1rgyakat sem.<\/li><\/ul>\n\n\n\n<ol class=\"wp-block-list\" start=\"2\"><li><strong>Nyilv\u00e1nos szentmis\u00e9k<\/strong><\/li><\/ol>\n\n\n\n<ul class=\"wp-block-list\"><li><strong>Az egyh\u00e1zmegye ter\u00fclet\u00e9re a vas\u00e1rnapi szentmis\u00e9n val\u00f3 r\u00e9szv\u00e9tel k\u00f6telezetts\u00e9ge al\u00f3li felment\u00e9st (CIC 87. k. 1. \u00a7., 1245. k.) tov\u00e1bbra is \u00e9rv\u00e9nyben hagyom.<\/strong> K\u00e9rem az id\u0151sebb, ill. gyeng\u00e9bb eg\u00e9szs\u00e9g\u0171 testv\u00e9reket, hogy tov\u00e1bbra is maradjanak otthon, \u00e9s a szentmisek\u00f6zvet\u00edt\u00e9sek \u00e9s szem\u00e9lyes im\u00e1ds\u00e1gaik \u00e1ltal kapcsol\u00f3djanak be lelkileg az egyh\u00e1z im\u00e1ds\u00e1g\u00e1ba.<\/li><li>L\u00e9g\u00fati panaszokkal k\u00fczd\u0151, valamint l\u00e1zas <strong>betegek nem vehetnek r\u00e9szt <\/strong>k\u00f6z\u00f6s liturgi\u00e1kon.<\/li><li>Ahol a mise el\u0151tt-ut\u00e1n a fert\u0151tlen\u00edt\u0151 takar\u00edt\u00e1st meg tudj\u00e1k oldani, <strong>h\u00e9tk\u00f6znapokon \u00e9s vas\u00e1rnap is tarthat\u00f3 nyilv\u00e1nos szentmise<\/strong> a h\u00edvek r\u00e9szv\u00e9tel\u00e9vel a templomban. Ez esetben fokozottan \u00fcgyelni kell a jelenl\u00e9v\u0151k k\u00f6z\u00f6tti <strong>1,5 m\u00e9ter t\u00e1vols\u00e1gra <\/strong>(az egy h\u00e1ztart\u00e1sban \u00e9l\u0151kre ez nem vonatkozik), tov\u00e1bb\u00e1 a <strong>sz\u00e1jat \u00e9s orrot eltakar\u00f3<\/strong> eszk\u00f6z haszn\u00e1lat\u00e1ra. Ahol ez n\u00f6veli a biztons\u00e1got \u00e9s kivitelezhet\u0151, <strong>javasoljuk a szabadt\u00e9ri szentmis\u00e9k tart\u00e1s\u00e1t<\/strong>. A szabadt\u00e9ri szentmis\u00e9n \u00e9s az \u00e1ldoztat\u00e1skor is a r\u00e9sztvev\u0151k k\u00f6telesek megtartani egym\u00e1st\u00f3l a 1,5 m\u00e9ter t\u00e1vols\u00e1got, \u00e9s a t\u00f6bbi eg\u00e9szs\u00e9g\u00fcgyi el\u0151\u00edr\u00e1st is, melyek a szentmis\u00e9re vonatkoznak.<\/li><li>Ahol a templom kis m\u00e9rete miatt nem megoldhat\u00f3 a vas\u00e1rnapi szentmise biztons\u00e1gos v\u00e9gz\u00e9se, ott tov\u00e1bbra se legyenek a h\u00edvek jelenl\u00e9t\u00e9ben \u00fcnnepelt szentmis\u00e9k! Ilyen helyeken a szentmise ut\u00e1n vagy m\u00e1s alkalmas id\u0151pontban a templomban vagy a templom el\u0151tt lehet \u00e1ldoztatni, az arra vonatkoz\u00f3 szab\u00e1lyok betart\u00e1s\u00e1val.<\/li><li>A szentmis\u00e9ken tov\u00e1bbra is k\u00e9rj\u00fck a k\u00e9zfog\u00e1s, ill. a nyelvre \u00e9s k\u00e9t sz\u00edn alatti \u00e1ldoztat\u00e1s elhagy\u00e1s\u00e1t \u00e9s a k\u00e9zbe \u00e1ldoztat\u00e1s \u00e1ltal\u00e1noss\u00e1 t\u00e9tel\u00e9t. Tov\u00e1bbi rendelkez\u00e9sig ez az \u00e1ldoztat\u00e1s egyetlen lehets\u00e9ges m\u00f3dja.<\/li><li>A szentmis\u00e9ken csak a sz\u00fcks\u00e9ges sz\u00e1m\u00fa seg\u00e9dkez\u0151 asszisztencia szolg\u00e1ljon az olt\u00e1rn\u00e1l. Nekik is k\u00f6telez\u0151 az orr-sz\u00e1j maszk visel\u00e9se.<\/li><li>Az <strong>\u00e1ldoztat\u00f3<\/strong> (klerikus vagy vil\u00e1gi) k\u00f6teles k\u00f6zvetlen az \u00e1ldoztat\u00e1s megkezd\u00e9se el\u0151tt \u00e9s annak befejez\u00e9se ut\u00e1n higi\u00e9n\u00e9s k\u00e9zfert\u0151tlen\u00edt\u00e9st v\u00e9gezni. Ha hozz\u00e1\u00e9r az \u00e1ldoz\u00f3 kez\u00e9hez, akkor ism\u00e9telten fert\u0151tlen\u00edtse kez\u00e9t! Az \u00e1ldoztat\u00e1s ideje alatt k\u00f6teles minden \u00e1ldoztat\u00f3 orr-sz\u00e1j maszkot viselni. (Ezt a saj\u00e1t \u00e1ldoz\u00e1suk ut\u00e1n, de m\u00e9g a k\u00e9zfert\u0151tlen\u00edt\u00e9s el\u0151tt vegy\u00e9k fel.)<\/li><li>Gondoskodjunk arr\u00f3l, hogya <strong>h\u00edvek<\/strong> higi\u00e9n\u00e9s k\u00e9zfert\u0151tlen\u00edt\u00e9st v\u00e9gezzenek a <strong>szent\u00e1ldoz\u00e1s<\/strong> el\u0151tt.&nbsp;Aki v\u00e9d\u0151keszty\u0171t visel annak a fert\u0151tlen\u00edt\u00e9se is sz\u00fcks\u00e9ges! Az \u00e1ldoz\u00e1shoz j\u00e1rul\u00f3 h\u00edvek a 1,5 m\u00e9teres t\u00e1vols\u00e1got tarts\u00e1k meg egym\u00e1st\u00f3l, a sz\u00e1jmaszkot a gumis p\u00e1ntn\u00e1l fogva h\u00fazz\u00e1k le m\u00e9g a k\u00e9zfert\u0151tlen\u00edt\u00e9s el\u0151tt, majd az \u00e1ldoz\u00e1s ut\u00e1n h\u00fazz\u00e1k vissza. (\u00dcgyeljenek arra, hogy a maszk k\u00fcls\u0151 felsz\u00edn\u00e9t ne \u00e9rints\u00e9k.)<\/li><li><strong>\u00c1ldoztat\u00e1s m\u00e1sik lehets\u00e9ges m\u00f3dja<\/strong>, amikor a h\u00edvek hely\u00fck\u00f6n maradnak, \u00edgy a megfelel\u0151 t\u00e1vols\u00e1g megtart\u00e1sa biztos\u00edtott. Akik \u00e1ldozni szeretn\u00e9nek, \u00e1llva maradnak a hely\u00fck\u00f6n, a t\u00f6bbiek le\u00fclnek. Egy v\u00e9d\u0151maszkot visel\u0151 seg\u00edt\u0151 egy pump\u00e1s vagy spray-pump\u00e1s fert\u0151tlen\u00edt\u0151vel seg\u00edti a h\u00edvek k\u00e9zfert\u0151tlen\u00edt\u00e9s\u00e9t, ezut\u00e1n \u00e1ldoztatja meg a v\u00e9d\u0151maszkot visel\u0151 \u00e1ldoztat\u00f3 hely\u00fck\u00f6n a h\u00edveket.<\/li><li>A <strong>perselyadom\u00e1nyokat t\u00e1voz\u00e1skor<\/strong> helyezz\u00e9k a kosarakba vagy perselyekbe a kij\u00e1ratn\u00e1l, ker\u00fclve a csoportosul\u00e1st. H\u00edvjuk fel a h\u00edvek figyelm\u00e9t arra, hogy banki \u00e1tutal\u00e1ssal is eljuttathatj\u00e1k adom\u00e1nyukat vagy m\u00e1s c\u00e9l\u00fa t\u00e1mogat\u00e1sukat.<\/li><li><strong>A fentiek betartat\u00e1s\u00e1\u00e9rt a pl\u00e9b\u00e1nos a felel\u0151s<\/strong>. <strong>Amennyiben \u00fagy l\u00e1tja, hogy egy adott helyen nem garant\u00e1lhat\u00f3 a j\u00e1rv\u00e1ny\u00fcgyi szab\u00e1lyok marad\u00e9ktalan betart\u00e1sa, d\u00f6nthet a nyilv\u00e1nos szentmis\u00e9k tov\u00e1bbi sz\u00fcneteltet\u00e9se mellett. <\/strong>Err\u0151l elektronikus lev\u00e9lben felt\u00e9tlen\u00fcl \u00e9rtes\u00edtse a P\u00fcsp\u00f6ki Irod\u00e1t.<\/li><li><strong>A 65 \u00e9v feletti vagy kr\u00f3nikus betegs\u00e9ggel k\u00fczd\u0151 paptestv\u00e9rek nem k\u00f6telezettek nyilv\u00e1nos szentmise bemutat\u00e1s\u00e1ra. <\/strong>Amennyiben m\u00e9gis nyilv\u00e1nosan mis\u00e9znek, <strong>ne \u00e1ldoztassanak<\/strong>, hanem vegy\u00e9k ig\u00e9nybe a diak\u00f3nus vagy a megb\u00edz\u00e1ssal rendelkez\u0151 rendk\u00edv\u00fcli \u00e1ldoztat\u00f3 seg\u00edts\u00e9g\u00e9t.<\/li><li>A liturgi\u00e1t a r\u00f3mai r\u00edtust jellemz\u0151 nemes egyszer\u0171s\u00e9ggel \u00e9s j\u00f3zans\u00e1ggal v\u00e9gezz\u00fck \u00e9s a helyzetnek megfelel\u0151 nem hossz\u00fa pr\u00e9dik\u00e1ci\u00f3t mondjunk.<\/li><\/ul>\n\n\n\n<ol class=\"wp-block-list\" start=\"3\"><li><strong>Egy\u00e9b szertart\u00e1sok<\/strong><\/li><\/ol>\n\n\n\n<ul class=\"wp-block-list\"><li>Az MKPK 2020. m\u00e1rcius 17-\u00e9n kelt d\u00f6nt\u00e9se \u00e9rtelm\u00e9ben tov\u00e1bbra is \u00e9rv\u00e9nyben van az <strong>\u00e1ltal\u00e1nos feloldoz\u00e1s megad\u00e1s\u00e1nak lehet\u0151s\u00e9ge<\/strong>. A f\u00fclgy\u00f3n\u00e1sra vonatkoz\u00f3an k\u00e9rem, hogy a h\u00edvek gy\u00f3ntat\u00e1sa ne t\u00f6rt\u00e9njen gy\u00f3ntat\u00f3sz\u00e9kben. Ehelyett egy erre alkalmas, nagyobb helyis\u00e9gben vagy szabadt\u00e9ren ker\u00fclj\u00f6n r\u00e1 sor. Ez esetben is \u00fcgyelni kell a megfelel\u0151 t\u00e1vols\u00e1gra, tov\u00e1bb\u00e1 a sz\u00e1jat \u00e9s orrot eltakar\u00f3 eszk\u00f6z haszn\u00e1lat\u00e1ra (gy\u00f3n\u00f3 \u00e9s gy\u00f3ntat\u00f3 r\u00e9sz\u00e9r\u0151l egyar\u00e1nt).<\/li><li>A <strong>keresztel\u00e9st<\/strong>, amennyiben a kiszolg\u00e1ltat\u00e1sa sz\u00fcks\u00e9ges, sz\u0171k k\u00f6rben (sz\u00fcl\u0151k \u00e9s keresztsz\u00fcl\u0151k jelenl\u00e9t\u00e9ben) v\u00e9gezz\u00fck, betartva a fenti el\u0151\u00edr\u00e1sokat.<\/li><li>Az \u00fcnnep\u00e9lyes esk\u00fcv\u0151ket lehet\u0151s\u00e9g szerint tegy\u00e9k \u00e1t k\u00e9s\u0151bbi id\u0151pontra. Egy\u00e9bir\u00e1nt a <strong>h\u00e1zass\u00e1gk\u00f6t\u00e9st<\/strong> rendk\u00edv\u00fcli \u00f3vatoss\u00e1ggal, a fenti szab\u00e1lyok marad\u00e9ktalan betart\u00e1s\u00e1val, sz\u0171k k\u00f6rben (tan\u00fak \u00e9s sz\u00fcl\u0151k jelenl\u00e9t\u00e9ben) \u00fcnnepelj\u00e9k a templomban.<\/li><li>\u00dcnnep\u00e9lyes els\u0151\u00e1ldoz\u00e1s \u00e9s b\u00e9rm\u00e1l\u00e1s tov\u00e1bbi rendelkez\u00e9sig nem tarthat\u00f3.<\/li><li>A <strong>betegell\u00e1t\u00e1s<\/strong> \u00e9s a rendk\u00edv\u00fcli \u00e1ldoztat\u00e1s tekintet\u00e9ben mindenben k\u00f6vess\u00fck az \u00e1llami j\u00e1rv\u00e1ny\u00fcgyi el\u0151\u00edr\u00e1sokat \u00e9s a Magyar Katolikus P\u00fcsp\u00f6ki Konferencia 2020. m\u00e1rcius 17-\u00e9n megjelent rendelkez\u00e9s\u00e9hez kiadott liturgikus mell\u00e9kletet.<\/li><li>A <strong>temet\u00e9st<\/strong> tov\u00e1bbra is egyszer\u0171 form\u00e1ban \u00e9s r\u00f6viden v\u00e9gezz\u00fck a s\u00edrn\u00e1l, a ravataloz\u00f3 mell\u0151z\u00e9s\u00e9vel. A r\u00e9sztvev\u0151ket figyelmeztess\u00fck a megfelel\u0151 t\u00e1vols\u00e1g \u00e9s a sz\u00fcks\u00e9ges \u00f3vint\u00e9zked\u00e9sek megtart\u00e1s\u00e1ra.<\/li><li>Pap t\u00e1voll\u00e9t\u00e9ben tartott <strong>vas\u00e1rnapi<\/strong> <strong>igeliturgia<\/strong> a szentmis\u00e9hez hasonl\u00f3 felt\u00e9telekkel tarthat\u00f3 meg.<\/li><li>Minden nyilv\u00e1nos, templomban tartott <strong>k\u00f6z\u00f6ss\u00e9gi im\u00e1ds\u00e1gra<\/strong> (r\u00f3zsaf\u00fcz\u00e9r, lit\u00e1nia, szents\u00e9gim\u00e1d\u00e1s stb.) a h\u00e9tk\u00f6znapi szentmis\u00e9n\u00e9l le\u00edrtak az ir\u00e1nyad\u00f3k (megfelel\u0151 t\u00e1vols\u00e1g tart\u00e1sa, sz\u00e1jat \u00e9s orrot eltakar\u00f3 eszk\u00f6z haszn\u00e1lata, \u00e9nekl\u00e9s mell\u0151z\u00e9se).<\/li><li>Csoportos zar\u00e1ndoklatok, imatal\u00e1lkoz\u00f3k, k\u00f6rmenetek tov\u00e1bbi rendelkez\u00e9sig nem tarthat\u00f3k.<\/li><li>K\u00e9rek mindenkit, hogy els\u0151sorban saj\u00e1t lak\u00f3hely\u00e9nek pl\u00e9b\u00e1ni\u00e1j\u00e1n vegyen r\u00e9szt a szentmis\u00e9n.<\/li><li>K\u00fcl\u00f6n felh\u00edvom a figyelmet arra, hogy a b\u00facs\u00faj\u00e1r\u00f3helyek vas\u00e1rnapi szentmis\u00e9in csak a helyi h\u00edvek vehetnek r\u00e9szt.<\/li><\/ul>\n\n\n\n<p>A fentiek tov\u00e1bbi rendelkez\u00e9sig \u00e9rv\u00e9nyesek.<\/p>\n\n\n\n<p>K\u00e9rem a Paptestv\u00e9reket, a lehet\u0151 legt\u00f6bb f\u00f3rumon h\u00edvj\u00e1k fel a h\u00edvek figyelm\u00e9t e v\u00e1ltoz\u00e1sokra \u00e9s szab\u00e1lyokra.<\/p>\n\n\n\n<p>A hat\u00f3s\u00e1gokkal tov\u00e1bbra is k\u00e9szs\u00e9gesen m\u0171k\u00f6dj\u00fcnk egy\u00fctt mindenben, \u00e9s tartsuk be az \u00e1ltaluk adott \u00e1ltal\u00e1nos ir\u00e1nyelveket.<\/p>\n\n\n\n<p>Tev\u00e9keny \u00e9s tal\u00e1l\u00e9kony lelkip\u00e1sztori gondoss\u00e1ggal figyelj\u00fcnk egym\u00e1sra, f\u0151leg seg\u00edts\u00e9gre szorul\u00f3, beteg \u00e9s id\u0151s testv\u00e9reinkre.<\/p>\n\n\n\n<p>Im\u00e1dkozzunk tov\u00e1bbra is a Mindenhat\u00f3 Istenhez a j\u00e1rv\u00e1ny elm\u00fal\u00e1s\u00e1\u00e9rt, \u00e9s k\u00e9rj\u00fck buzg\u00f3n a Boldogs\u00e1gos Sz\u0171z M\u00e1ria \u00e9s Szent L\u00e1szl\u00f3 kir\u00e1ly k\u00f6zbenj\u00e1r\u00e1s\u00e1t.<\/p>\n\n\n\n<p>Kaposv\u00e1r, 2020. m\u00e1jus 15.<\/p>\n\n\n\n<p>\u2020 Varga L\u00e1szl\u00f3<\/p>\n\n\n\n<p>megy\u00e9sp\u00fcsp\u00f6k<\/p>\n","protected":false},"excerpt":{"rendered":"<p>\u00d6sszhangban Magyarorsz\u00e1g Korm\u00e1ny\u00e1nak 168\/2020. (IV.30.) Korm. rendelet\u00e9vel \u00e9s a Magyar Katolikus P\u00fcsp\u00f6ki Konferencia 2020. m\u00e1jus 1-j\u00e9n kiadott k\u00f6zlem\u00e9ny\u00e9vel, a koronav\u00edrus-j\u00e1rv\u00e1ny haz\u00e1nkba t\u00f6rt\u00e9nt bet\u00f6r\u00e9se ut\u00e1n a tov\u00e1bbi fert\u0151z\u00e9sek elker\u00fcl\u00e9se \u00e9rdek\u00e9ben meghozott korl\u00e1toz\u00e1sokat r\u00e9szlegesen feloldva, a Kaposv\u00e1ri Egyh\u00e1zmegy\u00e9ben 2020. m\u00e1jus 18. h\u00e9tf\u0151t\u0151l &hellip; <a href=\"https:\/\/balatonkeresztur.plebania.hu\/index.php\/2020\/05\/15\/fopasztori-rendelkezes-a-jarvanyugyi-korlatozasok-reszleges-feloldasarol\/\">Egy kattint\u00e1s ide a folytat\u00e1shoz&#8230;. <span class=\"meta-nav\">&rarr;<\/span><\/a><\/p>\n","protected":false},"author":1,"featured_media":0,"comment_status":"closed","ping_status":"open","sticky":false,"template":"","format":"standard","meta":{"footnotes":""},"categories":[1],"tags":[],"class_list":["post-430","post","type-post","status-publish","format-standard","hentry","category-egyeb"],"_links":{"self":[{"href":"https:\/\/balatonkeresztur.plebania.hu\/index.php\/wp-json\/wp\/v2\/posts\/430","targetHints":{"allow":["GET"]}}],"collection":[{"href":"https:\/\/balatonkeresztur.plebania.hu\/index.php\/wp-json\/wp\/v2\/posts"}],"about":[{"href":"https:\/\/balatonkeresztur.plebania.hu\/index.php\/wp-json\/wp\/v2\/types\/post"}],"author":[{"embeddable":true,"href":"https:\/\/balatonkeresztur.plebania.hu\/index.php\/wp-json\/wp\/v2\/users\/1"}],"replies":[{"embeddable":true,"href":"https:\/\/balatonkeresztur.plebania.hu\/index.php\/wp-json\/wp\/v2\/comments?post=430"}],"version-history":[{"count":1,"href":"https:\/\/balatonkeresztur.plebania.hu\/index.php\/wp-json\/wp\/v2\/posts\/430\/revisions"}],"predecessor-version":[{"id":431,"href":"https:\/\/balatonkeresztur.plebania.hu\/index.php\/wp-json\/wp\/v2\/posts\/430\/revisions\/431"}],"wp:attachment":[{"href":"https:\/\/balatonkeresztur.plebania.hu\/index.php\/wp-json\/wp\/v2\/media?parent=430"}],"wp:term":[{"taxonomy":"category","embeddable":true,"href":"https:\/\/balatonkeresztur.plebania.hu\/index.php\/wp-json\/wp\/v2\/categories?post=430"},{"taxonomy":"post_tag","embeddable":true,"href":"https:\/\/balatonkeresztur.plebania.hu\/index.php\/wp-json\/wp\/v2\/tags?post=430"}],"curies":[{"name":"wp","href":"https:\/\/api.w.org\/{rel}","templated":true}]}}