{"id":426,"date":"2020-05-10T06:56:02","date_gmt":"2020-05-10T06:56:02","guid":{"rendered":"http:\/\/balatonkeresztur.plebania.hu\/?p=426"},"modified":"2020-05-10T08:28:33","modified_gmt":"2020-05-10T08:28:33","slug":"husvet-5-vasarnapja","status":"publish","type":"post","link":"https:\/\/balatonkeresztur.plebania.hu\/index.php\/2020\/05\/10\/husvet-5-vasarnapja\/","title":{"rendered":"H\u00fasv\u00e9t 5. vas\u00e1rnapja"},"content":{"rendered":"\n<p>Ne nyugtalankodj\u00e9k sz\u00edvetek!<\/p>\n\n\n\n<!--more-->\n\n\n\n<p>J\u00e9zus ma azt mondta az evang\u00e9liumban: \u201e<em>Ne nyugtalankodj\u00e9k a sz\u00edvetek. Higgyetek az Istenben\u2026<\/em>\u201d Nek\u00fcnk is ezt mondja: ne nyugtalankodjunk. Ne hagyjuk, hogy a vil\u00e1g nyugtalans\u00e1ga hasson r\u00e1nk is.<\/p>\n\n\n\n<p>\u00c9rdekes, hogy ezt mikor mondja az apostoloknak, hogy higgyenek benne. A felt\u00e1mad\u00e1s\u00e1t k\u00f6vet\u0151 sokadik megjelen\u00e9se alkalm\u00e1val. Mert az apostolok m\u00e9g mindig nem hittek benne, vagy nem \u00fagy hittek benne, ahogy kell. M\u00e9g mindig nem fogt\u00e1k fel, hogy az Isten nem fog beleny\u00falni a vil\u00e1g foly\u00e1s\u00e1ba. Eg\u00e9sz egyszer\u0171en csak \u00fatmutat\u00f3t ad, hogy hogyan kell \u00e9lni. \u00c9rdekes, hogy az apostoloknak m\u00e9g a felt\u00e1mad\u00e1s \u00e9s a t\u00f6bbsz\u00f6ri megjelen\u00e9s ut\u00e1n sem volt hit\u00fck. Egyszer\u0171en nem tudtak azzal mit kezdeni, hogy J\u00e9zus felt\u00e1madt, majd azzal, hogy a felt\u00e1mad\u00e1s ut\u00e1n nem marad vel\u00fck. Hisz szomor\u00faak voltak amiatt, hogy J\u00e9zus a mennybe akart menni. Ez\u00e9rt mondta nekik J\u00e9zus, hogy ne nyugtalankodj\u00e9k a sz\u00edv\u00fck&#8230;<\/p>\n\n\n\n<p>Azt\u00e1n mondott egy nagyon \u00e9rdekes mondatot: <em>\u201eElmegyek, helyet k\u00e9sz\u00edtek nektek&#8221;<\/em>. Vagyis nem hagyja el az apostolokat, nem hagyja \u0151ket magukra. Ellenkez\u0151leg, \u00e9ppen az\u00e9rt megy, hogy a hely\u00fcket elk\u00e9sz\u00edtse a mennyben. Enn\u00e9l nagyobb vigasztal\u00e1st ember nem kaphat, mint hogy a mennybe k\u00e9sz\u00edtenek sz\u00e1m\u00e1ra helyet. \u00c9s most J\u00e9zus nek\u00fcnk is ezt mondja, hogy m\u00e1r elk\u00e9sz\u00edtettem a helyed, v\u00e1rlak. \u00c9s ezek nem \u00fcres szavak, ez nem kital\u00e1ci\u00f3, ez a val\u00f3s\u00e1g! J\u00e9zus val\u00f3ban v\u00e1r minket. Szem\u00e9lyesen \u00e9s szem\u00e9ly szerint mindannyiunkat!<\/p>\n\n\n\n<p>Az eg\u00e9sz h\u00fasv\u00e9ti id\u0151 err\u0151l sz\u00f3l, hogy erre r\u00e1d\u00f6bbenj\u00fcnk: J\u00e9zus v\u00e1r benn\u00fcnket. Ez\u00e9rt nem szabad nyugtalankodnunk. \u0150 v\u00e1r minket, helyet k\u00e9sz\u00edtett nek\u00fcnk. Ha ezt elhissz\u00fck, ha ezt felfogjuk akkor az eg\u00e9sz \u00e9let\u00fcnk megv\u00e1ltozhat. Mert akkor r\u00e1j\u00f6v\u00fcnk, hogy nem a k\u00f6rnyezet\u00fcnknek kell megfelelni, nem azt kell n\u00e9zni, hogy m\u00e1soknak hogyan lenne j\u00f3 az \u00e9n viselked\u00e9sem, hanem egyed\u00fcl az Istennek akarunk megfelelni, hogy ha m\u00e1r elk\u00e9sz\u00edtette a hely\u00fcnket, akkor azt el is foglalhassuk\u2026 Ha ezt tartjuk szem el\u0151tt, akkor r\u00e1j\u00f6v\u00fcnk, hogy val\u00f3ban nem kell idegeskedni, nem kell nyugtalankodni. Isten mindent elrendezett m\u00e1r. Nek\u00fcnk csak bele kell simulni az \u0150 terv\u00e9be, vagy ha \u00edgy jobban tetszik, az \u0150 \u201etenyer\u00e9be\u201d kell helyezn\u00fcnk magunkat. Ennyi a eg\u00e9sz.<\/p>\n\n\n\n<p>Ma ezt mondja J\u00e9zus mindannyiunknak, amit vonatkoztathatunk ak\u00e1r H\u00fasv\u00e9t 5. vas\u00e1rnapj\u00e1ra, de ak\u00e1r a jelen helyzetre is: <em>\u201eNe nyugtalankodj\u00e9k a sz\u00edvetek! Higgyetek az Istenben \u00e9s bennem is higgyetek!<\/em>\u201d<\/p>\n\n\n\n<iframe loading=\"lazy\" width=\"560\" height=\"315\" src=\"https:\/\/www.youtube.com\/embed\/v1_nP9siZxQ\" frameborder=\"0\" allow=\"accelerometer; autoplay; encrypted-media; gyroscope; picture-in-picture\" allowfullscreen><\/iframe>\n\n\n\n<p><\/p>\n","protected":false},"excerpt":{"rendered":"<p>Ne nyugtalankodj\u00e9k sz\u00edvetek!<\/p>\n","protected":false},"author":1,"featured_media":0,"comment_status":"closed","ping_status":"open","sticky":false,"template":"","format":"standard","meta":{"footnotes":""},"categories":[1],"tags":[],"class_list":["post-426","post","type-post","status-publish","format-standard","hentry","category-egyeb"],"_links":{"self":[{"href":"https:\/\/balatonkeresztur.plebania.hu\/index.php\/wp-json\/wp\/v2\/posts\/426","targetHints":{"allow":["GET"]}}],"collection":[{"href":"https:\/\/balatonkeresztur.plebania.hu\/index.php\/wp-json\/wp\/v2\/posts"}],"about":[{"href":"https:\/\/balatonkeresztur.plebania.hu\/index.php\/wp-json\/wp\/v2\/types\/post"}],"author":[{"embeddable":true,"href":"https:\/\/balatonkeresztur.plebania.hu\/index.php\/wp-json\/wp\/v2\/users\/1"}],"replies":[{"embeddable":true,"href":"https:\/\/balatonkeresztur.plebania.hu\/index.php\/wp-json\/wp\/v2\/comments?post=426"}],"version-history":[{"count":2,"href":"https:\/\/balatonkeresztur.plebania.hu\/index.php\/wp-json\/wp\/v2\/posts\/426\/revisions"}],"predecessor-version":[{"id":429,"href":"https:\/\/balatonkeresztur.plebania.hu\/index.php\/wp-json\/wp\/v2\/posts\/426\/revisions\/429"}],"wp:attachment":[{"href":"https:\/\/balatonkeresztur.plebania.hu\/index.php\/wp-json\/wp\/v2\/media?parent=426"}],"wp:term":[{"taxonomy":"category","embeddable":true,"href":"https:\/\/balatonkeresztur.plebania.hu\/index.php\/wp-json\/wp\/v2\/categories?post=426"},{"taxonomy":"post_tag","embeddable":true,"href":"https:\/\/balatonkeresztur.plebania.hu\/index.php\/wp-json\/wp\/v2\/tags?post=426"}],"curies":[{"name":"wp","href":"https:\/\/api.w.org\/{rel}","templated":true}]}}