{"id":408,"date":"2020-04-26T07:15:54","date_gmt":"2020-04-26T07:15:54","guid":{"rendered":"http:\/\/balatonkeresztur.plebania.hu\/?p=408"},"modified":"2020-04-25T18:08:21","modified_gmt":"2020-04-25T18:08:21","slug":"husvet-3-vasarnapja","status":"publish","type":"post","link":"https:\/\/balatonkeresztur.plebania.hu\/index.php\/2020\/04\/26\/husvet-3-vasarnapja\/","title":{"rendered":"H\u00fasv\u00e9t 3. vas\u00e1rnapja"},"content":{"rendered":"\n<p>Az emmauszi k\u00e9t tan\u00edtv\u00e1ny sz\u00e1m\u00e1ra fordul\u00f3pontot jelent a keny\u00e9rt\u00f6r\u00e9s. Felismerik az Urat \u00e9s azonnal visszaindulnak Jeruzs\u00e1lembe. Csal\u00f3dottan j\u00f6ttek, de most lelkesen mennek vissza. K\u00e9telkedve j\u00f6ttek, de most m\u00e1r hit \u00e9bredt benn\u00fck. Nem \u00e9rtett\u00e9k hivat\u00e1sukat, de most m\u00e1r tudj\u00e1k, hogy a felt\u00e1mad\u00e1s tan\u00fai \u00e9s hirdet\u0151i lettek.<\/p>\n\n\n\n<!--more-->\n\n\n\n<p>M\u00e9ly jelent\u00e9s\u0171 a Jeruzs\u00e1lemb\u0151l Emmauszba indul\u00e1s. A visszat\u00e9r\u00e9s jelk\u00e9pe. \u00c9vekkel kor\u00e1bban e helyr\u0151l \u00e9rkezett a k\u00e9t tan\u00edtv\u00e1ny, hogy J\u00e9zus k\u00f6vet\u0151i legyenek. \u00c9s most ide t\u00e9rnek vissza, mintha nem t\u00f6rt\u00e9nt volna semmi, illetve ami t\u00f6rt\u00e9nt Mester\u00fckkel, az kudarcnak nevezhet\u0151. Sok rem\u00e9nyt f\u0171ztek J\u00e9zushoz, de minden szertefoszlott hal\u00e1l\u00e1val. \u0150k maguk mondj\u00e1k: \u201ePedig mi azt rem\u00e9lt\u00fck, hogy \u0151 v\u00e1ltja meg Izraelt\u201d (Lk 24,21). Az \u0151 szemsz\u00f6g\u00fckb\u0151l \u00fagy t\u0171nik, hogy tan\u00edtv\u00e1nyi \u00e9let\u00fck v\u00e9get \u00e9rt, vissza kell t\u00e9rni\u00fck oda, ahonnan elindultak. \u00c9let\u00fck ott folytat\u00f3dik, ahol abbahagyt\u00e1k akkor, amikor J\u00e9zus nyom\u00e1ba szeg\u0151dtek. Nem csak \u0151k ketten gondolkoznak \u00edgy, hanem az apostolok is. Gondoljunk, csak P\u00e9terre, akit a felt\u00e1mad\u00e1s ut\u00e1n ism\u00e9t ott tal\u00e1lunk a Tib\u00e9ri\u00e1s-t\u00f3 partj\u00e1n. Ezt mondja apostolt\u00e1rsainak: \u201eMegyek hal\u00e1szni.\u201d A t\u00f6bbiek pedig ezt v\u00e1laszolj\u00e1k: \u201eMi is veled megy\u00fcnk\u201d (Jn 21,3). Mintegy h\u00e1rom \u00e9vvel kor\u00e1bban ezen a helyen tal\u00e1lkoztak el\u0151sz\u00f6r J\u00e9zussal, itt sz\u00f3l\u00edtotta meg \u0151ket, e helyen h\u00edvta el \u0151ket a hal\u00e1szh\u00e1l\u00f3 mell\u0151l, hogy emberhal\u00e1szokk\u00e1 legyenek. \u00c9s most \u0151k \u00fajra itt vannak, visszat\u00e9rnek eredeti mesters\u00e9g\u00fckh\u00f6z, mert J\u00e9zus meghalt.<\/p>\n\n\n\n<p>Mit tan\u00edt nek\u00fcnk a t\u00f6rt\u00e9net? J\u00e9zus Krisztus felt\u00e1mad\u00e1sa \u00f3ta a csal\u00f3dotts\u00e1g, a k\u00e9ts\u00e9gbees\u00e9s, a f\u00e9lelem, a kishit\u0171s\u00e9g b\u0171n, aminek nincs helye az \u00e9let\u00fcnkben. Mert amikor engedem, hogy ezek a negat\u00edv \u00e9rz\u00e9sek feler\u0151s\u00f6djenek bennem \u00e9s eluralkodjanak \u00e9letemen, akkor elt\u00e1volodok Istent\u0151l, elszak\u00edtom magamat t\u0151le, \u00e9s ebben az \u00e9rtelemben b\u0171nt k\u00f6vetek el. Amikor belet\u00f6r\u0151d\u00f6tten elfogadok egy helyzetet, k\u00e9nyszer\u0171en elfogadom a l\u00e1tszatot, amely t\u00e9nynek mutatkozik sz\u00e1momra, vagy amikor \u00fagy v\u00e9lem, hogy m\u00e1r nem tudok v\u00e1ltoztatni semmit, akkor azon a bizonyos emmauszi \u00faton j\u00e1rok, \u00e9s ez az \u00fat t\u00e1vol visz az Istent\u0151l a szent helyekt\u0151l, a kereszt titk\u00e1t\u00f3l, a felt\u00e1mad\u00e1s esem\u00e9ny\u00e9t\u0151l. J\u00e9zus olyan jelet mutat, amely visszaford\u00edt ezen az \u00faton, hogy rem\u00e9nnyel a sz\u00edvemben, b\u00e1tran \u00e9s lelkesen keressem Isten k\u00f6zels\u00e9g\u00e9t.<\/p>\n","protected":false},"excerpt":{"rendered":"<p>Az emmauszi k\u00e9t tan\u00edtv\u00e1ny sz\u00e1m\u00e1ra fordul\u00f3pontot jelent a keny\u00e9rt\u00f6r\u00e9s. Felismerik az Urat \u00e9s azonnal visszaindulnak Jeruzs\u00e1lembe. Csal\u00f3dottan j\u00f6ttek, de most lelkesen mennek vissza. K\u00e9telkedve j\u00f6ttek, de most m\u00e1r hit \u00e9bredt benn\u00fck. Nem \u00e9rtett\u00e9k hivat\u00e1sukat, de most m\u00e1r tudj\u00e1k, hogy a &hellip; <a href=\"https:\/\/balatonkeresztur.plebania.hu\/index.php\/2020\/04\/26\/husvet-3-vasarnapja\/\">Egy kattint\u00e1s ide a folytat\u00e1shoz&#8230;. <span class=\"meta-nav\">&rarr;<\/span><\/a><\/p>\n","protected":false},"author":1,"featured_media":0,"comment_status":"closed","ping_status":"closed","sticky":false,"template":"","format":"standard","meta":{"footnotes":""},"categories":[1],"tags":[],"class_list":["post-408","post","type-post","status-publish","format-standard","hentry","category-egyeb"],"_links":{"self":[{"href":"https:\/\/balatonkeresztur.plebania.hu\/index.php\/wp-json\/wp\/v2\/posts\/408","targetHints":{"allow":["GET"]}}],"collection":[{"href":"https:\/\/balatonkeresztur.plebania.hu\/index.php\/wp-json\/wp\/v2\/posts"}],"about":[{"href":"https:\/\/balatonkeresztur.plebania.hu\/index.php\/wp-json\/wp\/v2\/types\/post"}],"author":[{"embeddable":true,"href":"https:\/\/balatonkeresztur.plebania.hu\/index.php\/wp-json\/wp\/v2\/users\/1"}],"replies":[{"embeddable":true,"href":"https:\/\/balatonkeresztur.plebania.hu\/index.php\/wp-json\/wp\/v2\/comments?post=408"}],"version-history":[{"count":1,"href":"https:\/\/balatonkeresztur.plebania.hu\/index.php\/wp-json\/wp\/v2\/posts\/408\/revisions"}],"predecessor-version":[{"id":409,"href":"https:\/\/balatonkeresztur.plebania.hu\/index.php\/wp-json\/wp\/v2\/posts\/408\/revisions\/409"}],"wp:attachment":[{"href":"https:\/\/balatonkeresztur.plebania.hu\/index.php\/wp-json\/wp\/v2\/media?parent=408"}],"wp:term":[{"taxonomy":"category","embeddable":true,"href":"https:\/\/balatonkeresztur.plebania.hu\/index.php\/wp-json\/wp\/v2\/categories?post=408"},{"taxonomy":"post_tag","embeddable":true,"href":"https:\/\/balatonkeresztur.plebania.hu\/index.php\/wp-json\/wp\/v2\/tags?post=408"}],"curies":[{"name":"wp","href":"https:\/\/api.w.org\/{rel}","templated":true}]}}