{"id":401,"date":"2020-04-19T07:15:58","date_gmt":"2020-04-19T07:15:58","guid":{"rendered":"http:\/\/balatonkeresztur.plebania.hu\/?p=401"},"modified":"2020-04-18T18:43:32","modified_gmt":"2020-04-18T18:43:32","slug":"irgalmassag-vasarnapja","status":"publish","type":"post","link":"https:\/\/balatonkeresztur.plebania.hu\/index.php\/2020\/04\/19\/irgalmassag-vasarnapja\/","title":{"rendered":"Irgalmass\u00e1g Vas\u00e1rnapja"},"content":{"rendered":"\n<p>2000. \u00e1prilis 30-\u00e1n H\u00fasv\u00e9t 2. vas\u00e1rnapj\u00e1n II. J\u00e1nos P\u00e1l p\u00e1pa R\u00f3m\u00e1ban szentt\u00e9 avatta B. Fausztina Kowalska n\u0151v\u00e9rt \u00e9s a szentt\u00e9 avat\u00e1s alkalm\u00e1val az eg\u00e9sz vil\u00e1gra kihirdette az Isteni Irgalmass\u00e1g \u00fcnnep\u00e9t. <\/p>\n\n\n\n<!--more-->\n\n\n\n<p>Ett\u0151l kezdve a Szentl\u00e9lek vezette Egyh\u00e1z m\u00e9g jobban r\u00e1ir\u00e1ny\u00edtotta ez emberek figyelm\u00e9t arra a szeretetre, amellyel Isten szeret benn\u00fcnket. Hogy k\u00e9pes m\u00e9g gyenges\u00e9g\u00fcnk, hib\u00e1ink, sokszoros h\u0171tlens\u00e9g\u00fcnk ellen\u00e9re is megbocs\u00e1tani, b\u00e1tor\u00edtani, seg\u00edteni, felemelni. Ez a szeretet mindig is megvolt Istenben, ebb\u0151l a szeretetb\u0151l teremtette az embert, ez \u00e1ltal a szeretet \u00e1ltal \u00e9rkezett a megv\u00e1lt\u00e1s, ez a szeretet szenteli meg az embert. Valahogy ez l\u00e1tszik H\u00fasv\u00e9t 2. vas\u00e1rnapj\u00e1nak evang\u00e9lium\u00e1ban is, amelyben a felt\u00e1madt J\u00e9zus megjelenik az Utols\u00f3 Vacsora term\u00e9ben, s megalap\u00edtja a b\u0171nb\u00e1nat szents\u00e9g\u00e9t. \u00c9rdekes dolgot tett ekkor J\u00e9zus: f\u00e1jdalmas hal\u00e1la, felt\u00e1mad\u00e1sa ut\u00e1n nem szemreh\u00e1ny\u00f3an jelenik meg tan\u00edtv\u00e1nyainak, nem neheztel, mert \u0151k elszaladtak, hanem lehet\u0151s\u00e9get k\u00edn\u00e1l az \u00fajrakezd\u00e9sre\u2026 \u00dagy lehet ezt elk\u00e9pzelni, mint amikor valaki megb\u00e1nt benn\u00fcnket, majd a bocs\u00e1natk\u00e9r\u00e9s\u00e9t megel\u0151zve mi ny\u00fajtjuk a megbocs\u00e1t\u00f3 jobbunkat, felk\u00edn\u00e1lva a felejt\u00e9st \u00e9s \u00fajrakezd\u00e9st\u2026 Lehengerl\u0151 szeretet, ahogy Isten szereti az embert\u2026<\/p>\n\n\n\n<p>A Fausztina n\u0151v\u00e9r l\u00e1tom\u00e1sa alapj\u00e1n festett k\u00e9p ugyanezt a lehengerl\u0151\nszeretetet mutatja be. A l\u00e1tom\u00e1sr\u00f3l maga a n\u0151v\u00e9r sz\u00e1mol be napl\u00f3j\u00e1ban: \u201e<em>Este, amikor a cell\u00e1mban voltam,\nmegpillantottam az \u00dar J\u00e9zust feh\u00e9r ruh\u00e1ban. Egyik kez\u00e9t \u00e1ld\u00e1sra emelte, a\nm\u00e1sikkal meg\u00e9rintette mell\u00e9n a ruh\u00e1j\u00e1t. Mell\u00e9b\u0151l a ruha ny\u00edl\u00e1s\u00e1n k\u00e9t hatalmas\nsug\u00e1r t\u00f6rt el\u0151, egy piros \u00e9s egy halv\u00e1ny. Kis id\u0151 m\u00falva azt mondta J\u00e9zus: \u201eFess\negy k\u00e9pet annak alapj\u00e1n, amit l\u00e1tsz, ezzel az al\u00e1\u00edr\u00e1ssal: J\u00e9zusom, b\u00edzom\nBenned!<\/em>\u201d<\/p>\n\n\n\n<figure class=\"wp-block-image size-thumbnail\"><a href=\"http:\/\/balatonkeresztur.plebania.hu\/wp-content\/uploads\/2020\/04\/irgalmas-819x1024-1.jpg\" target=\"_blank\" rel=\"noreferrer noopener\"><img loading=\"lazy\" decoding=\"async\" width=\"150\" height=\"150\" src=\"https:\/\/balatonkeresztur.plebania.hu\/wp-content\/uploads\/2020\/04\/irgalmas-819x1024-1-150x150.jpg\" alt=\"\" class=\"wp-image-403\"\/><\/a><\/figure>\n\n\n\n<p>&nbsp;A felt\u00e1madt \u00dcdv\u00f6z\u00edt\u0151t \u00e1br\u00e1zolja a\nk\u00e9p, aki szenved\u00e9se \u00e9s kereszthal\u00e1la \u00e1r\u00e1n megv\u00e1ltott minket. A v\u00e9r \u00e9s a v\u00edz\nsugarai, J\u00e9zus megnyitott sz\u00edv\u00e9b\u0151l t\u00f6rnek el\u0151, \u00e9s t\u00f6k\u00e9letesen fejezik ki Isten\nszeretet\u00e9t az emberek ir\u00e1nt. A k\u00e9p magyar\u00e1zatk\u00e9nt J\u00e9zus Fausztina n\u0151v\u00e9rnek a\nk\u00f6vetkez\u0151ket mondta: \u201e<em>A halv\u00e1ny sug\u00e1r a\nvizet jelenti, ami a lelket tiszt\u00edtja meg; a piros a v\u00e9rt, amely a l\u00e9lek \u00e9lete.\nBoldog, aki ezek \u00e1rny\u00e9k\u00e1ban \u00e9l<\/em>\u201d (N 299). A kereszts\u00e9g \u00e9s a b\u0171nb\u00e1nat\nszents\u00e9ge tiszt\u00edtja meg a lelket, ezt jelk\u00e9pezi a k\u00e9pen a halv\u00e1ny sug\u00e1r,\nlegbens\u0151s\u00e9gesebben pedig J\u00e9zus saj\u00e1t Test\u00e9vel \u00e9s V\u00e9r\u00e9vel az Euchariszti\u00e1val\nt\u00e1pl\u00e1lja, amit a piros sug\u00e1r jelk\u00e9pez. Mind a sz\u00ednek, mind a hely, ahonn\u00e9t\nel\u0151t\u00f6rnek, kifejez\u0151ek\u2026 A k\u00e9t sug\u00e1r a szents\u00e9geket \u00e9s a Szentl\u00e9lek \u00f6sszes\nkegyelm\u00e9t jelenti &#8212; amelynek bibliai jelk\u00e9pe a v\u00edz &#8211;, valamint az \u00faj\nsz\u00f6vets\u00e9get Isten \u00e9s ember k\u00f6z\u00f6tt, amelyet J\u00e9zus az \u0150 v\u00e9re \u00e1ltal k\u00f6t\u00f6tt.<\/p>\n\n\n\n<p>Az irgalmass\u00e1g kultusz\u00e1hoz, mely a kereszt\u00e9ny bizalmon \u00e9s irgalmass\u00e1gon\nnyugszik, J\u00e9zus \u00edg\u00e9reteket f\u0171z\u00f6tt: \u00f6r\u00f6k \u00fcdv\u00f6ss\u00e9get, a kereszt\u00e9ny \u00e9let \u00fatj\u00e1n\nnagy el\u0151rehalad\u00e1st, a boldog hal\u00e1l kegyelmet \u00e9s minden m\u00e1s kegyelmet, amit az\nemberek bizalommal k\u00e9rnek. Ennek alapja igaz\u00e1b\u00f3l az, hogy el tudjuk fogadni az\n\u0150 szeretet\u00e9t. Elhiggy\u00fck, hogy val\u00f3ban szeret, hogy szeretne nek\u00fcnk megbocs\u00e1tani,\nhogy szeretne mindig \u00faj \u00e9s \u00faj lehet\u0151s\u00e9get adni sz\u00e1munkra. <\/p>\n","protected":false},"excerpt":{"rendered":"<p>2000. \u00e1prilis 30-\u00e1n H\u00fasv\u00e9t 2. vas\u00e1rnapj\u00e1n II. J\u00e1nos P\u00e1l p\u00e1pa R\u00f3m\u00e1ban szentt\u00e9 avatta B. Fausztina Kowalska n\u0151v\u00e9rt \u00e9s a szentt\u00e9 avat\u00e1s alkalm\u00e1val az eg\u00e9sz vil\u00e1gra kihirdette az Isteni Irgalmass\u00e1g \u00fcnnep\u00e9t.<\/p>\n","protected":false},"author":1,"featured_media":0,"comment_status":"closed","ping_status":"open","sticky":false,"template":"","format":"standard","meta":{"footnotes":""},"categories":[1],"tags":[],"class_list":["post-401","post","type-post","status-publish","format-standard","hentry","category-egyeb"],"_links":{"self":[{"href":"https:\/\/balatonkeresztur.plebania.hu\/index.php\/wp-json\/wp\/v2\/posts\/401","targetHints":{"allow":["GET"]}}],"collection":[{"href":"https:\/\/balatonkeresztur.plebania.hu\/index.php\/wp-json\/wp\/v2\/posts"}],"about":[{"href":"https:\/\/balatonkeresztur.plebania.hu\/index.php\/wp-json\/wp\/v2\/types\/post"}],"author":[{"embeddable":true,"href":"https:\/\/balatonkeresztur.plebania.hu\/index.php\/wp-json\/wp\/v2\/users\/1"}],"replies":[{"embeddable":true,"href":"https:\/\/balatonkeresztur.plebania.hu\/index.php\/wp-json\/wp\/v2\/comments?post=401"}],"version-history":[{"count":3,"href":"https:\/\/balatonkeresztur.plebania.hu\/index.php\/wp-json\/wp\/v2\/posts\/401\/revisions"}],"predecessor-version":[{"id":407,"href":"https:\/\/balatonkeresztur.plebania.hu\/index.php\/wp-json\/wp\/v2\/posts\/401\/revisions\/407"}],"wp:attachment":[{"href":"https:\/\/balatonkeresztur.plebania.hu\/index.php\/wp-json\/wp\/v2\/media?parent=401"}],"wp:term":[{"taxonomy":"category","embeddable":true,"href":"https:\/\/balatonkeresztur.plebania.hu\/index.php\/wp-json\/wp\/v2\/categories?post=401"},{"taxonomy":"post_tag","embeddable":true,"href":"https:\/\/balatonkeresztur.plebania.hu\/index.php\/wp-json\/wp\/v2\/tags?post=401"}],"curies":[{"name":"wp","href":"https:\/\/api.w.org\/{rel}","templated":true}]}}