{"id":397,"date":"2020-04-12T05:43:43","date_gmt":"2020-04-12T05:43:43","guid":{"rendered":"http:\/\/balatonkeresztur.plebania.hu\/?p=397"},"modified":"2020-04-12T05:43:43","modified_gmt":"2020-04-12T05:43:43","slug":"husveti-etelek-megaldasa-3","status":"publish","type":"post","link":"https:\/\/balatonkeresztur.plebania.hu\/index.php\/2020\/04\/12\/husveti-etelek-megaldasa-3\/","title":{"rendered":"H\u00fasv\u00e9ti \u00e9telek meg\u00e1ld\u00e1sa"},"content":{"rendered":"\n<p>Id\u00e9n is megtartottuk a h\u00fasv\u00e9ti \u00e9telek meg\u00e1ld\u00e1s\u00e1t.<\/p>\n\n\n\n<!--more-->\n\n\n\n<p> H\u00fasv\u00e9t reggel\u00e9n a nagyb\u00f6jt ut\u00e1ni els\u0151, nem b\u00f6jt\u00f6s \u00e9telek meg\u00e1ld\u00e1sa t\u00f6rt\u00e9nik. Az \u00e9telek, \u00f6sszet\u00e9tele (sonka, toj\u00e1s, kal\u00e1cs, torma, bor, t\u00far\u00f3, kolb\u00e1sz stb.) a b\u00f6jti id\u0151szak v\u00e9g\u00e9t jelzi. Hagyom\u00e1ny szerint a kal\u00e1cs alapj\u00e1ul szolg\u00e1l\u00f3 lep\u00e9ny<em> Krisztus test\u00e9<\/em>t jelk\u00e9pezi. Az egym\u00e1sra ker\u00fcl\u0151 t\u00e9sztafonatok a<em> t\u00f6viskoszor\u00fa<\/em>, majd a<em> teljess\u00e9t\u00e9tel<\/em>. A kal\u00e1cs \u00f6telem\u0171 d\u00edsz\u00edt\u00e9se, megszeg\u00e9s\u00e9nek, f\u00f6lv\u00e1g\u00e1s\u00e1nak ritu\u00e1lis mozzanatai a Szent Sebek tisztelt\u00e9nek sz\u00f3lnak. A toj\u00e1s a felt\u00e1mad\u00e1sra eml\u00e9keztet, sz\u00e1muk egyes helyeken az apostolokra utal. A szentel\u00e9sre vitt bor Krisztus v\u00e9re, a torma a n\u00e9pi \u00e9rtelmez\u00e9s szerint a keresztrefesz\u00edtett Krisztusnak k\u00edn\u00e1lt ecet keser\u0171s\u00e9g\u00e9t id\u00e9zi. <\/p>\n\n\n\n<figure class=\"wp-block-image size-large\"><img loading=\"lazy\" decoding=\"async\" width=\"2560\" height=\"1920\" src=\"https:\/\/balatonkeresztur.plebania.hu\/wp-content\/uploads\/2020\/04\/IMG_1056-scaled.jpg\" alt=\"\" class=\"wp-image-398\" srcset=\"https:\/\/balatonkeresztur.plebania.hu\/wp-content\/uploads\/2020\/04\/IMG_1056-scaled.jpg 2560w, https:\/\/balatonkeresztur.plebania.hu\/wp-content\/uploads\/2020\/04\/IMG_1056-768x576.jpg 768w, https:\/\/balatonkeresztur.plebania.hu\/wp-content\/uploads\/2020\/04\/IMG_1056-1536x1152.jpg 1536w, https:\/\/balatonkeresztur.plebania.hu\/wp-content\/uploads\/2020\/04\/IMG_1056-2048x1536.jpg 2048w, https:\/\/balatonkeresztur.plebania.hu\/wp-content\/uploads\/2020\/04\/IMG_1056-400x300.jpg 400w\" sizes=\"auto, (max-width: 2560px) 100vw, 2560px\" \/><figcaption>gy\u00fclekez\u00fcnk&#8230;<\/figcaption><\/figure>\n","protected":false},"excerpt":{"rendered":"<p>Id\u00e9n is megtartottuk a h\u00fasv\u00e9ti \u00e9telek meg\u00e1ld\u00e1s\u00e1t.<\/p>\n","protected":false},"author":1,"featured_media":0,"comment_status":"closed","ping_status":"open","sticky":false,"template":"","format":"standard","meta":{"footnotes":""},"categories":[1],"tags":[],"class_list":["post-397","post","type-post","status-publish","format-standard","hentry","category-egyeb"],"_links":{"self":[{"href":"https:\/\/balatonkeresztur.plebania.hu\/index.php\/wp-json\/wp\/v2\/posts\/397","targetHints":{"allow":["GET"]}}],"collection":[{"href":"https:\/\/balatonkeresztur.plebania.hu\/index.php\/wp-json\/wp\/v2\/posts"}],"about":[{"href":"https:\/\/balatonkeresztur.plebania.hu\/index.php\/wp-json\/wp\/v2\/types\/post"}],"author":[{"embeddable":true,"href":"https:\/\/balatonkeresztur.plebania.hu\/index.php\/wp-json\/wp\/v2\/users\/1"}],"replies":[{"embeddable":true,"href":"https:\/\/balatonkeresztur.plebania.hu\/index.php\/wp-json\/wp\/v2\/comments?post=397"}],"version-history":[{"count":1,"href":"https:\/\/balatonkeresztur.plebania.hu\/index.php\/wp-json\/wp\/v2\/posts\/397\/revisions"}],"predecessor-version":[{"id":399,"href":"https:\/\/balatonkeresztur.plebania.hu\/index.php\/wp-json\/wp\/v2\/posts\/397\/revisions\/399"}],"wp:attachment":[{"href":"https:\/\/balatonkeresztur.plebania.hu\/index.php\/wp-json\/wp\/v2\/media?parent=397"}],"wp:term":[{"taxonomy":"category","embeddable":true,"href":"https:\/\/balatonkeresztur.plebania.hu\/index.php\/wp-json\/wp\/v2\/categories?post=397"},{"taxonomy":"post_tag","embeddable":true,"href":"https:\/\/balatonkeresztur.plebania.hu\/index.php\/wp-json\/wp\/v2\/tags?post=397"}],"curies":[{"name":"wp","href":"https:\/\/api.w.org\/{rel}","templated":true}]}}