{"id":388,"date":"2020-04-10T15:17:28","date_gmt":"2020-04-10T15:17:28","guid":{"rendered":"http:\/\/balatonkeresztur.plebania.hu\/?p=388"},"modified":"2020-04-10T15:17:28","modified_gmt":"2020-04-10T15:17:28","slug":"nagypentek","status":"publish","type":"post","link":"https:\/\/balatonkeresztur.plebania.hu\/index.php\/2020\/04\/10\/nagypentek\/","title":{"rendered":"Nagyp\u00e9ntek"},"content":{"rendered":"\n<p>Nagyp\u00e9nteken J\u00e9zus kereszthal\u00e1l\u00e1nak \u00e9s s\u00edrba t\u00e9tel\u00e9nek eml\u00e9knapj\u00e1t \u00fcli a kereszt\u00e9nys\u00e9g.<\/p>\n\n\n\n<!--more-->\n\n\n\n<p> A Katolikus Egyh\u00e1z legm\u00e9lyebb gy\u00e1sz\u00e1t eg\u00e9sz napos szigor\u00fa b\u00f6jt\u00f6l\u00e9ssel fejezi ki, valamint azzal, hogy ezen a napon nem szolg\u00e1ltat ki \u00fcnnep\u00e9lyesen szents\u00e9geket, s nem mutat be szentmise\u00e1ldozatot.<\/p>\n\n\n\n<p> &#8222;Ki hitt abban, amit hallottunk, \u00e9s az \u00dar karja ki el\u0151tt nyilv\u00e1nult meg?<br> \u00dagy n\u0151tt f\u00f6l el\u0151tt\u00fcnk, mint a hajt\u00e1s, \u00e9s mint a gy\u00f6k\u00e9r a szomjas f\u00f6ldb\u0151l. Nem volt sem sz\u00e9p, sem \u00e9kes, hogy sz\u00edvesen n\u00e9zz\u00fck \u0151t, a k\u00fclsej\u00e9re n\u00e9zve nem volt vonz\u00f3.<br> Megvetett volt, utols\u00f3 az emberek k\u00f6z\u00f6tt, a f\u00e1jdalmak f\u00e9rfia, aki tudta, mi a szenved\u00e9s, olyan, aki el\u0151l iszonyattal eltakarjuk arcunkat, megvetett, akit bizony nem becs\u00fclt\u00fcnk sokra.<br> B\u00e1r a mi betegs\u00e9geinket viselte, \u00e9s a mi f\u00e1jdalmaink nehezedtek r\u00e1, m\u00e9gis (Istent\u0151l) megvertnek n\u00e9zt\u00fck, olyannak, akire les\u00fajtott az Isten, \u00e9s akit megal\u00e1zott.<br> Igen, a mi b\u0171neink\u00e9rt sz\u00fart\u00e1k \u00e1t, a mi gonoszs\u00e1gaink\u00e9rt t\u00f6rt\u00e9k \u00f6ssze, a mi b\u00e9kess\u00e9g\u00fcnk\u00e9rt \u00e9rte utol a b\u00fcntet\u00e9s, az \u0151 sebei szereztek nek\u00fcnk gy\u00f3gyul\u00e1st! Mi mindny\u00e1jan, mint a juhok, t\u00e9velyegt\u00fcnk, ki-ki a maga \u00fatj\u00e1ra t\u00e9rt, \u00e9s az \u00dar m\u00e9gis az \u0151 v\u00e1ll\u00e1ra rakta mindny\u00e1junk gonoszs\u00e1g\u00e1t.<br> Megk\u00ednozt\u00e1k, s \u0151 al\u00e1zattal elviselte, nem nyitotta ki sz\u00e1j\u00e1t. Mint a juh, amelyet le\u00f6lni visznek, vagy amint a b\u00e1r\u00e1ny eln\u00e9mul ny\u00edr\u00f3ja el\u0151tt, \u0151 sem nyitotta ki sz\u00e1j\u00e1t.<br> Er\u0151szakos \u00edt\u00e9lettel v\u00e9geztek vele. Ugyan ki t\u00f6r\u0151dik \u00fcgy\u00e9vel? Igen, kit\u00e9pt\u00e9k az \u00e9l\u0151k f\u00f6ldj\u00e9r\u0151l, \u00e9s n\u00e9pem b\u0171nei miatt hal\u00e1llal s\u00fajtott\u00e1k. A gonoszok k\u00f6z\u00f6tt adtak neki s\u00edrboltot, \u00e9s a gazdagok mell\u00e9 temett\u00e9k el, b\u00e1r nem vitt v\u00e9gbe gonoszs\u00e1got, sem \u00e1lnoks\u00e1g nem volt sz\u00e1j\u00e1ban.<br> \u00dagy tetszett az \u00darnak, hogy \u00f6sszet\u00f6ri a szenved\u00e9ssel. Ha odaadja \u00e9let\u00e9t engesztel\u0151 \u00e1ldozatul: l\u00e1tni fogja ut\u00f3dait, hossz\u00fara ny\u00falik \u00e9lete \u00e9s teljes\u00fcl \u00e1ltala az \u00dar akarata.<br> Az\u00e9rt, mert lelke szenvedett, l\u00e1tni fogja a vil\u00e1goss\u00e1got, \u00e9s betelik megel\u00e9ged\u00e9ssel.<br> Sokakat megigazultakk\u00e1 tesz szolg\u00e1m, mivel gonoszs\u00e1gaikat mag\u00e1ra v\u00e1llalta. Ez\u00e9rt oszt\u00e1lyr\u00e9sz\u00fcl sokakat adok neki, \u00e9s a hatalmasok lesznek zs\u00e1km\u00e1nyai, ami\u00e9rt \u00e9let\u00e9t hal\u00e1lra adta, \u00e9s a gonosztev\u0151k k\u00f6z\u00e9 sorolt\u00e1k, noha sokak v\u00e9tkeit hordozta, \u00e9s k\u00f6zben a b\u0171n\u00f6s\u00f6k\u00e9rt im\u00e1dkozott.&#8221; Iz 53, 1-12<\/p>\n","protected":false},"excerpt":{"rendered":"<p>Nagyp\u00e9nteken J\u00e9zus kereszthal\u00e1l\u00e1nak \u00e9s s\u00edrba t\u00e9tel\u00e9nek eml\u00e9knapj\u00e1t \u00fcli a kereszt\u00e9nys\u00e9g.<\/p>\n","protected":false},"author":1,"featured_media":0,"comment_status":"closed","ping_status":"open","sticky":false,"template":"","format":"standard","meta":{"footnotes":""},"categories":[1],"tags":[],"class_list":["post-388","post","type-post","status-publish","format-standard","hentry","category-egyeb"],"_links":{"self":[{"href":"https:\/\/balatonkeresztur.plebania.hu\/index.php\/wp-json\/wp\/v2\/posts\/388","targetHints":{"allow":["GET"]}}],"collection":[{"href":"https:\/\/balatonkeresztur.plebania.hu\/index.php\/wp-json\/wp\/v2\/posts"}],"about":[{"href":"https:\/\/balatonkeresztur.plebania.hu\/index.php\/wp-json\/wp\/v2\/types\/post"}],"author":[{"embeddable":true,"href":"https:\/\/balatonkeresztur.plebania.hu\/index.php\/wp-json\/wp\/v2\/users\/1"}],"replies":[{"embeddable":true,"href":"https:\/\/balatonkeresztur.plebania.hu\/index.php\/wp-json\/wp\/v2\/comments?post=388"}],"version-history":[{"count":1,"href":"https:\/\/balatonkeresztur.plebania.hu\/index.php\/wp-json\/wp\/v2\/posts\/388\/revisions"}],"predecessor-version":[{"id":389,"href":"https:\/\/balatonkeresztur.plebania.hu\/index.php\/wp-json\/wp\/v2\/posts\/388\/revisions\/389"}],"wp:attachment":[{"href":"https:\/\/balatonkeresztur.plebania.hu\/index.php\/wp-json\/wp\/v2\/media?parent=388"}],"wp:term":[{"taxonomy":"category","embeddable":true,"href":"https:\/\/balatonkeresztur.plebania.hu\/index.php\/wp-json\/wp\/v2\/categories?post=388"},{"taxonomy":"post_tag","embeddable":true,"href":"https:\/\/balatonkeresztur.plebania.hu\/index.php\/wp-json\/wp\/v2\/tags?post=388"}],"curies":[{"name":"wp","href":"https:\/\/api.w.org\/{rel}","templated":true}]}}