{"id":373,"date":"2020-04-08T19:31:45","date_gmt":"2020-04-08T19:31:45","guid":{"rendered":"http:\/\/balatonkeresztur.plebania.hu\/?p=373"},"modified":"2020-04-12T04:33:12","modified_gmt":"2020-04-12T04:33:12","slug":"husveti-etelek-megaldasa-2","status":"publish","type":"post","link":"https:\/\/balatonkeresztur.plebania.hu\/index.php\/2020\/04\/08\/husveti-etelek-megaldasa-2\/","title":{"rendered":"H\u00fasv\u00e9ti \u00e9telek meg\u00e1ld\u00e1sa"},"content":{"rendered":"\n<p>Sajnos a jelen helyzet nem teszi lehet\u0151v\u00e9 a nyilv\u00e1nos liturgi\u00e1kat, ahol z\u00e1rt t\u00e9rben t\u00f6bb ember egyszerre van jelen. A hit\u00e9leti tev\u00e9kenys\u00e9g azonban nincs korl\u00e1tozva!<\/p>\n\n\n\n<!--more-->\n\n\n\n<p>\u00cdgy ebben az \u00e9vben is lesz a hagyom\u00e1nyos meg\u00e1ld\u00e1sa a h\u00fasv\u00e9ti \u00e9teleknek. Id\u0151pontja: <strong>H\u00fasv\u00e9t vas\u00e1rnap reggel 7 \u00f3ra.<\/strong> Helysz\u00edne a <strong>templom el\u0151tti parkol\u00f3<\/strong>.  Aki teh\u00e1t szeretn\u00e9, hogy id\u00e9n is frissen meg\u00e1ldott \u00e9tel ker\u00fclj\u00f6n az asztal\u00e1ra, a szokott id\u0151ben j\u00f6het. <\/p>\n\n\n\n<p>A k\u00e9r\u00e9sem ezzel kapcsolatban: aki aut\u00f3val \u00e9rkezik, maradjon az aut\u00f3ban! Aki pedig nem aut\u00f3val j\u00f6nne, figyeljen a minimum 2 m\u00e9ter t\u00e1vols\u00e1gra a m\u00e1sik embert\u0151l!<\/p>\n\n\n\n<figure class=\"wp-block-image size-large\"><img loading=\"lazy\" decoding=\"async\" width=\"727\" height=\"427\" src=\"https:\/\/balatonkeresztur.plebania.hu\/wp-content\/uploads\/2020\/04\/autos.jpg\" alt=\"\" class=\"wp-image-374\" srcset=\"https:\/\/balatonkeresztur.plebania.hu\/wp-content\/uploads\/2020\/04\/autos.jpg 727w, https:\/\/balatonkeresztur.plebania.hu\/wp-content\/uploads\/2020\/04\/autos-500x294.jpg 500w\" sizes=\"auto, (max-width: 727px) 100vw, 727px\" \/><figcaption>k\u00e9p forr\u00e1sa: <a href=\"https:\/\/totalcar.hu\/magazin\/hirek\/2020\/04\/02\/amerikaban_mar_az_autodbol_is_gyonhatsz\/\" target=\"_blank\" rel=\"noreferrer noopener\" aria-label=\"www.totalcar.hu (opens in a new tab)\">www.totalcar.hu<\/a><\/figcaption><\/figure>\n","protected":false},"excerpt":{"rendered":"<p>Sajnos a jelen helyzet nem teszi lehet\u0151v\u00e9 a nyilv\u00e1nos liturgi\u00e1kat, ahol z\u00e1rt t\u00e9rben t\u00f6bb ember egyszerre van jelen. A hit\u00e9leti tev\u00e9kenys\u00e9g azonban nincs korl\u00e1tozva!<\/p>\n","protected":false},"author":1,"featured_media":0,"comment_status":"closed","ping_status":"open","sticky":false,"template":"","format":"standard","meta":{"footnotes":""},"categories":[1],"tags":[],"class_list":["post-373","post","type-post","status-publish","format-standard","hentry","category-egyeb"],"_links":{"self":[{"href":"https:\/\/balatonkeresztur.plebania.hu\/index.php\/wp-json\/wp\/v2\/posts\/373","targetHints":{"allow":["GET"]}}],"collection":[{"href":"https:\/\/balatonkeresztur.plebania.hu\/index.php\/wp-json\/wp\/v2\/posts"}],"about":[{"href":"https:\/\/balatonkeresztur.plebania.hu\/index.php\/wp-json\/wp\/v2\/types\/post"}],"author":[{"embeddable":true,"href":"https:\/\/balatonkeresztur.plebania.hu\/index.php\/wp-json\/wp\/v2\/users\/1"}],"replies":[{"embeddable":true,"href":"https:\/\/balatonkeresztur.plebania.hu\/index.php\/wp-json\/wp\/v2\/comments?post=373"}],"version-history":[{"count":1,"href":"https:\/\/balatonkeresztur.plebania.hu\/index.php\/wp-json\/wp\/v2\/posts\/373\/revisions"}],"predecessor-version":[{"id":375,"href":"https:\/\/balatonkeresztur.plebania.hu\/index.php\/wp-json\/wp\/v2\/posts\/373\/revisions\/375"}],"wp:attachment":[{"href":"https:\/\/balatonkeresztur.plebania.hu\/index.php\/wp-json\/wp\/v2\/media?parent=373"}],"wp:term":[{"taxonomy":"category","embeddable":true,"href":"https:\/\/balatonkeresztur.plebania.hu\/index.php\/wp-json\/wp\/v2\/categories?post=373"},{"taxonomy":"post_tag","embeddable":true,"href":"https:\/\/balatonkeresztur.plebania.hu\/index.php\/wp-json\/wp\/v2\/tags?post=373"}],"curies":[{"name":"wp","href":"https:\/\/api.w.org\/{rel}","templated":true}]}}