{"id":359,"date":"2020-03-18T18:23:52","date_gmt":"2020-03-18T18:23:52","guid":{"rendered":"http:\/\/balatonkeresztur.plebania.hu\/?p=359"},"modified":"2020-03-18T18:23:52","modified_gmt":"2020-03-18T18:23:52","slug":"templomok-nyitvatartasa","status":"publish","type":"post","link":"https:\/\/balatonkeresztur.plebania.hu\/index.php\/2020\/03\/18\/templomok-nyitvatartasa\/","title":{"rendered":"Templomok nyitvatart\u00e1sa"},"content":{"rendered":"\n<p>Balatonkereszt\u00faron a pl\u00e9b\u00e1niatemplom tov\u00e1bbra is nyitva van minden nap 10 \u00e9s 16 \u00f3ra k\u00f6z\u00f6tt. Balatonfenyvesen szint\u00e9n a pl\u00e9b\u00e1niatemplom (Szent Erzs\u00e9bet) k\u00fcls\u0151 ajtaja nyitva van napk\u00f6zben (a bels\u0151 vasr\u00e1cs nincs nyitva).   \u00cdgy egy\u00e9ni im\u00e1ds\u00e1gra tov\u00e1bbra is van lehet\u0151s\u00e9g. <\/p>\n","protected":false},"excerpt":{"rendered":"<p>Balatonkereszt\u00faron a pl\u00e9b\u00e1niatemplom tov\u00e1bbra is nyitva van minden nap 10 \u00e9s 16 \u00f3ra k\u00f6z\u00f6tt. Balatonfenyvesen szint\u00e9n a pl\u00e9b\u00e1niatemplom (Szent Erzs\u00e9bet) k\u00fcls\u0151 ajtaja nyitva van napk\u00f6zben (a bels\u0151 vasr\u00e1cs nincs nyitva). \u00cdgy egy\u00e9ni im\u00e1ds\u00e1gra tov\u00e1bbra is van lehet\u0151s\u00e9g.<\/p>\n","protected":false},"author":1,"featured_media":0,"comment_status":"closed","ping_status":"open","sticky":false,"template":"","format":"standard","meta":{"footnotes":""},"categories":[1],"tags":[],"class_list":["post-359","post","type-post","status-publish","format-standard","hentry","category-egyeb"],"_links":{"self":[{"href":"https:\/\/balatonkeresztur.plebania.hu\/index.php\/wp-json\/wp\/v2\/posts\/359","targetHints":{"allow":["GET"]}}],"collection":[{"href":"https:\/\/balatonkeresztur.plebania.hu\/index.php\/wp-json\/wp\/v2\/posts"}],"about":[{"href":"https:\/\/balatonkeresztur.plebania.hu\/index.php\/wp-json\/wp\/v2\/types\/post"}],"author":[{"embeddable":true,"href":"https:\/\/balatonkeresztur.plebania.hu\/index.php\/wp-json\/wp\/v2\/users\/1"}],"replies":[{"embeddable":true,"href":"https:\/\/balatonkeresztur.plebania.hu\/index.php\/wp-json\/wp\/v2\/comments?post=359"}],"version-history":[{"count":1,"href":"https:\/\/balatonkeresztur.plebania.hu\/index.php\/wp-json\/wp\/v2\/posts\/359\/revisions"}],"predecessor-version":[{"id":360,"href":"https:\/\/balatonkeresztur.plebania.hu\/index.php\/wp-json\/wp\/v2\/posts\/359\/revisions\/360"}],"wp:attachment":[{"href":"https:\/\/balatonkeresztur.plebania.hu\/index.php\/wp-json\/wp\/v2\/media?parent=359"}],"wp:term":[{"taxonomy":"category","embeddable":true,"href":"https:\/\/balatonkeresztur.plebania.hu\/index.php\/wp-json\/wp\/v2\/categories?post=359"},{"taxonomy":"post_tag","embeddable":true,"href":"https:\/\/balatonkeresztur.plebania.hu\/index.php\/wp-json\/wp\/v2\/tags?post=359"}],"curies":[{"name":"wp","href":"https:\/\/api.w.org\/{rel}","templated":true}]}}