{"id":357,"date":"2020-03-17T15:11:14","date_gmt":"2020-03-17T15:11:14","guid":{"rendered":"http:\/\/balatonkeresztur.plebania.hu\/?p=357"},"modified":"2020-03-17T15:11:14","modified_gmt":"2020-03-17T15:11:14","slug":"vasarnapi-szentmise","status":"publish","type":"post","link":"https:\/\/balatonkeresztur.plebania.hu\/index.php\/2020\/03\/17\/vasarnapi-szentmise\/","title":{"rendered":"Vas\u00e1rnapi szentmise"},"content":{"rendered":"\n<p>A kialakult j\u00e1rv\u00e1nyhelyzetre tekintettel a Magyar Katolikus P\u00fcsp\u00f6ki Konferencia az al\u00e1bbi rendelkez\u00e9seket hozta 2020. m\u00e1rcius 17-\u00e9n:<\/p>\n\n\n\n<!--more-->\n\n\n\n<p class=\"has-text-align-center\"><strong>Templomainkban a nyilv\u00e1nos liturgi\u00e1k 2020. m\u00e1rcius 22-t\u0151l (nagyb\u00f6jt 4. vas\u00e1rnapja) sz\u00fcnetelnek!<\/strong><\/p>\n\n\n\n<p>A Magyar Katolikus P\u00fcsp\u00f6ki Konferencia megy\u00e9sp\u00fcsp\u00f6kei minden h\u00edv\u0151 sz\u00e1m\u00e1ra (visszavon\u00e1sig) felment\u00e9st adnak a vas\u00e1rnapi szentmis\u00e9n val\u00f3 r\u00e9szv\u00e9tel k\u00f6telezetts\u00e9ge al\u00f3l. Ebben a helyzetben a vas\u00e1r- \u00e9s \u00fcnnepnapok megszentel\u00e9s\u00e9nek c\u00e9lj\u00e1b\u00f3l a h\u00edvek (az egyh\u00e1z el\u0151\u00edr\u00e1sai szerint) ford\u00edtsanak kell\u0151 id\u0151t szem\u00e9lyes (vagy csal\u00e1di) im\u00e1ds\u00e1gra, olvass\u00e1k a Szent\u00edr\u00e1st \u00e9s ha lehets\u00e9ges k\u00f6vessenek szentmise k\u00f6zvet\u00edt\u00e9st.<\/p>\n","protected":false},"excerpt":{"rendered":"<p>A kialakult j\u00e1rv\u00e1nyhelyzetre tekintettel a Magyar Katolikus P\u00fcsp\u00f6ki Konferencia az al\u00e1bbi rendelkez\u00e9seket hozta 2020. m\u00e1rcius 17-\u00e9n:<\/p>\n","protected":false},"author":1,"featured_media":0,"comment_status":"closed","ping_status":"open","sticky":false,"template":"","format":"standard","meta":{"footnotes":""},"categories":[1],"tags":[],"class_list":["post-357","post","type-post","status-publish","format-standard","hentry","category-egyeb"],"_links":{"self":[{"href":"https:\/\/balatonkeresztur.plebania.hu\/index.php\/wp-json\/wp\/v2\/posts\/357","targetHints":{"allow":["GET"]}}],"collection":[{"href":"https:\/\/balatonkeresztur.plebania.hu\/index.php\/wp-json\/wp\/v2\/posts"}],"about":[{"href":"https:\/\/balatonkeresztur.plebania.hu\/index.php\/wp-json\/wp\/v2\/types\/post"}],"author":[{"embeddable":true,"href":"https:\/\/balatonkeresztur.plebania.hu\/index.php\/wp-json\/wp\/v2\/users\/1"}],"replies":[{"embeddable":true,"href":"https:\/\/balatonkeresztur.plebania.hu\/index.php\/wp-json\/wp\/v2\/comments?post=357"}],"version-history":[{"count":1,"href":"https:\/\/balatonkeresztur.plebania.hu\/index.php\/wp-json\/wp\/v2\/posts\/357\/revisions"}],"predecessor-version":[{"id":358,"href":"https:\/\/balatonkeresztur.plebania.hu\/index.php\/wp-json\/wp\/v2\/posts\/357\/revisions\/358"}],"wp:attachment":[{"href":"https:\/\/balatonkeresztur.plebania.hu\/index.php\/wp-json\/wp\/v2\/media?parent=357"}],"wp:term":[{"taxonomy":"category","embeddable":true,"href":"https:\/\/balatonkeresztur.plebania.hu\/index.php\/wp-json\/wp\/v2\/categories?post=357"},{"taxonomy":"post_tag","embeddable":true,"href":"https:\/\/balatonkeresztur.plebania.hu\/index.php\/wp-json\/wp\/v2\/tags?post=357"}],"curies":[{"name":"wp","href":"https:\/\/api.w.org\/{rel}","templated":true}]}}