{"id":354,"date":"2020-03-14T07:56:28","date_gmt":"2020-03-14T07:56:28","guid":{"rendered":"http:\/\/balatonkeresztur.plebania.hu\/?p=354"},"modified":"2020-03-14T07:56:28","modified_gmt":"2020-03-14T07:56:28","slug":"orzoje-vagy-testverednek","status":"publish","type":"post","link":"https:\/\/balatonkeresztur.plebania.hu\/index.php\/2020\/03\/14\/orzoje-vagy-testverednek\/","title":{"rendered":"\u0150rz\u0151je vagy testv\u00e9rednek!"},"content":{"rendered":"\n<p> Kereszt\u00e9nyek milli\u00f3it vizsg\u00e1ztatja a koronav\u00edrus! \u2013 Varga L\u00e1szl\u00f3 megy\u00e9sp\u00fcsp\u00f6k \u00edr\u00e1sa. <\/p>\n\n\n\n<!--more-->\n\n\n\n<p>K\u00e1int, \nmiut\u00e1n meg\u00f6lte \u00c1belt, arr\u00f3l k\u00e9rdezte az \u00dar, hol van a testv\u00e9red? \u0150 \u00edgy \nv\u00e1laszolt: \u201eH\u00e1t \u0151rz\u0151je vagyok \u00e9n a testv\u00e9remnek?\u201d Az \u00dar\u00e9val egy\u00fctt, a mi\n v\u00e1laszunk is, igen! &#8211; a koronav\u00edrus idej\u00e9n m\u00e9g jobban, mint m\u00e1skor!<\/p>\n\n\n\n<p>Igen, a \nF\u0151parancs \u00e9rtelm\u00e9ben, mert ha szereted embert\u00e1rsaidat, mint \u00f6nmagadat, \nakkor be kell tartanod azokat az el\u0151\u00edr\u00e1sokat, amelyeket az illet\u00e9kes \nhat\u00f3s\u00e1gok, \u00e9s az egyh\u00e1zi vezet\u0151k kiadtak, hogy ne \u00e1rts neki.<\/p>\n\n\n\n<p>Az eddigi\n t\u00e1j\u00e9koztat\u00e1sok mellett, amelyeket szinte folyamatosan k\u00f6zz\u00e9 tett\u00fcnk a \nrendelkez\u00e9s\u00fcnkre \u00e1ll\u00f3 levelez\u0151 list\u00e1kon, sz\u00fcks\u00e9gesnek tartok n\u00e9h\u00e1ny \nspiritu\u00e1lis szempontot is kiemelni \u00e9s a leggyakrabban felmer\u00fcl\u0151 \nk\u00e9rd\u00e9sekre v\u00e1laszt adni.<\/p>\n\n\n\n<p>Hol van az Isten a j\u00e1rv\u00e1ny idej\u00e9n?<\/p>\n\n\n\n<p>Hol \nlenne, ha nem itt? A koronav\u00edrus \u00e9s a v\u00e1ls\u00e1gok idej\u00e9n is tudnunk kell, \nhogy nek\u00fcnk olyan Isten\u00fcnk van, aki mik\u00f6zben gondvisel\u0151 \u00e9s megment\u0151, \nvel\u00fcnk j\u00f6n a kr\u00edzisekbe \u00e9s a szenved\u00e9sek tenger\u00e9be is. Nem k\u00edv\u00fclr\u0151l \nfigyeli a k\u00fczdelm\u00fcnket, szenvtelen\u00fcl. Itt van a j\u00e1rv\u00e1ny kell\u0151s k\u00f6zep\u00e9n, \nhogy felismerj\u00fck, \u00e9s r\u00e1 tudjuk b\u00edzni magunkat! Nagyp\u00e9ntek dr\u00e1m\u00e1ja nem \nk\u00e9rd\u0151jelezte meg Isten szeretet\u00e9t J\u00e9zus ir\u00e1nt, hanem meger\u0151s\u00edtette a \nhit\u00e9t, hogy harmadnapra felt\u00e1mad.<br> <br> Mi\u00e9rt engedi meg Isten ezt a j\u00e1rv\u00e1nyt?<\/p>\n\n\n\n<p>Ugyanaz\u00e9rt,\n ami\u00e9rt a kereszt\u00e9nyek \u00fcld\u00f6z\u00e9s\u00e9t, hogy tan\u00fas\u00e1got tegy\u00fcnk a hit\u00fcnkr\u0151l! \nIsten orsz\u00e1ga k\u00f6zt\u00fcnk van, err\u0151l kell tan\u00fas\u00e1got tenn\u00fcnk! Az \u0150 orsz\u00e1g\u00e1nak\n b\u00e9k\u00e9j\u00e9t \u00e9s \u00f6r\u00f6m\u00e9t nem vesz\u00e9lyezteti a j\u00e1rv\u00e1ny, csak akkor, ha nem \nhissz\u00fck, hogy Isten orsz\u00e1ga el\u00e9rkezett, s az ellenf\u00e9l hangj\u00e1ra \nfigyel\u00fcnk.<\/p>\n\n\n\n<p>A \nkereszts\u00e9g\u00fcnk \u00f3ta naponta v\u00e1lasztanunk kell, hogy ellene mondunk-e a \ns\u00e1t\u00e1nnak, a v\u00e1dl\u00f3nak, a f\u00e9lelemben, retteg\u00e9sben tart\u00f3nak, a p\u00e1nikot \nkelt\u0151nek, vagy enged\u00fcnk neki?<\/p>\n\n\n\n<p>Ugyanakkor\n abban is v\u00e1lasztanunk kell, hogy r\u00e1b\u00edzzuk-e magunkat a szeret\u0151, \ngondvisel\u0151 Aty\u00e1ra, igent mondunk-e J\u00e9zus Krisztusra, aki vel\u00fcnk van \nmindennap, \u00e9s hallgatunk-e a Szentl\u00e9lekre?<\/p>\n\n\n\n<p>Szenteltv\u00edztart\u00f3k ki\u00fcr\u00edt\u00e9se?<\/p>\n\n\n\n<p>Ugyanazok,\n akik tiltakoznak a rendelkez\u00e9sekkel szemben \u00e9s hirdetik, hogy a \nszenteltv\u00edztart\u00f3 nem lehet vesz\u00e9ly forr\u00e1sa, nem hajland\u00f3k beleny\u00falni \u00e9s \nkeresztet vetni, amikor azt l\u00e1tj\u00e1k, hogy roma, vagy koszos, hajl\u00e9ktalan \ntestv\u00e9reink a szem\u00fck l\u00e1tt\u00e1ra megmosakodtak benne. Mik\u00f6zben otthon \nk\u00ednosan betartj\u00e1k a higi\u00e9nia szab\u00e1lyait, \u00e9s egy kortyot nem inn\u00e1nak \nabb\u00f3l a v\u00edzb\u0151l, amelyre ki van \u00edrva, hogy enyh\u00e9n szennyezett, sz\u00e1mon \nk\u00e9rik azokat, akik a j\u00f3zan\u00e9szre hallgatva, azt k\u00e9rik, ne tartsunk \nszenteltvizet&nbsp; a tart\u00f3ban, mert fert\u0151z\u00e9s forr\u00e1sa.<\/p>\n\n\n\n<p>Az Olt\u00e1riszents\u00e9g majd megment?<\/p>\n\n\n\n<p>Sokan \nk\u00f6z\u00fcl\u00fcnk vakon hisznek abban, hogy az Olt\u00e1riszents\u00e9gben jelenl\u00e9v\u0151 \nKrisztus minden bajt\u00f3l meg\u00f3v benn\u00fcnket. Amikor kigyullad egy katedr\u00e1lis,\n vagy f\u00f6ldreng\u00e9s van, az ott im\u00e1dkoz\u00f3k nem v\u00e1rj\u00e1k meg, am\u00edg bent \u00e9gnek, \nvagy r\u00e1juk omlik a mennyezet, arra hivatkozva, hogy az Olt\u00e1riszents\u00e9gben\n jelen van Krisztus \u00e9s \u0150 majd megv\u00e9d benn\u00fcnket, hanem az esz\u00fckre \nhallgatva kimenek\u00fclnek, \u00e9s kimentik a szentosty\u00e1kat is.<\/p>\n\n\n\n<p>K\u00e9zbe \u00e1ldoztat\u00e1s?<\/p>\n\n\n\n<p>Egyesek \nf\u00f6l vannak h\u00e1borodva, s szents\u00e9gt\u00f6r\u0151nek tartanak benn\u00fcnket p\u00fcsp\u00f6k\u00f6ket, \namikor azt k\u00e9rj\u00fck: ne legyen nyelvre \u00e1ldoztat\u00e1s, hanem csak k\u00e9zbe. Vajon\n a mi Urunk J\u00e9zus Krisztus szents\u00e9gt\u00f6r\u00e9st k\u00f6vetett el, amikor az els\u0151 \nszentmis\u00e9n, ahol \u0150 volt a f\u0151pap, nem nyelvre \u00e1ldoztatta meg az \napostolokat, hanem k\u00e9zbe adta nekik a saj\u00e1t test\u00e9t \u00e9s v\u00e9r\u00e9t?<\/p>\n\n\n\n<p>Akik igaz\u00e1n hisznek, azok nem kaphatj\u00e1k el?<\/p>\n\n\n\n<p>J\u00e9zus nem\n \u00edg\u00e9rt olyat, hogy lesz betegs\u00e9g, amit a kereszt\u00e9nyek nem kaphatnak meg,\n mert hisznek \u0151benne. Az eddigi h\u00faszezer fert\u0151z\u00f6tt k\u00f6z\u00f6tt bizony\u00e1ra \nb\u0151ven volt kereszt\u00e9ny is.<\/p>\n\n\n\n<p>Kereszt\u00e9nyek milli\u00f3it vizsg\u00e1ztatja a koronav\u00edrus!<\/p>\n\n\n\n<p>A Szent\u00edr\u00e1sban Isten legt\u00f6bbsz\u00f6r azt k\u00e9ri t\u0151l\u00fcnk: \u201ene f\u00e9ljetek!&#8221; A p\u00e1nik teh\u00e1t ker\u00fclend\u0151.<br>\n D\u00f6nten\u00fcnk, v\u00e1lasztanunk kell: p\u00e1nik \u00e9s retteg\u00e9s vagy \u00e9brenl\u00e9t \u00e9s \nbizalom a Gondvisel\u0151ben? Az Istenbe vetett bizalom, a hit azonban nem \nvak, hanem \u00e9rtelmes. <br> \nFelel\u0151sek vagyunk egym\u00e1s\u00e9rt! Ha s\u00fcllyed a haj\u00f3, nem mondhatjuk, hogy nem\n vessz\u00fck el\u0151 a ment\u0151cs\u00f3nakot, mert Isten meg\u00edg\u00e9rte, hogy a hajunk sz\u00e1la \nsem g\u00f6rb\u00fclhet!<\/p>\n\n\n\n<p>Mit tegy\u00fcnk h\u00e1t?<\/p>\n\n\n\n<p>Ne \nf\u00e9ljetek, \u00e9s ne r\u00e9m\u00fcld\u00f6zzetek, akkor sem, ha nem juthattok el \nszentmis\u00e9re vagy nem \u00e1ldozhattok! Ink\u00e1bb fedezz\u00e9tek fel azokat a \nlehet\u0151s\u00e9geket, amelyeket maga a Mester k\u00edn\u00e1lt fel nek\u00fcnk, a vele val\u00f3 \ntal\u00e1lkoz\u00e1sra.<\/p>\n\n\n\n<p>Meg\u00edg\u00e9rte\n \u00e9s megtartotta: ahol ketten vagy h\u00e1rman \u00f6sszej\u00f6nnek az \u0150 nev\u00e9ben, ott \nlesz k\u00f6zt\u00fck! Amennyiben od\u00e1ig jutunk, hogy a kiscsoportos tal\u00e1lkoz\u00e1s sem\n lehets\u00e9ges, mert karant\u00e9nt rendelnek el, akkor is van lehet\u0151s\u00e9g\u00fcnk \ntal\u00e1lkozni vele.<\/p>\n\n\n\n<p>Az \u00e9let \nig\u00e9j\u00e9ben, a Szent\u00edr\u00e1sban val\u00f3s\u00e1gosan jelen van. Ha naponta olvassuk, \nelm\u00e9lked\u00fcnk r\u00f3la, \u00e9s bel\u0151le t\u00e1pl\u00e1lkozunk, az \u00f6r\u00f6k \u00e9let\u00fcnket vessz\u00fck \nmagunkhoz!&nbsp;<\/p>\n\n\n\n<p>A \nmegt\u00f6rt, beteg embert\u00e1rsainkban ugyanaz a Krisztus van jelen, mint a \nszentosty\u00e1ban. \u0150 jelentette ki, amit egynek ezek k\u00f6z\u00fcl tesz\u00fcnk, azt vele\n tessz\u00fck. A j\u00e1rv\u00e1ny sz\u00e1mtalan lehet\u0151s\u00e9get tartogat a k\u00f6zt\u00fcnk jelen l\u00e9v\u0151 \nKrisztussal val\u00f3 tal\u00e1lkoz\u00e1sra a betegekben \u00e9s szenved\u0151kben is.<\/p>\n\n\n\n<p>Isten \nmindent a javunkra ford\u00edt, csak legyen b\u00e1tors\u00e1gunk ezt a helyzetet is a \nfelt\u00e1mad\u00e1s, a H\u00fasv\u00e9t fel\u0151l n\u00e9zni. A mi igazi rem\u00e9ny\u00fcnk Isten orsz\u00e1ga \u00e9s a\n mennyorsz\u00e1g! Nincs m\u00e1s t\u00e1vlat. Ez\u00e9rt \u00edrja P\u00e1l apostol: &#8222;Sz\u00e1momra az \n\u00e9let Krisztus, a hal\u00e1l pedig nyeres\u00e9g.&#8221; A koronav\u00edrus r\u00e1k\u00e9rdez a \nhit\u00fcnkre, a felt\u00e1mad\u00e1sba vetett hit\u00fcnkre is.<\/p>\n\n\n\n<p>Minden \nszentmis\u00e9ben elmondjuk: \u201eHal\u00e1lodat hirdetj\u00fck, Urunk, \u00e9s hittel valljuk \nfelt\u00e1mad\u00e1sodat, am\u00edg el nem j\u00f6ssz.&#8221; Am\u00edg el nem j\u00f6ssz. Ez azt jelenti, \nhogy itt \u00e9s most. Teh\u00e1t ebben a mostani helyzetben is hisz\u00fcnk a \nfelt\u00e1madott jelenl\u00e9t\u00e9ben \u00e9s a felt\u00e1mad\u00e1sban is.<br> <br> Ebb\u0151l mer\u00edtj\u00fck a rem\u00e9nyt \u00e9s az er\u0151t, hogy seg\u00edts\u00fck egym\u00e1st, amikor kr\u00edzisben, neh\u00e9z helyzetben vagyunk!<\/p>\n\n\n\n<p>Kaposv\u00e1r, 2020. 03.13.<\/p>\n\n\n\n<p>forr\u00e1s: <a href=\"https:\/\/kaposvar.egyhazmegye.hu\/index.php\/hirek\/item\/364-orzoje-vagy-testverednek\" target=\"_blank\" rel=\"noreferrer noopener\" aria-label=\"Kaposv\u00e1ri Egyh\u00e1zmegye (opens in a new tab)\">Kaposv\u00e1ri Egyh\u00e1zmegye<\/a><\/p>\n","protected":false},"excerpt":{"rendered":"<p>Kereszt\u00e9nyek milli\u00f3it vizsg\u00e1ztatja a koronav\u00edrus! \u2013 Varga L\u00e1szl\u00f3 megy\u00e9sp\u00fcsp\u00f6k \u00edr\u00e1sa.<\/p>\n","protected":false},"author":1,"featured_media":0,"comment_status":"closed","ping_status":"open","sticky":false,"template":"","format":"standard","meta":{"footnotes":""},"categories":[1],"tags":[],"class_list":["post-354","post","type-post","status-publish","format-standard","hentry","category-egyeb"],"_links":{"self":[{"href":"https:\/\/balatonkeresztur.plebania.hu\/index.php\/wp-json\/wp\/v2\/posts\/354","targetHints":{"allow":["GET"]}}],"collection":[{"href":"https:\/\/balatonkeresztur.plebania.hu\/index.php\/wp-json\/wp\/v2\/posts"}],"about":[{"href":"https:\/\/balatonkeresztur.plebania.hu\/index.php\/wp-json\/wp\/v2\/types\/post"}],"author":[{"embeddable":true,"href":"https:\/\/balatonkeresztur.plebania.hu\/index.php\/wp-json\/wp\/v2\/users\/1"}],"replies":[{"embeddable":true,"href":"https:\/\/balatonkeresztur.plebania.hu\/index.php\/wp-json\/wp\/v2\/comments?post=354"}],"version-history":[{"count":1,"href":"https:\/\/balatonkeresztur.plebania.hu\/index.php\/wp-json\/wp\/v2\/posts\/354\/revisions"}],"predecessor-version":[{"id":355,"href":"https:\/\/balatonkeresztur.plebania.hu\/index.php\/wp-json\/wp\/v2\/posts\/354\/revisions\/355"}],"wp:attachment":[{"href":"https:\/\/balatonkeresztur.plebania.hu\/index.php\/wp-json\/wp\/v2\/media?parent=354"}],"wp:term":[{"taxonomy":"category","embeddable":true,"href":"https:\/\/balatonkeresztur.plebania.hu\/index.php\/wp-json\/wp\/v2\/categories?post=354"},{"taxonomy":"post_tag","embeddable":true,"href":"https:\/\/balatonkeresztur.plebania.hu\/index.php\/wp-json\/wp\/v2\/tags?post=354"}],"curies":[{"name":"wp","href":"https:\/\/api.w.org\/{rel}","templated":true}]}}