{"id":349,"date":"2020-03-08T06:07:25","date_gmt":"2020-03-08T06:07:25","guid":{"rendered":"http:\/\/balatonkeresztur.plebania.hu\/?p=349"},"modified":"2020-03-08T06:07:25","modified_gmt":"2020-03-08T06:07:25","slug":"intezkedesek-a-jarvany-megelozese-erdekeben-az-mkpk-rendelkezese","status":"publish","type":"post","link":"https:\/\/balatonkeresztur.plebania.hu\/index.php\/2020\/03\/08\/intezkedesek-a-jarvany-megelozese-erdekeben-az-mkpk-rendelkezese\/","title":{"rendered":"Int\u00e9zked\u00e9sek a j\u00e1rv\u00e1ny megel\u0151z\u00e9se \u00e9rdek\u00e9ben \u2013 Az MKPK rendelkez\u00e9se"},"content":{"rendered":"\n<p>A r\u00e1nk b\u00edzottak\u00e9rt \u00e9rzett felel\u0151ss\u00e9gt\u0151l vez\u00e9relve a  COVID-19-j\u00e1rv\u00e1ny Magyarorsz\u00e1gra val\u00f3 bet\u00f6r\u00e9se ut\u00e1n az al\u00e1bbi  rendelkez\u00e9sek l\u00e9pnek \u00e9letbe.<\/p>\n\n\n\n<!--more-->\n\n\n\n<p>1. Templomok<\/p>\n\n\n\n<p>\u2013&nbsp;K\u00e9rj\u00fck a szentmis\u00e9ken a k\u00e9zfog\u00e1s \u00e9s a nyelvre \u00e1ldoztat\u00e1s elhagy\u00e1s\u00e1t \u00e9s a k\u00e9zbe \u00e1ldoztat\u00e1s \u00e1ltal\u00e1noss\u00e1 t\u00e9tel\u00e9t;<br>\u2013&nbsp;k\u00e9rj\u00fck\n a paptestv\u00e9reket, hogy a szentmis\u00e9k el\u0151tt \u00e9s ut\u00e1n fert\u0151tlen\u00edts\u00e9k \nkez\u00fcket vagy v\u00edrusok ellen hat\u00e9kony foly\u00e9kony k\u00e9zfert\u0151tlen\u00edt\u0151 \nszappannal, vagy alkoholos k\u00e9zfert\u0151tlen\u00edt\u0151vel;<br>\u2013&nbsp;a gy\u00f3ntat\u00f3helyis\u00e9g legyen rendszeresen szell\u0151ztetve, a gy\u00f3ntat\u00f3r\u00e1csra k\u00e9rj\u00fck f\u00f3lia r\u00f6gz\u00edt\u00e9s\u00e9t;<br>\u2013&nbsp;k\u00e9rj\u00fck a szenteltv\u00edztart\u00f3k ki\u00fcr\u00edt\u00e9s\u00e9t, azok haszn\u00e1lat\u00e1nak mell\u0151z\u00e9s\u00e9t;<br>\u2013&nbsp;amennyiben a hat\u00f3s\u00e1g elrendeli a t\u00f6megrendezv\u00e9nyek betilt\u00e1s\u00e1t, ez vonatkozhat nagy l\u00e9tsz\u00e1m\u00fa egyh\u00e1zi rendezv\u00e9nyekre is.<\/p>\n\n\n\n<p>2. Egyh\u00e1zi int\u00e9zm\u00e9nyek, iskol\u00e1k \u00e9s pl\u00e9b\u00e1ni\u00e1k<\/p>\n\n\n\n<p>\u2013&nbsp;K\u00e9rj\u00fck, mindenben k\u00f6vess\u00e9k az illet\u00e9kes \u00e1llami szervek el\u0151\u00edr\u00e1sait;<br>\u2013&nbsp;k\u00e9rj\u00fck a gyakori, lehet\u0151leg \u00f3r\u00e1nk\u00e9nti, gondos szell\u0151ztet\u00e9s elv\u00e9gz\u00e9s\u00e9t;<br>\u2013&nbsp;k\u00e9rj\u00fck, hogy az illemhelyis\u00e9gek mindig legyenek ell\u00e1tva elegend\u0151 szappannal, pap\u00edrt\u00f6r\u00fclk\u00f6z\u0151vel \u00e9s eg\u00e9szs\u00e9g\u00fcgyi pap\u00edrral;<br>\u2013&nbsp;k\u00e9rj\u00fck\n a k\u00e9zfert\u0151tlen\u00edt\u00e9si lehet\u0151s\u00e9g biztos\u00edt\u00e1s\u00e1t az \u00e9p\u00fcletbe bel\u00e9p\u0151k, az \nillemhelyet haszn\u00e1l\u00f3k sz\u00e1m\u00e1ra, valamint az \u00e9tkez\u00e9sre szolg\u00e1l\u00f3 \nhelyis\u00e9gekben (p\u00e9ld\u00e1ul szenzoros, alkoholtartalm\u00fa \nk\u00e9zfert\u0151tlen\u00edt\u0151szer-adagol\u00f3).<\/p>\n\n\n\n<p>3. Betegell\u00e1t\u00e1s<\/p>\n\n\n\n<p>\u2013&nbsp;K\u00e9rj\u00fck a betegell\u00e1t\u00e1sban r\u00e9szt vev\u0151ket az orsz\u00e1gos tisztif\u0151orvos \u00e1ltal kiadott j\u00e1rv\u00e1ny\u00fcgyi rendelkez\u00e9sek betart\u00e1s\u00e1ra;<br>\u2013&nbsp;a h\u00e1zi betegell\u00e1t\u00e1sban k\u00e9rj\u00fck a paptestv\u00e9reket, hogy a l\u00e1togat\u00e1s el\u0151tt \u00e9s ut\u00e1n fert\u0151tlen\u00edts\u00e9k kez\u00fcket.<\/p>\n\n\n\n<p><em>Budapest, 2020. m\u00e1rcius 5.,<\/em><\/p>\n\n\n\n<p><em>a Magyar Katolikus P\u00fcsp\u00f6ki Konferencia<\/em><\/p>\n\n\n\n<p>forr\u00e1s:<a href=\"https:\/\/www.magyarkurir.hu\/hazai\/intezkedesek-jarvany-megelozese-erdekeben-az-mkpk-rendelkezese\" target=\"_blank\" rel=\"noreferrer noopener\" aria-label=\" Magyar Kur\u00edr (opens in a new tab)\"> Magyar Kur\u00edr<\/a><\/p>\n","protected":false},"excerpt":{"rendered":"<p>A r\u00e1nk b\u00edzottak\u00e9rt \u00e9rzett felel\u0151ss\u00e9gt\u0151l vez\u00e9relve a COVID-19-j\u00e1rv\u00e1ny Magyarorsz\u00e1gra val\u00f3 bet\u00f6r\u00e9se ut\u00e1n az al\u00e1bbi rendelkez\u00e9sek l\u00e9pnek \u00e9letbe.<\/p>\n","protected":false},"author":1,"featured_media":0,"comment_status":"closed","ping_status":"open","sticky":false,"template":"","format":"standard","meta":{"footnotes":""},"categories":[1],"tags":[],"class_list":["post-349","post","type-post","status-publish","format-standard","hentry","category-egyeb"],"_links":{"self":[{"href":"https:\/\/balatonkeresztur.plebania.hu\/index.php\/wp-json\/wp\/v2\/posts\/349","targetHints":{"allow":["GET"]}}],"collection":[{"href":"https:\/\/balatonkeresztur.plebania.hu\/index.php\/wp-json\/wp\/v2\/posts"}],"about":[{"href":"https:\/\/balatonkeresztur.plebania.hu\/index.php\/wp-json\/wp\/v2\/types\/post"}],"author":[{"embeddable":true,"href":"https:\/\/balatonkeresztur.plebania.hu\/index.php\/wp-json\/wp\/v2\/users\/1"}],"replies":[{"embeddable":true,"href":"https:\/\/balatonkeresztur.plebania.hu\/index.php\/wp-json\/wp\/v2\/comments?post=349"}],"version-history":[{"count":1,"href":"https:\/\/balatonkeresztur.plebania.hu\/index.php\/wp-json\/wp\/v2\/posts\/349\/revisions"}],"predecessor-version":[{"id":350,"href":"https:\/\/balatonkeresztur.plebania.hu\/index.php\/wp-json\/wp\/v2\/posts\/349\/revisions\/350"}],"wp:attachment":[{"href":"https:\/\/balatonkeresztur.plebania.hu\/index.php\/wp-json\/wp\/v2\/media?parent=349"}],"wp:term":[{"taxonomy":"category","embeddable":true,"href":"https:\/\/balatonkeresztur.plebania.hu\/index.php\/wp-json\/wp\/v2\/categories?post=349"},{"taxonomy":"post_tag","embeddable":true,"href":"https:\/\/balatonkeresztur.plebania.hu\/index.php\/wp-json\/wp\/v2\/tags?post=349"}],"curies":[{"name":"wp","href":"https:\/\/api.w.org\/{rel}","templated":true}]}}