{"id":335,"date":"2020-02-15T17:27:22","date_gmt":"2020-02-15T17:27:22","guid":{"rendered":"http:\/\/balatonkeresztur.plebania.hu\/?p=335"},"modified":"2020-02-15T17:28:33","modified_gmt":"2020-02-15T17:28:33","slug":"ferenc-papa-uzenete-a-betegek-28-vilagnapjara","status":"publish","type":"post","link":"https:\/\/balatonkeresztur.plebania.hu\/index.php\/2020\/02\/15\/ferenc-papa-uzenete-a-betegek-28-vilagnapjara\/","title":{"rendered":"Ferenc p\u00e1pa \u00fczenete a betegek 28. vil\u00e1gnapj\u00e1ra"},"content":{"rendered":"\n<p><strong>A Lourdes-i Sz\u0171zanya napj\u00e1n, febru\u00e1r 11-\u00e9n tartja az\nEgyh\u00e1z a betegek vil\u00e1gnapj\u00e1t. Ez alkalomb\u00f3l a p\u00e1pa minden \u00e9vben \u00fczenetet int\u00e9z\na h\u00edvekhez. Idei \u00fczenet\u00e9nek t\u00e9m\u00e1ja: \u201eJ\u00f6jjetek hozz\u00e1m mindny\u00e1jan, akik\nelf\u00e1radtatok, s akik terhet hordoztok \u2013 \u00e9n megk\u00f6nny\u00edtlek titeket\u201d (Mt 11,28).<\/strong><\/p>\n\n\n\n<!--more-->\n\n\n\n<p><em>Ferenc p\u00e1pa\nelm\u00e9lked\u00e9s\u00e9t az al\u00e1bbiakban teljes terjedelem\u00e9ben k\u00f6z\u00f6lj\u00fck.<\/em><\/p>\n\n\n\n<p>Kedves\ntestv\u00e9rek,<\/p>\n\n\n\n<p>J\u00e9zus\nszavai: <em>\u201eJ\u00f6jjetek hozz\u00e1m mindny\u00e1jan, akik elf\u00e1radtatok, s akik terhet\nhordoztok \u2013 \u00e9n megk\u00f6nny\u00edtlek titeket\u201d<\/em> (Mt 11,28), megmutatj\u00e1k a kegyelem\ntitokzatos \u00fatj\u00e1t, amely felt\u00e1rja mag\u00e1t az egyszer\u0171 sz\u00edv\u0171eknek, felfriss\u00fcl\u00e9st ad\na kimer\u00fclteknek \u00e9s megf\u00e1radtaknak. Ezek a szavak az Emberfia, J\u00e9zus Krisztus\nszolidarit\u00e1s\u00e1t fejezik ki az elnyomott \u00e9s szenved\u0151 emberis\u00e9ggel. H\u00e1ny \u00e9s h\u00e1ny\nember szenved testben \u00e9s l\u00e9lekben! J\u00e9zus mindenkit h\u00edv mag\u00e1hoz \u2013 <em>j\u00f6jjetek\nhozz\u00e1m<\/em> \u2013, megk\u00f6nnyebb\u00fcl\u00e9st \u00e9s felfriss\u00fcl\u00e9st \u00edg\u00e9rve nekik. \u201eAmikor J\u00e9zus ezt\nmondja, olyan emberekre gondol, akikkel mindennap tal\u00e1lkozik Galilea utc\u00e1in:\negyszer\u0171 emberek, szeg\u00e9nyek, betegek, b\u0171n\u00f6s\u00f6k, kirekesztettek sokas\u00e1ga. [\u2026]\nEzek az emberek mindig k\u00f6vett\u00e9k J\u00e9zust, hogy hallgass\u00e1k szav\u00e1t, amely rem\u00e9nyt\nadott nekik \u2013 J\u00e9zus szavai mindig rem\u00e9nyt adnak!\u201d (<em>\u00darangyala im\u00e1ds\u00e1g<\/em>,\n2014. j\u00falius 6.).<\/p>\n\n\n\n<p>J\u00e9zus e\nmegh\u00edv\u00e1sa a 28.&nbsp; vil\u00e1gnapon mindazoknak sz\u00f3l, akik betegek \u00e9s terheket\nhordoznak, akik szeg\u00e9nyek \u00e9s tudj\u00e1k, hogy teljesen Istent\u0151l f\u00fcggenek, akiket a\npr\u00f3bat\u00e9telek s\u00falya megsebez, akiknek gy\u00f3gyul\u00e1sra van sz\u00fcks\u00e9g\u00fck. J\u00e9zus Krisztus\nnem t\u00f6rv\u00e9nyeket szab azoknak, akik sebzetts\u00e9g\u00fck, f\u00e1jdalmuk \u00e9s gyenges\u00e9g\u00fck miatt\nf\u00e9lelemben \u00e9lnek, hanem irgalm\u00e1t, vagyis gy\u00f3gy\u00edt\u00f3 szem\u00e9lyes jelenl\u00e9t\u00e9t\naj\u00e1nd\u00e9kozza nekik. J\u00e9zus a megsebzett emberis\u00e9gre tekint. Az \u0151 szeme l\u00e1t \u00e9s\nmegl\u00e1t, mert a m\u00e9lybe tekint; tekintete nem k\u00f6z\u00f6mb\u00f6s, hanem a teljes emberen\nnyugszik, \u00e9s elfogad mindenkit a maga eg\u00e9szs\u00e9gi \u00e1llapot\u00e1ban, senkit sem utas\u00edt\nel, mindenkit megh\u00edv arra, hogy \u00e9let\u00e9be bel\u00e9pjen \u00e9s megtapasztalja az \u0151 gyeng\u00e9ds\u00e9g\u00e9t.<\/p>\n\n\n\n<p>2. Mi\u00e9rt\n\u00e1pol J\u00e9zus Krisztus ilyen \u00e9rz\u00e9seket? Mert \u0151 maga is a gyenges\u00e9g \u00fatj\u00e1t\nv\u00e1lasztotta, megtapasztalta az emberi szenved\u00e9st, \u00e9s mag\u00e1t\u00f3l az Aty\u00e1t\u00f3l kapta a\nmeger\u0151s\u00edt\u00e9st. Val\u00f3j\u00e1ban csak azok fogj\u00e1k tudni, hogyan kell m\u00e1soknak vigaszt\nny\u00fajtani, akik saj\u00e1t magukon tapasztalt\u00e1k meg mindezt. A szenved\u00e9snek k\u00fcl\u00f6nf\u00e9le\ns\u00falyos form\u00e1i vannak: gy\u00f3gy\u00edthatatlan \u00e9s kr\u00f3nikus betegs\u00e9gek, ment\u00e1lis\nprobl\u00e9m\u00e1k, rehabilit\u00e1ci\u00f3t vagy palliat\u00edv ell\u00e1t\u00e1st ig\u00e9nyl\u0151 bajok, k\u00fcl\u00f6nf\u00e9le\nfogyat\u00e9koss\u00e1gok, gyermekkori \u00e9s id\u0151skori betegs\u00e9gek&#8230; Ilyen esetekben n\u00e9ha az\nemberiess\u00e9g hi\u00e1nya is fell\u00e9p, ez\u00e9rt az ember eg\u00e9sz val\u00f3s\u00e1g\u00e1t szem el\u0151tt tart\u00f3\ngy\u00f3gy\u00edt\u00e1sra van sz\u00fcks\u00e9g, arra, hogy szem\u00e9lyes kapcsolatot alak\u00edtsanak ki a\nbeteggel, amelyben az orvosi ell\u00e1t\u00e1st a szem\u00e9lyes gondoskod\u00e1s eg\u00e9sz\u00edti ki.\nBetegs\u00e9g eset\u00e9n az ember nemcsak testi \u00e9ps\u00e9g\u00e9t illet\u0151en \u00e9rzi mag\u00e1t\nvesz\u00e9lyeztetettnek, hanem kapcsolati szinten, \u00e9rtelmi, \u00e9rzelmi \u00e9s lelki\ndimenzi\u00f3j\u00e1ban is. Ez\u00e9rt a ter\u00e1pi\u00e1n t\u00falmen\u0151en t\u00e1mogat\u00e1st, gondoskod\u00e1st,\nfigyelmet v\u00e1r el \u2013 egysz\u00f3val: szeretetet. Emellett a betegnek csal\u00e1dja is van,\namely ugyancsak szenved \u00e9s \u00e9pp\u00fagy sz\u00fcks\u00e9ge van arra, hogy valaki mell\u00e9\u00e1lljon \u00e9s\nt\u00e1mogassa.<\/p>\n\n\n\n<p>3. Kedves\nbeteg testv\u00e9rek, a betegs\u00e9g lehet\u0151s\u00e9get ad sz\u00e1motokra, hogy k\u00fcl\u00f6nleges m\u00f3don\ntartozzatok azokhoz a megf\u00e1radtakhoz \u00e9s terheket hordoz\u00f3khoz, akik magukra\nvonj\u00e1k J\u00e9zus tekintet\u00e9t \u00e9s magukhoz ford\u00edtj\u00e1k sz\u00edv\u00e9t. Onnan \u00e9rkezik sz\u00e1motokra\na f\u00e9ny a s\u00f6t\u00e9ts\u00e9g perceibe \u00e9s a rem\u00e9nys\u00e9g a k\u00e9ts\u00e9gbees\u00e9s pillanataiba. J\u00e9zus\narra h\u00edv, hogy menjetek hozz\u00e1: <em>\u201eJ\u00f6jjetek\u201d<\/em>. Benne fogj\u00e1tok megtal\u00e1lni az\ner\u0151t ahhoz, hogy legy\u0151zz\u00e9tek a f\u00e9lelmeket \u00e9s k\u00e9ts\u00e9geket, amelyek a test \u00e9s a\nl\u00e9lek eme \u00e9jszak\u00e1j\u00e1ban felmer\u00fclnek bennetek. Igen, Krisztus nem k\u00e9sz v\u00e1laszokat\nadott nek\u00fcnk, hanem szenved\u00e9s\u00e9vel, hal\u00e1l\u00e1val \u00e9s felt\u00e1mad\u00e1s\u00e1val megszabad\u00edt\nminket a gonoszs\u00e1g hatalm\u00e1t\u00f3l.<\/p>\n\n\n\n<p>Ebben a\nhelyzetben biztosan sz\u00fcks\u00e9getek van egy helyre, ahol b\u00e9k\u00e9t tal\u00e1ltok. Az Egyh\u00e1z\nsz\u00fcntelen\u00fcl \u00e9s egyre jobban t\u00f6rekszik arra, hogy az irgalmas szamarit\u00e1nus \u2013\nazaz Krisztus \u2013 fogad\u00f3ja legyen (v\u00f6. Lk 10,34), az a h\u00e1z, amelyben megtal\u00e1lj\u00e1tok\naz \u0151 csal\u00e1diass\u00e1gban, vend\u00e9gszeretetben \u00e9s nyugodt l\u00e9gk\u00f6rben megtapasztalhat\u00f3v\u00e1\nv\u00e1l\u00f3 kegyelm\u00e9t. Ebben a h\u00e1zban olyan emberekkel tal\u00e1lkozhattok, akik Isten\nkegyelm\u00e9vel meggy\u00f3gyultak a gyenges\u00e9g\u00fckb\u0151l, \u00e9s seg\u00edthetnek nektek a\nkereszthordoz\u00e1sban saj\u00e1t sebeik felt\u00e1r\u00e1s\u00e1val, hogy t\u00fal tudjatok tekinteni a\nbetegs\u00e9g l\u00e1that\u00e1r\u00e1n, \u00e9s \u00edgy \u00e9letetek f\u00e9nyt \u00e9s leveg\u0151t kapjon.<\/p>\n\n\n\n<p>Ez a beteg\ntestv\u00e9reink\u00e9rt v\u00e9gzett munka mag\u00e1ban foglalja az eg\u00e9szs\u00e9g\u00fcgyi dolgoz\u00f3k,\norvosok, \u00e1pol\u00f3k \u00e9s \u00e1pol\u00f3n\u0151k, eg\u00e9szs\u00e9g\u00fcgyi \u00e9s adminisztrat\u00edv munkat\u00e1rsak,\nseg\u00edt\u0151k \u00e9s \u00f6nk\u00e9ntesek szolg\u00e1lat\u00e1t is, akik hozz\u00e1\u00e9rt\u0151 m\u00f3don tev\u00e9kenykednek\naz\u00e9rt, hogy megtapasztalhat\u00f3v\u00e1 v\u00e1ljon Krisztus jelenl\u00e9te, aki vigaszt ny\u00fajt \u00e9s\ngondoskodik a betegekr\u0151l, sebeiket ell\u00e1tva. De \u0151k is emberek, gyenges\u00e9gekkel \u00e9s\nbetegs\u00e9gekkel. K\u00fcl\u00f6n\u00f6sen is igaz r\u00e1juk, hogy \u201emiut\u00e1n Krisztus fel\u00fcd\u00edtett \u00e9s\nmegvigasztalt benn\u00fcnket, nek\u00fcnk is az a feladatunk, hogy fel\u00fcd\u00fcl\u00e9st \u00e9s vigaszt\nny\u00fajtsunk testv\u00e9reinknek, szel\u00edden \u00e9s al\u00e1zatosan, k\u00f6vetve a Mester p\u00e9ld\u00e1j\u00e1t\u201d (<em>\u00darangyala\nim\u00e1ds\u00e1g<\/em>, 2014. j\u00falius 6.).<\/p>\n\n\n\n<p>4. Kedves\ntestv\u00e9rek, akik az eg\u00e9szs\u00e9g\u00fcgyi rendszerben tev\u00e9kenykedtek, fontos szem el\u0151tt\ntartanotok, hogy minden diagnosztikai, megel\u0151z\u0151, ter\u00e1pi\u00e1s int\u00e9zked\u00e9s, minden\nkutat\u00e1si, \u00e1pol\u00e1si \u00e9s rehabilit\u00e1ci\u00f3s munka a beteg szem\u00e9ly\u00e9re ir\u00e1nyul, ahol a <em>szem\u00e9ly<\/em>\nf\u0151n\u00e9v mindig els\u0151bbs\u00e9get \u00e9lvez a <em>beteg<\/em> jelz\u0151vel szemben. Ez\u00e9rt\ncselekedeteiteknek mindig az emberi szem\u00e9ly \u00e9let\u00e9re \u00e9s m\u00e9lt\u00f3s\u00e1g\u00e1ra kell\nir\u00e1nyulnia, nem tehettek engedm\u00e9nyeket az eutan\u00e1zia k\u00fcl\u00f6nf\u00e9le form\u00e1ival, az\nassziszt\u00e1lt \u00f6ngyilkoss\u00e1ggal vagy az \u00e9let befejez\u00e9s\u00e9re ir\u00e1nyul\u00f3 b\u00e1rmilyen tettel\nszemben, m\u00e9g akkor sem, ha a betegs\u00e9g gy\u00f3gy\u00edt\u00e1sa kil\u00e1t\u00e1stalannak mutatkozik.<\/p>\n\n\n\n<p>Tekintettel\na korl\u00e1tok megtapasztal\u00e1s\u00e1ra \u00e9s az orvostudom\u00e1ny esetleges kudarc\u00e1ra az egyre\nproblematikusabb\u00e1 v\u00e1l\u00f3 klinikai esetek \u00e9s rossz diagn\u00f3zisok kapcs\u00e1n, arra\nvagytok megh\u00edva, hogy megny\u00edljatok a transzcendens dimenzi\u00f3 el\u0151tt, amely\nfelt\u00e1rhatja sz\u00e1motokra foglalkoz\u00e1sotok teljes \u00e9rtelm\u00e9t. Gondoljatok arra, hogy\naz \u00e9let szent \u00e9s Isten tulajdona, ez\u00e9rt s\u00e9rthetetlen, \u00e9s nem rendelkezhet\u00fcnk\nfelette (ld. <em>Donum vitae<\/em> instrukci\u00f3, 5; <em>Evangelium vitae<\/em>\nenciklika, 29\u201353.). Az \u00e9letet a fogantat\u00e1st\u00f3l a hal\u00e1lig el kell fogadni, meg\nkell v\u00e9deni, tiszteletben kell tartani, \u00e9s t\u00e1mogatni kell: ezt k\u00edv\u00e1nja mind az\n\u00e9rtelem, mind pedig az Istenbe, az \u00e9let szerz\u0151j\u00e9be vetett hit. Bizonyos\nesetekben v\u00e1llalnotok kell a lelkiismereti okb\u00f3l val\u00f3 tiltakoz\u00e1st, hogy az\n\u00e9letre \u00e9s az emberre kimondott igen mellett megmaradjatok. Mindenesetre a\nkereszt\u00e9ny szeretet ihlette szakmais\u00e1gotok szolg\u00e1lja legink\u00e1bb az igazi emberi\njogot, az \u00e9lethez val\u00f3 jogot. Ha meggy\u00f3gy\u00edtani nem is tudtok valakit, m\u00e9g\nmindig seg\u00edts\u00e9g\u00e9re lehettek olyan gesztusokkal \u00e9s elj\u00e1r\u00e1sokkal, amelyek\nmegk\u00f6nnyebb\u00fcl\u00e9st \u00e9s enyhet ny\u00fajtanak sz\u00e1m\u00e1ra.<\/p>\n\n\n\n<p>Sajnos a\nh\u00e1bor\u00fa \u00e9s az er\u0151szakos konfliktusok miatt mind az eg\u00e9szs\u00e9g\u00fcgyi dolgoz\u00f3k, mind a\nbetegek gondoz\u00e1s\u00e1ra \u00e9s ell\u00e1t\u00e1s\u00e1ra szolg\u00e1l\u00f3 strukt\u00far\u00e1k \u00fajra \u00e9s \u00fajra t\u00e1mad\u00e1sok\nc\u00e9lkeresztj\u00e9be ker\u00fclnek. Egyes vid\u00e9keken a politika arra is ig\u00e9nyt form\u00e1l, hogy\naz orvosi ell\u00e1t\u00e1st a saj\u00e1t jav\u00e1ra manipul\u00e1lja, ez\u00e1ltal korl\u00e1tozva az\neg\u00e9szs\u00e9g\u00fcgyi rendszer jogos f\u00fcggetlens\u00e9g\u00e9t. Val\u00f3j\u00e1ban azonban azokat t\u00e1madni,\nakik a t\u00e1rsadalom szenved\u0151 tagjainak szolg\u00e1lat\u00e1ra szentelik magukat, senkinek\nsem v\u00e1lik jav\u00e1ra.<\/p>\n\n\n\n<p>5. A betegek\n28. vil\u00e1gnapj\u00e1n gondolok arra a sok testv\u00e9rre is szerte a vil\u00e1gon, akik nem\njutnak orvosi ell\u00e1t\u00e1shoz, mert szeg\u00e9nys\u00e9gben \u00e9lnek. Ez\u00e9rt arra k\u00e9rem a vil\u00e1g\nminden orsz\u00e1g\u00e1nak eg\u00e9szs\u00e9g\u00fcgyi hat\u00f3s\u00e1gait \u00e9s korm\u00e1nyait, hogy mik\u00f6zben\nsz\u00e1molnak a gazdas\u00e1gi realit\u00e1ssal, ne hagyj\u00e1k figyelmen k\u00edv\u00fcl a t\u00e1rsadalmi\nigazs\u00e1goss\u00e1got sem. Hangs\u00falyozom, hogy a szolidarit\u00e1s \u00e9s a szubszidiarit\u00e1s\nelveinek \u00f6tv\u00f6z\u00e9s\u00e9vel k\u00f6z\u00f6s elk\u00f6telezetts\u00e9g sz\u00fcletik annak \u00e9rdek\u00e9ben, hogy\nmindenki hozz\u00e1f\u00e9rhessen a megfelel\u0151 ell\u00e1t\u00e1shoz eg\u00e9szs\u00e9g\u00e9nek v\u00e9delme \u00e9s\nhelyre\u00e1ll\u00edt\u00e1sa \u00e9rdek\u00e9ben. Sz\u00edvb\u0151l k\u00f6sz\u00f6n\u00f6m az \u00f6nk\u00e9nteseknek, akik a betegek szolg\u00e1lat\u00e1ban\n\u00e1llnak, hogy sz\u00e1mos esetben kompenz\u00e1lj\u00e1k a struktur\u00e1lis hi\u00e1nyoss\u00e1gokat, \u00e9s a\ngyeng\u00e9ds\u00e9g \u00e9s jelenl\u00e9t gesztusaival t\u00fckr\u00f6zik Krisztusnak, az irgalmas\nszamarit\u00e1nusnak a k\u00e9p\u00e9t a vil\u00e1g fel\u00e9.<\/p>\n\n\n\n<p>Minden\nembert, aki a betegs\u00e9g terh\u00e9t hordozza, csal\u00e1dtagjaikat \u00e9s az eg\u00e9szs\u00e9g\u00fcgyi\ndolgoz\u00f3kat is a Boldogs\u00e1gos Sz\u0171z M\u00e1ria, a betegek gy\u00f3gy\u00edt\u00f3ja oltalm\u00e1ba aj\u00e1nlom.\nSzeretettel biztos\u00edtalak titeket arr\u00f3l, hogy im\u00e1imban mellettetek vagyok, \u00e9s\nsz\u00edvb\u0151l adom apostoli \u00e1ld\u00e1som.<\/p>\n\n\n\n<p><em>A Vatik\u00e1nb\u00f3l, 2020. janu\u00e1r 3-\u00e1n, J\u00e9zus Legszentebb Nev\u00e9nek eml\u00e9knapj\u00e1n,<\/em><\/p>\n\n\n\n<p class=\"has-text-align-right\"> <em>Ferenc<\/em> <\/p>\n\n\n\n<p>Forr\u00e1s: <a href=\"https:\/\/www.magyarkurir.hu\/hirek\/ferenc-papa-uzenete-betegek-28-vilagnapjara\" target=\"_blank\" rel=\"noreferrer noopener\" aria-label=\" (opens in a new tab)\">Magyar Kur\u00edr<\/a><\/p>\n\n\n\n<p class=\"has-text-align-right\"><\/p>\n","protected":false},"excerpt":{"rendered":"<p>A Lourdes-i Sz\u0171zanya napj\u00e1n, febru\u00e1r 11-\u00e9n tartja az Egyh\u00e1z a betegek vil\u00e1gnapj\u00e1t. Ez alkalomb\u00f3l a p\u00e1pa minden \u00e9vben \u00fczenetet int\u00e9z a h\u00edvekhez. Idei \u00fczenet\u00e9nek t\u00e9m\u00e1ja: \u201eJ\u00f6jjetek hozz\u00e1m mindny\u00e1jan, akik elf\u00e1radtatok, s akik terhet hordoztok \u2013 \u00e9n megk\u00f6nny\u00edtlek titeket\u201d (Mt 11,28).<\/p>\n","protected":false},"author":1,"featured_media":0,"comment_status":"closed","ping_status":"open","sticky":false,"template":"","format":"standard","meta":{"footnotes":""},"categories":[1],"tags":[],"class_list":["post-335","post","type-post","status-publish","format-standard","hentry","category-egyeb"],"_links":{"self":[{"href":"https:\/\/balatonkeresztur.plebania.hu\/index.php\/wp-json\/wp\/v2\/posts\/335","targetHints":{"allow":["GET"]}}],"collection":[{"href":"https:\/\/balatonkeresztur.plebania.hu\/index.php\/wp-json\/wp\/v2\/posts"}],"about":[{"href":"https:\/\/balatonkeresztur.plebania.hu\/index.php\/wp-json\/wp\/v2\/types\/post"}],"author":[{"embeddable":true,"href":"https:\/\/balatonkeresztur.plebania.hu\/index.php\/wp-json\/wp\/v2\/users\/1"}],"replies":[{"embeddable":true,"href":"https:\/\/balatonkeresztur.plebania.hu\/index.php\/wp-json\/wp\/v2\/comments?post=335"}],"version-history":[{"count":2,"href":"https:\/\/balatonkeresztur.plebania.hu\/index.php\/wp-json\/wp\/v2\/posts\/335\/revisions"}],"predecessor-version":[{"id":337,"href":"https:\/\/balatonkeresztur.plebania.hu\/index.php\/wp-json\/wp\/v2\/posts\/335\/revisions\/337"}],"wp:attachment":[{"href":"https:\/\/balatonkeresztur.plebania.hu\/index.php\/wp-json\/wp\/v2\/media?parent=335"}],"wp:term":[{"taxonomy":"category","embeddable":true,"href":"https:\/\/balatonkeresztur.plebania.hu\/index.php\/wp-json\/wp\/v2\/categories?post=335"},{"taxonomy":"post_tag","embeddable":true,"href":"https:\/\/balatonkeresztur.plebania.hu\/index.php\/wp-json\/wp\/v2\/tags?post=335"}],"curies":[{"name":"wp","href":"https:\/\/api.w.org\/{rel}","templated":true}]}}