{"id":292,"date":"2019-08-18T15:13:22","date_gmt":"2019-08-18T15:13:22","guid":{"rendered":"http:\/\/balatonkeresztur.plebania.hu\/?p=292"},"modified":"2019-08-19T05:14:50","modified_gmt":"2019-08-19T05:14:50","slug":"gitaros-mise-2","status":"publish","type":"post","link":"https:\/\/balatonkeresztur.plebania.hu\/index.php\/2019\/08\/18\/gitaros-mise-2\/","title":{"rendered":"Git\u00e1ros mise"},"content":{"rendered":"<p>A mai napon ism\u00e9t vend\u00e9geink voltak a gelsei git\u00e1ros k\u00f6z\u00f6ss\u00e9g tagjai. <!--more--><a href=\"http:\/\/balatonkeresztur.plebania.hu\/wp-content\/uploads\/2019\/08\/DSC_0045.jpg\" target=\"_blank\" rel=\"noopener\"><img loading=\"lazy\" decoding=\"async\" class=\"alignleft wp-image-293 size-thumbnail\" src=\"http:\/\/balatonkeresztur.plebania.hu\/wp-content\/uploads\/2019\/08\/DSC_0045-150x150.jpg\" alt=\"\" width=\"150\" height=\"150\" \/><\/a>Azzal a nem titkolt sz\u00e1nd\u00e9kkal \u00e9rkeztek, hogy kedvet hozzanak pl\u00e9b\u00e1ni\u00e1nk fiataljainak hasonl\u00f3 k\u00f6z\u00f6ss\u00e9g l\u00e9trehoz\u00e1s\u00e1hoz. Mivel m\u00e9g tart a &#8222;balatoni szezon&#8221;, rengetegen hallhatt\u00e1k e maroknyi csapat lelkes, liturgi\u00e1hoz illeszked\u0151 \u00e9nekl\u00e9s\u00e9t. H\u00e1la legyen \u00e9rt\u00fck Istennek!<a href=\"http:\/\/balatonkeresztur.plebania.hu\/wp-content\/uploads\/2019\/08\/DSC_0017.jpg\" target=\"_blank\" rel=\"noopener\"><img loading=\"lazy\" decoding=\"async\" class=\"alignright wp-image-294 size-thumbnail\" src=\"http:\/\/balatonkeresztur.plebania.hu\/wp-content\/uploads\/2019\/08\/DSC_0017-150x150.jpg\" alt=\"\" width=\"150\" height=\"150\" \/><\/a><\/p>\n","protected":false},"excerpt":{"rendered":"<p>A mai napon ism\u00e9t vend\u00e9geink voltak a gelsei git\u00e1ros k\u00f6z\u00f6ss\u00e9g tagjai.<\/p>\n","protected":false},"author":1,"featured_media":0,"comment_status":"closed","ping_status":"open","sticky":false,"template":"","format":"standard","meta":{"footnotes":""},"categories":[1],"tags":[],"class_list":["post-292","post","type-post","status-publish","format-standard","hentry","category-egyeb"],"_links":{"self":[{"href":"https:\/\/balatonkeresztur.plebania.hu\/index.php\/wp-json\/wp\/v2\/posts\/292","targetHints":{"allow":["GET"]}}],"collection":[{"href":"https:\/\/balatonkeresztur.plebania.hu\/index.php\/wp-json\/wp\/v2\/posts"}],"about":[{"href":"https:\/\/balatonkeresztur.plebania.hu\/index.php\/wp-json\/wp\/v2\/types\/post"}],"author":[{"embeddable":true,"href":"https:\/\/balatonkeresztur.plebania.hu\/index.php\/wp-json\/wp\/v2\/users\/1"}],"replies":[{"embeddable":true,"href":"https:\/\/balatonkeresztur.plebania.hu\/index.php\/wp-json\/wp\/v2\/comments?post=292"}],"version-history":[{"count":2,"href":"https:\/\/balatonkeresztur.plebania.hu\/index.php\/wp-json\/wp\/v2\/posts\/292\/revisions"}],"predecessor-version":[{"id":296,"href":"https:\/\/balatonkeresztur.plebania.hu\/index.php\/wp-json\/wp\/v2\/posts\/292\/revisions\/296"}],"wp:attachment":[{"href":"https:\/\/balatonkeresztur.plebania.hu\/index.php\/wp-json\/wp\/v2\/media?parent=292"}],"wp:term":[{"taxonomy":"category","embeddable":true,"href":"https:\/\/balatonkeresztur.plebania.hu\/index.php\/wp-json\/wp\/v2\/categories?post=292"},{"taxonomy":"post_tag","embeddable":true,"href":"https:\/\/balatonkeresztur.plebania.hu\/index.php\/wp-json\/wp\/v2\/tags?post=292"}],"curies":[{"name":"wp","href":"https:\/\/api.w.org\/{rel}","templated":true}]}}