{"id":288,"date":"2019-08-14T18:41:02","date_gmt":"2019-08-14T18:41:02","guid":{"rendered":"http:\/\/balatonkeresztur.plebania.hu\/?p=288"},"modified":"2019-08-30T05:50:57","modified_gmt":"2019-08-30T05:50:57","slug":"kirandulas-veszprembe","status":"publish","type":"post","link":"https:\/\/balatonkeresztur.plebania.hu\/index.php\/2019\/08\/14\/kirandulas-veszprembe\/","title":{"rendered":"Kir\u00e1ndul\u00e1s Veszpr\u00e9mbe"},"content":{"rendered":"<p>A mai napon a balatonkereszt\u00fari \u00e9s a balatonfenyvesi pl\u00e9b\u00e1nia leend\u0151 els\u0151\u00e1ldoz\u00f3ival Veszpr\u00e9mbe kir\u00e1ndultunk.<!--more--><img loading=\"lazy\" decoding=\"async\" class=\"wp-image-300 size-thumbnail alignleft\" src=\"http:\/\/balatonkeresztur.plebania.hu\/wp-content\/uploads\/2019\/08\/IMG_0956-e1567144180158-150x150.jpg\" alt=\"\" width=\"150\" height=\"150\" \/>Els\u0151 \u00e1llom\u00e1sunk az \u00e9rseki ostyas\u00fct\u0151 volt, ahol megn\u00e9zhett\u00fck, hogy k\u00e9sz\u00fcl az ostya, amib\u0151l a szentmis\u00e9n Olt\u00e1riszents\u00e9g &#8222;lesz&#8221;. Ez ut\u00e1n a varrod\u00e1t l\u00e1togattuk meg, ahol a liturgikus ruh\u00e1k k\u00e9sz\u00fclnek. Megn\u00e9zt\u00fck m\u00e9g a sz\u00e9kesegyh\u00e1zat, majd indultunk a szemin\u00e1riumba, amit kir\u00e1ndul\u00e1sunkon &#8222;papgy\u00e1rnak&#8221; nevezt\u00fcnk. Egy eb\u00e9d ut\u00e1n m\u00e9g megcsod\u00e1ltuk az \u00e1llatkertben &#8222;Isten fant\u00e1zi\u00e1j\u00e1n kereszt\u00fcl&#8221; mennyi csod\u00e1latos, sz\u00ednes \u00e1llat l\u00e9tezik.<img loading=\"lazy\" decoding=\"async\" class=\"wp-image-302 size-thumbnail alignright\" src=\"http:\/\/balatonkeresztur.plebania.hu\/wp-content\/uploads\/2019\/08\/20190814_164310-e1567144241850-150x150.jpg\" alt=\"\" width=\"150\" height=\"150\" \/> H\u00e1la legyen Istennek a mai nap\u00e9rt!<\/p>\n","protected":false},"excerpt":{"rendered":"<p>A mai napon a balatonkereszt\u00fari \u00e9s a balatonfenyvesi pl\u00e9b\u00e1nia leend\u0151 els\u0151\u00e1ldoz\u00f3ival Veszpr\u00e9mbe kir\u00e1ndultunk.<\/p>\n","protected":false},"author":1,"featured_media":0,"comment_status":"closed","ping_status":"open","sticky":false,"template":"","format":"standard","meta":{"footnotes":""},"categories":[1],"tags":[],"class_list":["post-288","post","type-post","status-publish","format-standard","hentry","category-egyeb"],"_links":{"self":[{"href":"https:\/\/balatonkeresztur.plebania.hu\/index.php\/wp-json\/wp\/v2\/posts\/288","targetHints":{"allow":["GET"]}}],"collection":[{"href":"https:\/\/balatonkeresztur.plebania.hu\/index.php\/wp-json\/wp\/v2\/posts"}],"about":[{"href":"https:\/\/balatonkeresztur.plebania.hu\/index.php\/wp-json\/wp\/v2\/types\/post"}],"author":[{"embeddable":true,"href":"https:\/\/balatonkeresztur.plebania.hu\/index.php\/wp-json\/wp\/v2\/users\/1"}],"replies":[{"embeddable":true,"href":"https:\/\/balatonkeresztur.plebania.hu\/index.php\/wp-json\/wp\/v2\/comments?post=288"}],"version-history":[{"count":3,"href":"https:\/\/balatonkeresztur.plebania.hu\/index.php\/wp-json\/wp\/v2\/posts\/288\/revisions"}],"predecessor-version":[{"id":303,"href":"https:\/\/balatonkeresztur.plebania.hu\/index.php\/wp-json\/wp\/v2\/posts\/288\/revisions\/303"}],"wp:attachment":[{"href":"https:\/\/balatonkeresztur.plebania.hu\/index.php\/wp-json\/wp\/v2\/media?parent=288"}],"wp:term":[{"taxonomy":"category","embeddable":true,"href":"https:\/\/balatonkeresztur.plebania.hu\/index.php\/wp-json\/wp\/v2\/categories?post=288"},{"taxonomy":"post_tag","embeddable":true,"href":"https:\/\/balatonkeresztur.plebania.hu\/index.php\/wp-json\/wp\/v2\/tags?post=288"}],"curies":[{"name":"wp","href":"https:\/\/api.w.org\/{rel}","templated":true}]}}