{"id":285,"date":"2019-08-10T09:14:58","date_gmt":"2019-08-10T09:14:58","guid":{"rendered":"http:\/\/balatonkeresztur.plebania.hu\/?p=285"},"modified":"2019-08-10T09:15:33","modified_gmt":"2019-08-10T09:15:33","slug":"unnepi-miserend","status":"publish","type":"post","link":"https:\/\/balatonkeresztur.plebania.hu\/index.php\/2019\/08\/10\/unnepi-miserend\/","title":{"rendered":"\u00dcnnepi miserend"},"content":{"rendered":"<p>Az \u00fcnnepi miserend aug. 15-\u00e9n \u00e9s aug. 20-\u00e1n a balatonkereszt\u00fari \u00e9s balatonfenyvesi pl\u00e9b\u00e1ni\u00e1k ter\u00fclet\u00e9n:<!--more--><\/p>\n<p>&nbsp;<\/p>\n<p><strong>Augusztus 15. Nagyboldogasszony \u00fcnnepe<\/strong><\/p>\n<p>(cs\u00fct\u00f6rt\u00f6k)<\/p>\n<p><strong>Balatonfenyves Szent Erzs\u00e9bet<\/strong>\u00a0\u00a0\u00a0\u00a0\u00a0 \u00a0\u00a0\u00a0\u00a0 8 \u00f3ra<\/p>\n<p><strong>Balatonfenyves-als\u00f3 Sz\u0171z M\u00e1ria Sz\u00edve <\/strong>9 \u00f3ra 15<\/p>\n<p><strong>Balatonkereszt\u00far\u00a0\u00a0 <\/strong>\u00a0\u00a0\u00a0\u00a0 \u00a0\u00a0\u00a0\u00a0\u00a0\u00a0\u00a0\u00a0\u00a0\u00a0\u00a0\u00a0\u00a0\u00a0\u00a0\u00a0\u00a0\u00a0\u00a0\u00a0\u00a0\u00a0\u00a0\u00a0\u00a0 11 \u00f3ra<\/p>\n<p><strong>Balatonm\u00e1ria K\u00e1polna<\/strong>\u00a0\u00a0\u00a0\u00a0\u00a0\u00a0\u00a0\u00a0\u00a0\u00a0\u00a0\u00a0\u00a0 \u00a0\u00a0\u00a0\u00a0\u00a0\u00a0\u00a0\u00a0\u00a0 18 \u00f3ra<\/p>\n<p>&nbsp;<\/p>\n<p><strong>Augusztus 20. Szent Istv\u00e1n kir\u00e1ly \u00fcnnepe<\/strong><\/p>\n<p>(kedd)<\/p>\n<p><strong>Balatonfenyves-als\u00f3 Sz\u0171z M\u00e1ria Sz\u00edve <\/strong>9 \u00f3ra 15<\/p>\n<p><strong>Balatonfenyves (\u00f6kumenikus istentisztelet)<\/strong><\/p>\n<p>G\u00e9za park (es\u0151ben) Szent Erzs\u00e9bet\u00a0\u00a0\u00a0 10 \u00f3ra 30<\/p>\n<p><strong>Balatonm\u00e1ria K\u00e1polna<\/strong>\u00a0\u00a0\u00a0 \u00a0\u00a0\u00a0\u00a0\u00a0\u00a0\u00a0\u00a0\u00a0\u00a0\u00a0\u00a0\u00a0\u00a0\u00a0\u00a0\u00a0\u00a0\u00a0\u00a0 18 \u00f3ra<\/p>\n","protected":false},"excerpt":{"rendered":"<p>Az \u00fcnnepi miserend aug. 15-\u00e9n \u00e9s aug. 20-\u00e1n a balatonkereszt\u00fari \u00e9s balatonfenyvesi pl\u00e9b\u00e1ni\u00e1k ter\u00fclet\u00e9n:<\/p>\n","protected":false},"author":1,"featured_media":0,"comment_status":"closed","ping_status":"open","sticky":false,"template":"","format":"standard","meta":{"footnotes":""},"categories":[1],"tags":[],"class_list":["post-285","post","type-post","status-publish","format-standard","hentry","category-egyeb"],"_links":{"self":[{"href":"https:\/\/balatonkeresztur.plebania.hu\/index.php\/wp-json\/wp\/v2\/posts\/285","targetHints":{"allow":["GET"]}}],"collection":[{"href":"https:\/\/balatonkeresztur.plebania.hu\/index.php\/wp-json\/wp\/v2\/posts"}],"about":[{"href":"https:\/\/balatonkeresztur.plebania.hu\/index.php\/wp-json\/wp\/v2\/types\/post"}],"author":[{"embeddable":true,"href":"https:\/\/balatonkeresztur.plebania.hu\/index.php\/wp-json\/wp\/v2\/users\/1"}],"replies":[{"embeddable":true,"href":"https:\/\/balatonkeresztur.plebania.hu\/index.php\/wp-json\/wp\/v2\/comments?post=285"}],"version-history":[{"count":2,"href":"https:\/\/balatonkeresztur.plebania.hu\/index.php\/wp-json\/wp\/v2\/posts\/285\/revisions"}],"predecessor-version":[{"id":287,"href":"https:\/\/balatonkeresztur.plebania.hu\/index.php\/wp-json\/wp\/v2\/posts\/285\/revisions\/287"}],"wp:attachment":[{"href":"https:\/\/balatonkeresztur.plebania.hu\/index.php\/wp-json\/wp\/v2\/media?parent=285"}],"wp:term":[{"taxonomy":"category","embeddable":true,"href":"https:\/\/balatonkeresztur.plebania.hu\/index.php\/wp-json\/wp\/v2\/categories?post=285"},{"taxonomy":"post_tag","embeddable":true,"href":"https:\/\/balatonkeresztur.plebania.hu\/index.php\/wp-json\/wp\/v2\/tags?post=285"}],"curies":[{"name":"wp","href":"https:\/\/api.w.org\/{rel}","templated":true}]}}