{"id":273,"date":"2019-06-24T19:24:59","date_gmt":"2019-06-24T19:24:59","guid":{"rendered":"http:\/\/balatonkeresztur.plebania.hu\/?p=273"},"modified":"2019-06-25T19:45:53","modified_gmt":"2019-06-25T19:45:53","slug":"halaado-szentmise","status":"publish","type":"post","link":"https:\/\/balatonkeresztur.plebania.hu\/index.php\/2019\/06\/24\/halaado-szentmise\/","title":{"rendered":"H\u00e1laad\u00f3 szentmise"},"content":{"rendered":"<p>J\u00fan. 24-\u00e9n, Keresztel\u0151 Szent J\u00e1nos sz\u00fclet\u00e9s\u00e9nek \u00fcnnep\u00e9n, papp\u00e1 szentel\u00e9s\u00fcnk 18. \u00e9vfordul\u00f3j\u00e1n h\u00e1laad\u00f3 szentmis\u00e9t mondtunk volt \u00e9vfolyamt\u00e1rsaimmal a balatonkereszt\u00fari pl\u00e9b\u00e1niatemplomban.<!--more--><a href=\"http:\/\/balatonkeresztur.plebania.hu\/wp-content\/uploads\/2019\/06\/18.jpg\" target=\"_blank\" rel=\"noopener\"><img loading=\"lazy\" decoding=\"async\" class=\"wp-image-274 size-thumbnail alignright\" src=\"http:\/\/balatonkeresztur.plebania.hu\/wp-content\/uploads\/2019\/06\/18-150x150.jpg\" alt=\"\" width=\"150\" height=\"150\" \/><\/a>Hagyom\u00e1ny, hogy szentel\u00e9si \u00e9vfordul\u00f3nkon k\u00f6z\u00f6s szentmis\u00e9ben adunk h\u00e1l\u00e1t Istennek szentel\u00e9s\u00fcnk\u00e9rt, illetve az\u00e9rt hogy az\u00f3ta is megtart-vezet benn\u00fcnket. Borza Mikl\u00f3s (Balatonszemes), Neumajer Zolt\u00e1n (Fony\u00f3d) illetve Neum\u00fcller Mikl\u00f3s (Kaposv\u00e1r-Topon\u00e1r) pl\u00e9b\u00e1nos aty\u00e1kkal k\u00f6z\u00f6sen hallgattuk a helyi reform\u00e1tus lelk\u00e9sz, Hal\u00e1sz No\u00e9mi igehirdet\u00e9s\u00e9t a pr\u00f3f\u00e9tas\u00e1g neh\u00e9zs\u00e9geir\u0151l, \u00f6r\u00f6meir\u0151l. \u00dcnnep\u00fcnket szebb\u00e9 tette, hogy kor\u00e1bbi pl\u00e9b\u00e1ni\u00e1mr\u00f3l, illetve Fony\u00f3dr\u00f3l is \u00e9rkeztek vel\u00fcnk egy\u00fctt im\u00e1dkozni. H\u00e1la legyen Istennek az elm\u00falt 18 esztend\u0151\u00e9rt!<\/p>\n","protected":false},"excerpt":{"rendered":"<p>J\u00fan. 24-\u00e9n, Keresztel\u0151 Szent J\u00e1nos sz\u00fclet\u00e9s\u00e9nek \u00fcnnep\u00e9n, papp\u00e1 szentel\u00e9s\u00fcnk 18. \u00e9vfordul\u00f3j\u00e1n h\u00e1laad\u00f3 szentmis\u00e9t mondtunk volt \u00e9vfolyamt\u00e1rsaimmal a balatonkereszt\u00fari pl\u00e9b\u00e1niatemplomban.<\/p>\n","protected":false},"author":1,"featured_media":0,"comment_status":"closed","ping_status":"open","sticky":false,"template":"","format":"standard","meta":{"footnotes":""},"categories":[1],"tags":[],"class_list":["post-273","post","type-post","status-publish","format-standard","hentry","category-egyeb"],"_links":{"self":[{"href":"https:\/\/balatonkeresztur.plebania.hu\/index.php\/wp-json\/wp\/v2\/posts\/273","targetHints":{"allow":["GET"]}}],"collection":[{"href":"https:\/\/balatonkeresztur.plebania.hu\/index.php\/wp-json\/wp\/v2\/posts"}],"about":[{"href":"https:\/\/balatonkeresztur.plebania.hu\/index.php\/wp-json\/wp\/v2\/types\/post"}],"author":[{"embeddable":true,"href":"https:\/\/balatonkeresztur.plebania.hu\/index.php\/wp-json\/wp\/v2\/users\/1"}],"replies":[{"embeddable":true,"href":"https:\/\/balatonkeresztur.plebania.hu\/index.php\/wp-json\/wp\/v2\/comments?post=273"}],"version-history":[{"count":3,"href":"https:\/\/balatonkeresztur.plebania.hu\/index.php\/wp-json\/wp\/v2\/posts\/273\/revisions"}],"predecessor-version":[{"id":277,"href":"https:\/\/balatonkeresztur.plebania.hu\/index.php\/wp-json\/wp\/v2\/posts\/273\/revisions\/277"}],"wp:attachment":[{"href":"https:\/\/balatonkeresztur.plebania.hu\/index.php\/wp-json\/wp\/v2\/media?parent=273"}],"wp:term":[{"taxonomy":"category","embeddable":true,"href":"https:\/\/balatonkeresztur.plebania.hu\/index.php\/wp-json\/wp\/v2\/categories?post=273"},{"taxonomy":"post_tag","embeddable":true,"href":"https:\/\/balatonkeresztur.plebania.hu\/index.php\/wp-json\/wp\/v2\/tags?post=273"}],"curies":[{"name":"wp","href":"https:\/\/api.w.org\/{rel}","templated":true}]}}