{"id":248,"date":"2019-04-19T19:10:01","date_gmt":"2019-04-19T19:10:01","guid":{"rendered":"http:\/\/balatonkeresztur.plebania.hu\/?p=248"},"modified":"2019-04-19T19:10:01","modified_gmt":"2019-04-19T19:10:01","slug":"a-szent-harom-nap-unneplese-csaladjainkban","status":"publish","type":"post","link":"https:\/\/balatonkeresztur.plebania.hu\/index.php\/2019\/04\/19\/a-szent-harom-nap-unneplese-csaladjainkban\/","title":{"rendered":"A szent h\u00e1rom nap \u00fcnnepl\u00e9se \u2013 csal\u00e1djainkban"},"content":{"rendered":"<p class=\"western\">H\u00edv\u0151 kereszt\u00e9nyek besz\u00e9lgettek arr\u00f3l \u2013 kinek mit jelent h\u00fasv\u00e9t \u00fcnnepe: a szent h\u00e1rom nap. Volt, aki azt mondta, neki a nagyp\u00e9ntek a legfontosabb \u00fcnnep \u2013 mert akkor halt meg \u00e9rt\u00fcnk J\u00e9zus (\u0151 nem is szokott elj\u00f6nni nagycs\u00fct\u00f6rt\u00f6k\u00f6n), m\u00e1s azt mondta: sz\u00e1m\u00e1ra a nagyszombat, illetve a h\u00fasv\u00e9ti vig\u00edlia a legszebb, a legjelent\u0151sebb, mert akkor t\u00e1madt fel J\u00e9zus. Vajon Ti mit mondan\u00e1tok?\u2026<!--more--><\/p>\n<p class=\"western\"><b>1. <\/b>A Vatik\u00e1ni Zsinat el\u0151tt val\u00f3ban sz\u00e9t lehetett \u00edgy v\u00e1lasztani e napokat \u2013 \u00e9s bizony\u00e1ra ebben n\u0151tt\u00fcnk fel. De ma m\u00e1r <b>az egyh\u00e1z<\/b> <b>nem nagycs\u00fct\u00f6rt\u00f6kr\u0151l, nagyp\u00e9ntekr\u0151l, nagyszombatr\u00f3l besz\u00e9l, hanem a szent h\u00e1rom napr\u00f3<\/b>l. Azt akarja mondani, hogy ez a 3 nap<b> egyetlen \u00fcnnep<\/b> \u2013 egyetlen titok \u2013 elv\u00e1laszthatatlanul \u00f6sszetartozik.<\/p>\n<p class=\"western\">Hogy nagyszombat \u00e9jjel, pontosabban <b>h\u00fasv\u00e9t vig\u00edli\u00e1j\u00e1n<\/b> J\u00e9zus felt\u00e1mad\u00e1s\u00e1t \u00fcnnepelj\u00fck, azt tudjuk.<\/p>\n<p class=\"western\">De a <b>nagyp\u00e9ntek<\/b> \u2013 J\u00e9zus hal\u00e1l\u00e1nak titka \u2013 elv\u00e1laszthatatlan a nagyszombatt\u00f3l: a hal\u00e1l mag\u00e1ban hordja a felt\u00e1mad\u00e1st \u2013 egyetlen val\u00f3s\u00e1g k\u00e9t oldala sz\u00e1munkra.<\/p>\n<p class=\"western\">S a <b>nagycs\u00fct\u00f6rt\u00f6k<\/b>? J\u00e9zus ir\u00e1ntunk val\u00f3 legnagyobb szeretet\u00e9nek \u00fcnnepe ez. Ekkor adta nek\u00fcnk test\u00e9t \u00e9s v\u00e9r\u00e9t: az \u00e1ldoz\u00e1st, a szentmis\u00e9t. Ebben a szentmis\u00e9ben m\u00e1r az els\u0151 nagycs\u00fct\u00f6rt\u00f6k\u00f6n ott volt \u2013 s ott van a vil\u00e1g v\u00e9g\u00e9ig \u2013 a nagyp\u00e9ntek \u00e9s a h\u00fasv\u00e9t titka: Krisztus \u00e9rt\u00fcnk v\u00e1llalt hal\u00e1la s felt\u00e1mad\u00e1sa. Nagyp\u00e9ntek \u00e9s nagyszombat \u00e9jjele (illetve h\u00fasv\u00e9t) valamik\u00e9ppen nincs nagycs\u00fct\u00f6rt\u00f6k n\u00e9lk\u00fcl: Krisztus nagycs\u00fct\u00f6rt\u00f6k\u00f6n \u2013 az utols\u00f3 vacsor\u00e1n \u2013 adta nek\u00fcnk a keny\u00e9rben \u00e9s borban az \u0151 hal\u00e1l\u00e1t \u00e9s felt\u00e1mad\u00e1s\u00e1t \u2013 hogy egyes\u00fclj\u00fcnk vele.<\/p>\n<p class=\"western\">Minden <b>szentmis\u00e9nk<\/b> (minden vas\u00e1r- \u00e9s \u00fcnnepnap \u00e9s mindennap) nemcsak Krisztus eg\u00e9sz nagycs\u00fct\u00f6rt\u00f6ki szeretet\u00e9t hordozza \u2013 hanem hordozza mag\u00e1ban Krisztus hal\u00e1l\u00e1t \u00e9s felt\u00e1mad\u00e1s\u00e1t \u2013 nagyp\u00e9ntek \u00e9s h\u00fasv\u00e9t titk\u00e1t is. Ezzel egyes\u00fcl\u00fcnk minden \u00e1ldoz\u00e1sban.<\/p>\n<p class=\"western\">Akik m\u00e9lyebben meg\u00e9rtett\u00e9tek a liturgia titk\u00e1t \u2013 tal\u00e1n k\u00f6zelebb ker\u00fcltetek m\u00e1r mindehhez: A h\u00fasv\u00e9t titk\u00e1t teh\u00e1t a h\u00e1rom szent nap egy\u00fctt fejezi ki, \u00fcnnepli.<\/p>\n<p class=\"western\"><b>2.- Tegy\u00fck id\u00e9n ism\u00e9t olyan \u00fcnnepp\u00e9 ezt a h\u00e1rom napot \u2013 mint eddig soha: \u2013 Egy\u00e9ni<\/b> \u00e9let\u00fcnkben, s ahol lehet, csal\u00e1dunkban. Legyen nagycs\u00fct\u00f6rt\u00f6k -p\u00e9ntek \u00e9s -szombat az \u00fcnnep titkair\u00f3l val\u00f3 elm\u00e9lked\u00e9s napja\u2026 Tal\u00e1ljuk meg a m\u00f3dj\u00e1t,<b> hogyan lesznek ezek a napok csal\u00e1dunk \u00fcnnepei<\/b> (\u00fagy amint az \u0151segyh\u00e1zban volt, \u00fagy ahogy az egyh\u00e1z liturgi\u00e1ja ezt felt\u00e9telezi). Persze nagy aj\u00e1nd\u00e9k m\u00e1r az is, ha r\u00e9szt tudunk venni az esti k\u00f6z\u00f6s \u00fcnnepl\u00e9seken\u2026De ezen t\u00fal is: Tervezz\u00fck meg, hogy csal\u00e1djainkban, hogyan tessz\u00fck e napokat a h\u00fasv\u00e9ti titkok \u00fcnnep\u00e9v\u00e9\u2026Hogyan lesznek e napok nemcsak csendes napok, hanem \u00fcnnep\u00e9lyesek is\u2026<\/p>\n<p class=\"western\">Most k\u00fcl\u00f6n\u00f6sen is volna helye a lak\u00e1sban fel\u00e1ll\u00edtott jelk\u00e9peknek, kis olt\u00e1rnak, t\u00f6viskoszor\u00fanak, keresztnek\u2026 vagy egy\u00e9bnek, ami az \u00fcnnep titk\u00e1ra eml\u00e9keztet\u2026<\/p>\n<p class=\"western\">S mindenk\u00e9pp legyenek ezek a szeretet tetteinek (\u00e9s a b\u0171nb\u00e1natnak \u00e9s meg\u00fajul\u00e1snak) napjai \u2013 gyermekek \u00e9s feln\u0151ttek sz\u00e1m\u00e1ra! Hogy \u00edgy jussunk el h\u00fasv\u00e9t \u00fcnnep\u00e9re \u00e9s lelk\u00fcnk \u00f6r\u00f6m\u00e9re.<\/p>\n<p class=\"western\">S nagyon j\u00f3 volna ha tal\u00e1ln\u00e1tok m\u00e9g id\u0151t egy csal\u00e1di liturgi\u00e1ra, \u2013 k\u00f6z\u00f6s im\u00e1ra, besz\u00e9lget\u00e9sre, h\u00fasv\u00e9ti k\u00e9sz\u00fcletre is.<\/p>\n<p>Forr\u00e1s: <a href=\"http:\/\/tomkaferenc.hu\/lelkipasztorkodas\/liturgikus-ev\/a-szent-harom-nap-unneplese-csaladjainkban\/\" target=\"_blank\" rel=\"noopener\">Dr. Tomka Ferenc<\/a><\/p>\n","protected":false},"excerpt":{"rendered":"<p>H\u00edv\u0151 kereszt\u00e9nyek besz\u00e9lgettek arr\u00f3l \u2013 kinek mit jelent h\u00fasv\u00e9t \u00fcnnepe: a szent h\u00e1rom nap. Volt, aki azt mondta, neki a nagyp\u00e9ntek a legfontosabb \u00fcnnep \u2013 mert akkor halt meg \u00e9rt\u00fcnk J\u00e9zus (\u0151 nem is szokott elj\u00f6nni nagycs\u00fct\u00f6rt\u00f6k\u00f6n), m\u00e1s azt mondta: &hellip; <a href=\"https:\/\/balatonkeresztur.plebania.hu\/index.php\/2019\/04\/19\/a-szent-harom-nap-unneplese-csaladjainkban\/\">Egy kattint\u00e1s ide a folytat\u00e1shoz&#8230;. <span class=\"meta-nav\">&rarr;<\/span><\/a><\/p>\n","protected":false},"author":1,"featured_media":0,"comment_status":"closed","ping_status":"open","sticky":false,"template":"","format":"standard","meta":{"footnotes":""},"categories":[1],"tags":[],"class_list":["post-248","post","type-post","status-publish","format-standard","hentry","category-egyeb"],"_links":{"self":[{"href":"https:\/\/balatonkeresztur.plebania.hu\/index.php\/wp-json\/wp\/v2\/posts\/248","targetHints":{"allow":["GET"]}}],"collection":[{"href":"https:\/\/balatonkeresztur.plebania.hu\/index.php\/wp-json\/wp\/v2\/posts"}],"about":[{"href":"https:\/\/balatonkeresztur.plebania.hu\/index.php\/wp-json\/wp\/v2\/types\/post"}],"author":[{"embeddable":true,"href":"https:\/\/balatonkeresztur.plebania.hu\/index.php\/wp-json\/wp\/v2\/users\/1"}],"replies":[{"embeddable":true,"href":"https:\/\/balatonkeresztur.plebania.hu\/index.php\/wp-json\/wp\/v2\/comments?post=248"}],"version-history":[{"count":1,"href":"https:\/\/balatonkeresztur.plebania.hu\/index.php\/wp-json\/wp\/v2\/posts\/248\/revisions"}],"predecessor-version":[{"id":249,"href":"https:\/\/balatonkeresztur.plebania.hu\/index.php\/wp-json\/wp\/v2\/posts\/248\/revisions\/249"}],"wp:attachment":[{"href":"https:\/\/balatonkeresztur.plebania.hu\/index.php\/wp-json\/wp\/v2\/media?parent=248"}],"wp:term":[{"taxonomy":"category","embeddable":true,"href":"https:\/\/balatonkeresztur.plebania.hu\/index.php\/wp-json\/wp\/v2\/categories?post=248"},{"taxonomy":"post_tag","embeddable":true,"href":"https:\/\/balatonkeresztur.plebania.hu\/index.php\/wp-json\/wp\/v2\/tags?post=248"}],"curies":[{"name":"wp","href":"https:\/\/api.w.org\/{rel}","templated":true}]}}