{"id":228,"date":"2019-03-10T15:24:25","date_gmt":"2019-03-10T15:24:25","guid":{"rendered":"http:\/\/balatonkeresztur.plebania.hu\/?p=228"},"modified":"2019-03-10T15:24:25","modified_gmt":"2019-03-10T15:24:25","slug":"a-szentatya-uzenete-2019-nagybojtjere","status":"publish","type":"post","link":"https:\/\/balatonkeresztur.plebania.hu\/index.php\/2019\/03\/10\/a-szentatya-uzenete-2019-nagybojtjere\/","title":{"rendered":"A Szentatya \u00fczenete 2019 nagyb\u00f6jtj\u00e9re"},"content":{"rendered":"<h1 class=\"article-title\">\u201eMaga a term\u00e9szet s\u00f3v\u00e1rogva v\u00e1rja Isten fiainak megnyilv\u00e1nul\u00e1s\u00e1t\u201d &#8211; A Szentatya \u00fczenete 2019 nagyb\u00f6jtj\u00e9re<\/h1>\n<p><!--more--><\/p>\n<p>A Szentatya \u00e9vr\u0151l \u00e9vre \u00fczenetet int\u00e9z a katolikus h\u00edvekhez a nagyb\u00f6jt kezdet\u00e9n. 2019-ben nagyb\u00f6jti \u00fczenet\u00e9nek t\u00e9m\u00e1ja: \u201eMaga a term\u00e9szet s\u00f3v\u00e1rogva v\u00e1rja Isten fiainak megnyilv\u00e1nul\u00e1s\u00e1t\u201d (R\u00f3m 8,19).<\/p>\n<p>Kedves testv\u00e9rek,<\/p>\n<p>Isten minden esztend\u0151ben \u00e9desany\u00e1nk, az Egyh\u00e1z \u00e1ltal a \u201eh\u00edv\u0151knek azt a kegyelmet juttatja, hogy a h\u00fasv\u00e9tot a Szentl\u00e9lek \u00f6r\u00f6m\u00e9ben v\u00e1rj\u00e1k\u201d \u00e9s \u201emegtisztult sz\u00edvvel az \u00e9let teljess\u00e9g\u00e9re jussunk J\u00e9zus Krisztus, a mi Urunk \u00e1ltal\u201d (v\u00f6. Nagyb\u00f6jti 1. pref\u00e1ci\u00f3). \u00cdgy egyik h\u00fasv\u00e9tt\u00f3l a m\u00e1sikig a megv\u00e1lt\u00e1s teljess\u00e9ge fel\u00e9 haladunk, melyben Krisztus h\u00fasv\u00e9ti miszt\u00e9rium\u00e1nak k\u00f6sz\u00f6nhet\u0151en m\u00e1r r\u00e9szes\u00fclt\u00fcnk: \u201eMert megv\u00e1lt\u00e1sunk m\u00e9g rem\u00e9nybeli\u201d (R\u00f3m 8,24). Az \u00fcdv\u00f6ss\u00e9g e titka, ami m\u00e1r f\u00f6ldi \u00e9let\u00fcnk sor\u00e1n is m\u0171k\u00f6dik benn\u00fcnk, egy dinamikus, az eg\u00e9sz teremt\u00e9st \u00e9s a t\u00f6rt\u00e9nelmet is \u00e1tfog\u00f3 folyamat. S\u0151t, ahogy Szent P\u00e1l apostol megfogalmazza: \u201eMaga a term\u00e9szet s\u00f3v\u00e1rogva v\u00e1rja Isten fiainak megnyilv\u00e1nul\u00e1s\u00e1t\u201d (R\u00f3m 8,19). Ennek kapcs\u00e1n szeretn\u00e9k n\u00e9h\u00e1ny gondolatot megosztani, hogy ezek k\u00eds\u00e9rjenek minket a megt\u00e9r\u00e9s \u00fatj\u00e1n az el\u0151tt\u00fcnk \u00e1ll\u00f3 nagyb\u00f6jti id\u0151szakban.<\/p>\n<p>1. A teremt\u00e9s megv\u00e1lt\u00e1sa<br \/>\nKrisztus hal\u00e1l\u00e1nak \u00e9s felt\u00e1mad\u00e1s\u00e1nak, a H\u00fasv\u00e9ti Szent H\u00e1romnapnak az \u00fcnnepl\u00e9se, mint az egyh\u00e1zi \u00e9v cs\u00facspontja annak tudat\u00e1ban h\u00edv minket meg\u00e9lni az el\u0151k\u00e9sz\u00fclet idej\u00e9t, hogy a Krisztushoz val\u00f3 hasonlatoss\u00e1gunk (v\u00f6. R\u00f3m 8,29) Isten irgalmass\u00e1g\u00e1nak m\u00e9rhetetlen aj\u00e1nd\u00e9ka.<br \/>\nAki Isten gyermekek\u00e9nt, megv\u00e1ltott emberk\u00e9nt \u00e9l, aki hagyja mag\u00e1t a Szentl\u00e9lek \u00e1ltal vezetni (v\u00f6. R\u00f3m 8,14), aki Isten t\u00f6rv\u00e9ny\u00e9t eg\u00e9szen a sz\u00edv\u00fcnkbe \u00e9s emberi term\u00e9szet\u00fcnkbe \u00edrt t\u00f6rv\u00e9nyt\u0151l kezdve felismeri \u00e9s tettekre is v\u00e1ltja, annak \u00e9lete a teremtett vil\u00e1g jav\u00e1ra fog szolg\u00e1lni \u00e9s r\u00e9szt kap a teremt\u00e9s megv\u00e1lt\u00e1s\u00e1nak m\u0171v\u00e9ben is. A teremt\u00e9s emiatt is v\u00e1rja \u2013 ahogyan Szent P\u00e1l \u00edrja \u2013 Isten fiainak megnyilv\u00e1nul\u00e1s\u00e1t, ami arra utal, hogy mindazok, akik J\u00e9zus h\u00fasv\u00e9ti titk\u00e1nak kegyelm\u00e9t befogadt\u00e1k, a maga b\u0151s\u00e9g\u00e9ben \u00e9lvezik gy\u00fcm\u00f6lcseit \u00e9s arra megh\u00edv\u00e1st kaptak arra, hogy annak teljess\u00e9g\u00e9t az emberi \u00e9let megv\u00e1lt\u00e1s\u00e1ban maguk is elnyerj\u00e9k. Amikor Krisztus szeretete a szentek \u00e9let\u00e9t \u2013 a l\u00e9lek, a szellem \u00e9s a test dimenzi\u00f3j\u00e1ban \u2013 \u00e1tform\u00e1lja, \u0151k Istent dics\u0151\u00edtik, \u00e9s im\u00e1ds\u00e1gukba, szeml\u00e9l\u0151d\u00e9s\u00fckbe, m\u0171v\u00e9szet\u00fckbe a teremtm\u00e9nyeket is bevonj\u00e1k, ahogyan ez Assisi Szent Ferenc Naphimnusz\u00e1ban (v\u00f6. Laudato si\u2019 enciklika, 87.) csod\u00e1latosan megmutatkozik. Sajnos ebben a vil\u00e1gban a megv\u00e1lt\u00e1s alkotta harm\u00f3ni\u00e1t sz\u00fcntelen\u00fcl fenyegeti a b\u0171n \u00e9s a hal\u00e1l negat\u00edv hatalma.<\/p>\n<p>2. A b\u0171n puszt\u00edt\u00f3 hatalma<br \/>\nHa nem Isten gyermekeik\u00e9nt \u00e9l\u00fcnk, akkor gyakran puszt\u00edt\u00f3 m\u00f3don viselked\u00fcnk felebar\u00e1tainkkal \u00e9s m\u00e1s teremtm\u00e9nyekkel \u2013 de magunkkal \u2013 szemben is, mivel t\u00f6bb\u00e9-kev\u00e9sb\u00e9 tudatosan abb\u00f3l indulunk ki, hogy mindent a magunk kedve szerint haszn\u00e1lhatunk. Emiatt eluralkodik a m\u00e9rt\u00e9ktelens\u00e9g \u00e9s az \u00edgy kialakul\u00f3 \u00e9letm\u00f3dunkkal t\u00fall\u00e9p\u00fcnk azokon a hat\u00e1rokon, amelyek tiszteletben tart\u00e1s\u00e1t ember voltunk \u00e9s term\u00e9szet\u00fcnk is megk\u00edv\u00e1nn\u00e1. Enged\u00fcnk a hat\u00e1rtalan v\u00e1gyaknak, amelyekkel a B\u00f6lcsess\u00e9g k\u00f6nyve a hitetleneket jellemzi, azokat, akik cselekedeteikben sem Istenre nem gondolnak, sem pedig rem\u00e9ny\u00fck nincs a j\u00f6v\u0151re n\u00e9zve (v\u00f6. B\u00f6lcs 2,1\u201311). Ha nem adjuk \u00e1t magunkat \u00fajra \u00e9s \u00fajra a h\u00fasv\u00e9ti \u00fcnnepnek \u00e9s nem a felt\u00e1mad\u00e1st, mint c\u00e9lt tartjuk szem\u00fcnk el\u0151tt, akkor nyilv\u00e1nval\u00f3, hogy v\u00e9g\u00fcl a \u201emindent \u00e9s azonnal\u201d \u00e9s a \u201emindig t\u00f6bbet birtokolni\u201d logik\u00e1ja gy\u0151zedelmeskedik.<\/p>\n<p>A b\u0171n minden rossz okoz\u00f3ja, mint azt mindny\u00e1jan j\u00f3l tudjuk. Amikor el\u0151sz\u00f6r fel\u00fct\u00f6tte a fej\u00e9t, megt\u00f6rt az emberek k\u00f6z\u00f6ss\u00e9ge Istennel, egym\u00e1ssal \u00e9s a teremtett vil\u00e1ggal, amelyhez test\u00fcnk r\u00e9v\u00e9n k\u00fcl\u00f6n\u00f6sen is kapcsol\u00f3dunk. Az Istennel val\u00f3 kapcsolat megrend\u00fcl\u00e9s\u00e9vel az emberis\u00e9g \u00e9s a sz\u00e1munkra elgondolt k\u00f6rnyezet k\u00f6z\u00f6tt fenn\u00e1ll\u00f3 harm\u00f3nia is csorb\u00e1t szenvedett, az \u00c9denkert pedig puszt\u00e1v\u00e1 v\u00e1lt (v\u00f6. Ter 3,17\u201318). Ebben az esetben arr\u00f3l a b\u0171nr\u0151l van sz\u00f3, ami az embert arra vezette, hogy mag\u00e1t tartsa a teremt\u00e9s isten\u00e9nek, \u00fagy l\u00e1ssa mag\u00e1t, mint abszol\u00fat uralkod\u00f3t \u00e9s a vil\u00e1got nem az Isten \u00e1ltal meghat\u00e1rozott c\u00e9lra, hanem saj\u00e1t \u00e9rdek\u00e9ben, illetve embert\u00e1rsai \u00e9s m\u00e1s teremtm\u00e9nyek k\u00e1r\u00e1ra haszn\u00e1lja.<br \/>\nHa Isten t\u00f6rv\u00e9ny\u00e9t, ami a szeretet t\u00f6rv\u00e9nye, elhagyjuk, akkor a hatalmasok t\u00f6rv\u00e9nye fog \u00e9rv\u00e9nyre jutni. A b\u0171n, ami az emberek sz\u00edv\u00e9ben lakozik (v\u00f6. Mk 7,20\u201323) \u2013 \u00e9s kifejez\u00e9sre jut a b\u0171n\u00f6s k\u00edv\u00e1ns\u00e1gban, a m\u00e9rt\u00e9ktelen j\u00f3l\u00e9t ut\u00e1ni v\u00e1gyban, a m\u00e1sok \u00e9s gyakran saj\u00e1t boldogul\u00e1sunkkal szembeni k\u00f6z\u00f6nyben \u2013, kiel\u00e9g\u00edthetetlen moh\u00f3s\u00e1gban a teremt\u00e9s, az embert\u00e1rs \u00e9s a k\u00f6rnyezet kizs\u00e1km\u00e1nyol\u00e1s\u00e1hoz vezet, mivel minden k\u00edv\u00e1ns\u00e1g teljes\u00fcl\u00e9s\u00e9t jognak tartja \u00e9s el\u0151bb vagy ut\u00f3bb elpuszt\u00edtja azt is, akit uralma al\u00e1 vetett.<\/p>\n<p>3. A megbocs\u00e1t\u00e1s \u00e9s a b\u00e1nat gy\u00f3gy\u00edt\u00f3 ereje<br \/>\nMindezek miatt a teremt\u00e9s sz\u00e1m\u00e1ra s\u00fcrg\u0151sen sz\u00fcks\u00e9ges, hogy Isten fiai \u00e9s le\u00e1nyai, mindazok, akik \u201e\u00faj teremt\u00e9ss\u00e9\u201d v\u00e1ltak, megnyilv\u00e1nuljanak: \u201eMindenki, aki Krisztusban van, \u00faj teremtm\u00e9ny. A r\u00e9gi megsz\u0171nt, valami \u00faj val\u00f3sult meg\u201d (2Kor 5,17). E megnyilv\u00e1nul\u00e1s \u00e1ltal a teremt\u00e9s maga is h\u00fasv\u00e9tt\u00e1 v\u00e1lhat, megny\u00edlhat az \u00faj f\u00f6ldnek \u00e9s \u00faj \u00e9gnek (v\u00f6. Jel 21,1). A h\u00fasv\u00e9ti \u00fat \u00e9ppen arra h\u00edv minket, hogy kereszt\u00e9ny arcunkat \u00e9s kereszt\u00e9ny sz\u00edv\u00fcnket b\u00e1nat, megt\u00e9r\u00e9s \u00e9s megbocs\u00e1t\u00e1s \u00e1ltal meg\u00faj\u00edtsuk \u00e9s \u00edgy a h\u00fasv\u00e9ti miszt\u00e9rium kegyelm\u00e9nek teljes gazdags\u00e1g\u00e1t meg\u00e9lhess\u00fck.<br \/>\nEz a \u201et\u00fcrelmetlens\u00e9g\u201d, a teremt\u00e9s v\u00e1rakoz\u00e1sa beteljes\u00fcl, amikor Isten fiai megnyilv\u00e1nulnak, vagyis minden kereszt\u00e9ny \u00e9s minden ember elsz\u00e1nja mag\u00e1t arra, hogy a megt\u00e9r\u00e9s e \u201esz\u00fcl\u00e9si f\u00e1jdalm\u00e1t\u201d mag\u00e1ra vegye. Az eg\u00e9sz teremtett vil\u00e1g vel\u00fcnk egy\u00fctt \u201efel kell, hogy szabaduljon a muland\u00f3s\u00e1g szolgai \u00e1llapot\u00e1b\u00f3l az Isten fiainak dics\u0151s\u00e9ges szabads\u00e1g\u00e1ra\u201d (R\u00f3m 8,21). A nagyb\u00f6jt a megt\u00e9r\u00e9s szents\u00e9gi jele. Arra h\u00edvja a kereszt\u00e9nyeket, hogy a h\u00fasv\u00e9ti miszt\u00e9riumot a saj\u00e1t szem\u00e9lyes, csal\u00e1di \u00e9s t\u00e1rsadalmi \u00e9let\u00fckben tartalmasabban \u00e9s konkr\u00e9t form\u00e1ba \u00f6ntve megval\u00f3s\u00edts\u00e1k, k\u00fcl\u00f6n\u00f6sen is a b\u00f6jt, az im\u00e1ds\u00e1g \u00e9s az alamizsn\u00e1lkod\u00e1s \u00e1ltal.<br \/>\nB\u00f6jt\u00f6lni annyit tesz, mint megv\u00e1ltoztatni magatart\u00e1sunkat embert\u00e1rsainkkal \u00e9s a teremtm\u00e9nyekkel szemben: att\u00f3l a k\u00eds\u00e9rt\u00e9st\u0151l, hogy mindent \u201eelnyelj\u00fcnk\u201d, eljutunk az arra val\u00f3 alkalmass\u00e1gig, hogy szeretetb\u0151l szenvedj\u00fcnk, ami sz\u00edv\u00fcnk \u00fcress\u00e9g\u00e9t be tudja t\u00f6lteni. Im\u00e1dkozni nem m\u00e1s, mint megtanulni lemondani a b\u00e1lv\u00e1nyim\u00e1d\u00e1sr\u00f3l \u00e9s az eg\u00f3nk \u00f6nel\u00e9g\u00fclts\u00e9g\u00e9r\u0151l \u00e9s beismerni, hogy az \u00darra \u00e9s az \u0151 irgalm\u00e1ra sz\u00fcks\u00e9g\u00fcnk van. Az alamizsn\u00e1lkod\u00e1s annyit tesz, mint hogy t\u00fall\u00e9p\u00fcnk azon a balgas\u00e1gon, hogy csak magunknak \u00e9l\u00fcnk, csak magunknak halmozunk fel abban a t\u00e9veszm\u00e9ben \u00e9lve, hogy \u00edgy biztos\u00edthatjuk a j\u00f6v\u0151t, ami nem is a mi\u00e9nk. Ezekkel az eszk\u00f6z\u00f6kkel ism\u00e9t meglelhetj\u00fck az \u00f6r\u00f6met abban a tervben, amelyet a teremt\u00e9s Istene a sz\u00edv\u00fcnkbe v\u00e9sett: testv\u00e9reinket \u00e9s az eg\u00e9sz vil\u00e1got szeretni \u00e9s ebben a szeretetben megtal\u00e1lni a val\u00f3di boldogs\u00e1got.<\/p>\n<p>Kedves testv\u00e9rek, Isten Fi\u00e1nak a b\u00f6jtje a teremt\u00e9s pusztas\u00e1g\u00e1ba val\u00f3 bel\u00e9p\u00e9s volt, az\u00e9rt, hogy azt \u00fajra Isten jelenl\u00e9t\u00e9nek kertj\u00e9v\u00e9 tegye, azz\u00e1, ami a b\u0171nbees\u00e9s el\u0151tt volt (v\u00f6. Mk 1,12\u201313; Iz 51,3). B\u00f6jt\u00fcnk sor\u00e1n mi is ezt az utat szeretn\u00e9nk bej\u00e1rni, az\u00e9rt, hogy a teremtett vil\u00e1gnak elvigy\u00fck Krisztus rem\u00e9nys\u00e9g\u00e9t, aki azt \u201ea muland\u00f3s\u00e1g szolgai \u00e1llapot\u00e1b\u00f3l felszabad\u00edtotta az Isten fiainak dics\u0151s\u00e9ges szabads\u00e1g\u00e1ra\u201d (R\u00f3m 8,21). Ne hagyjuk, hogy e kedvez\u0151 id\u0151 haszontalanul teljen el! K\u00e9rj\u00fck Isten seg\u00edts\u00e9g\u00e9t, hogy r\u00e1tal\u00e1ljunk a val\u00f3di megt\u00e9r\u00e9s \u00fatj\u00e1ra. Hagyjuk el az \u00f6nz\u00e9st \u00e9s az \u00f6nmagunkra ir\u00e1nyul\u00f3 figyelmet \u00e9s forduljunk J\u00e9zus h\u00fasv\u00e9tja fel\u00e9, v\u00e1ljanak sz\u00fcks\u00e9get szenved\u0151 testv\u00e9reink felebar\u00e1tainkk\u00e1, akikkel testi \u00e9s lelki javainkat megoszthatjuk. \u00cdgy \u00e9let\u00fcnk konkr\u00e9t cselekedeteiben Krisztusnak a b\u0171n \u00e9s a hal\u00e1l felett aratott gy\u0151zelme megval\u00f3sul \u00e9s ezzel az \u0151 \u00e1talak\u00edt\u00f3 erej\u00e9t a teremt\u00e9sre is leh\u00edvjuk.<\/p>\n<p>Vatik\u00e1nv\u00e1ros, 2018. okt\u00f3ber 4-\u00e9n, Assisi Szent Ferenc \u00fcnnep\u00e9n.<\/p>\n<p>Ferenc p\u00e1pa<\/p>\n<p>forr\u00e1s: <a href=\"https:\/\/katolikus.hu\/cikk\/maga-a-termeszet-sovarogva-varja-isten-fiainak-megnyilvanulasat---a-szentatya-uzenete-2019-nagybojtjere\" target=\"_blank\" rel=\"noopener\">Magyar Katolikus Egyh\u00e1z<\/a><\/p>\n","protected":false},"excerpt":{"rendered":"<p>\u201eMaga a term\u00e9szet s\u00f3v\u00e1rogva v\u00e1rja Isten fiainak megnyilv\u00e1nul\u00e1s\u00e1t\u201d &#8211; A Szentatya \u00fczenete 2019 nagyb\u00f6jtj\u00e9re<\/p>\n","protected":false},"author":1,"featured_media":0,"comment_status":"closed","ping_status":"open","sticky":false,"template":"","format":"standard","meta":{"footnotes":""},"categories":[1],"tags":[],"class_list":["post-228","post","type-post","status-publish","format-standard","hentry","category-egyeb"],"_links":{"self":[{"href":"https:\/\/balatonkeresztur.plebania.hu\/index.php\/wp-json\/wp\/v2\/posts\/228","targetHints":{"allow":["GET"]}}],"collection":[{"href":"https:\/\/balatonkeresztur.plebania.hu\/index.php\/wp-json\/wp\/v2\/posts"}],"about":[{"href":"https:\/\/balatonkeresztur.plebania.hu\/index.php\/wp-json\/wp\/v2\/types\/post"}],"author":[{"embeddable":true,"href":"https:\/\/balatonkeresztur.plebania.hu\/index.php\/wp-json\/wp\/v2\/users\/1"}],"replies":[{"embeddable":true,"href":"https:\/\/balatonkeresztur.plebania.hu\/index.php\/wp-json\/wp\/v2\/comments?post=228"}],"version-history":[{"count":1,"href":"https:\/\/balatonkeresztur.plebania.hu\/index.php\/wp-json\/wp\/v2\/posts\/228\/revisions"}],"predecessor-version":[{"id":229,"href":"https:\/\/balatonkeresztur.plebania.hu\/index.php\/wp-json\/wp\/v2\/posts\/228\/revisions\/229"}],"wp:attachment":[{"href":"https:\/\/balatonkeresztur.plebania.hu\/index.php\/wp-json\/wp\/v2\/media?parent=228"}],"wp:term":[{"taxonomy":"category","embeddable":true,"href":"https:\/\/balatonkeresztur.plebania.hu\/index.php\/wp-json\/wp\/v2\/categories?post=228"},{"taxonomy":"post_tag","embeddable":true,"href":"https:\/\/balatonkeresztur.plebania.hu\/index.php\/wp-json\/wp\/v2\/tags?post=228"}],"curies":[{"name":"wp","href":"https:\/\/api.w.org\/{rel}","templated":true}]}}