{"id":225,"date":"2019-03-10T11:39:53","date_gmt":"2019-03-10T11:39:53","guid":{"rendered":"http:\/\/balatonkeresztur.plebania.hu\/?p=225"},"modified":"2019-04-19T19:10:20","modified_gmt":"2019-04-19T19:10:20","slug":"nagybojti-otletek","status":"publish","type":"post","link":"https:\/\/balatonkeresztur.plebania.hu\/index.php\/2019\/03\/10\/nagybojti-otletek\/","title":{"rendered":"Nagyb\u00f6jti \u00f6tletek"},"content":{"rendered":"<p><strong>N\u00e9h\u00e1ny \u00f6tlet b\u00f6jt\u00f6l\u00e9sre<\/strong><!--more--><\/p>\n<p>Akik szeretnek sokat enni &#8211; ehetnek kicsit kevesebbet; a kis\u00e9tk\u0171ek, finny\u00e1sok &#8211; egyenek t\u00f6bbet, rendszeresebben!<\/p>\n<p>Akik reggelente lust\u00e1lkod\u00f3k &#8211; keljenek \u00f6t perccel kor\u00e1bban; akik mindig elk\u00e9snek &#8211; legyenek ott minden\u00fctt pontosan.<\/p>\n<p>Szenved\u00e9lyeinkkel kapcsolatban: a doh\u00e1nyosok &#8211; sz\u00edvjanak kevesebbet; alkoholt, \u00e9dess\u00e9get stb. kedvel\u0151k &#8211; m\u00e9rs\u00e9kelj\u00e9k az italt, a nyal\u00e1nks\u00e1gokat; a gyorshajt\u00f3k k\u00f6zlekedjenek szab\u00e1lyosan; a sokat besz\u00e9l\u0151k &#8211; n\u00e9ha hallgassanak el, s figyeljenek oda m\u00e1sokra; a hallgatagok, mogorv\u00e1k &#8211; kedvesen sz\u00f3l\u00edtsanak meg m\u00e1sokat.<\/p>\n<p>Akik szeretnek tv-t n\u00e9zni, ilyenkor n\u00e9zzenek kevesebbet, vagy ha v.ki a sz\u00e1m\u00edt\u00f3g\u00e9p el\u0151tt t\u00f6lt el sok id\u0151t, lehet ilyenkor azt is m\u00e9rs\u00e9kelni.<\/p>\n<p>Akik robban\u00e9kony term\u00e9szet\u0171ek, hirtelen harag\u00faak &#8211; f\u00e9kezz\u00e9k haragjukat; a t\u00fcrelmetlenek pr\u00f3b\u00e1ljanak v\u00e1rakozni.<\/p>\n<p>Akik megsz\u00f3l\u00e1st, pletyk\u00e1t kedvel\u0151k \u2013 azok j\u00f3t mondjanak, vagy semmit ne mondjanak m\u00e1sokr\u00f3l.<\/p>\n<p>A megb\u00edzhatatlanok, feled\u00e9kenyek &#8211; most minden \u00edg\u00e9ret\u00fcket teljes\u00edts\u00e9k pontosan.<\/p>\n<p>A k\u00f6z\u00f6s munk\u00e1b\u00f3l magukat kih\u00faz\u00f3k &#8211; \u00f6nk\u00e9nt v\u00e1llaljanak nagyobb r\u00e9szt a k\u00f6z\u00f6s feladatokb\u00f3l.<\/p>\n<p>A sz\u0171kebb \u00e9s t\u00e1gabb csal\u00e1don bel\u00fcl, illetve a munkahelyen vagy az iskol\u00e1ban legy\u00fcnk kedvesek \u00e9s figyelmesek ahhoz, akit mostan\u00e1ban elhanyagoltunk.<\/p>\n<p>Im\u00e1ds\u00e1gos \u00e9let\u00fcnkben naponta legal\u00e1bb 10 percet sz\u00e1njuk m\u00e9g a J\u00f3istenre a megszokott im\u00e1ds\u00e1gainkon t\u00fal. Est\u00e9nk\u00e9nt a lelkiismeretvizsg\u00e1latban gondoljuk \u00e1t a napot. Ha tudunk, hetente legal\u00e1bb egyszer h\u00e9tk\u00f6znap is igyekezz\u00fcnk elmenni szentmis\u00e9re.<\/p>\n<p>Azt\u00e1n b\u00f6jt\u00f6ltess\u00fck a szem\u00fcnket! A szem a l\u00e9lek ablaka. Sok b\u0171n kezd\u0151d\u00f6tt a szemen kereszt\u00fcl. Ne akarjunk mindent megl\u00e1tni (\u00e9szrevenni)!<\/p>\n<p>B\u00f6jt\u00f6ltess\u00fck a f\u00fcl\u00fcnket! Nem kell mindent megtudni. Z\u00e1rjuk el f\u00fcl\u00fcnket minden megsz\u00f3l\u00e1s \u00e9s pletyka el\u0151l.<\/p>\n<p>B\u00f6jt\u00f6ltess\u00fck a nyelv\u00fcnket! A sok besz\u00e9dben nagyon neh\u00e9z elker\u00fclni a b\u0171nt. Teremts\u00fcnk csendet magunkban \u00e9s magunk k\u00f6r\u00fcl.<\/p>\n","protected":false},"excerpt":{"rendered":"<p>N\u00e9h\u00e1ny \u00f6tlet b\u00f6jt\u00f6l\u00e9sre<\/p>\n","protected":false},"author":1,"featured_media":0,"comment_status":"closed","ping_status":"open","sticky":false,"template":"","format":"standard","meta":{"footnotes":""},"categories":[1],"tags":[],"class_list":["post-225","post","type-post","status-publish","format-standard","hentry","category-egyeb"],"_links":{"self":[{"href":"https:\/\/balatonkeresztur.plebania.hu\/index.php\/wp-json\/wp\/v2\/posts\/225","targetHints":{"allow":["GET"]}}],"collection":[{"href":"https:\/\/balatonkeresztur.plebania.hu\/index.php\/wp-json\/wp\/v2\/posts"}],"about":[{"href":"https:\/\/balatonkeresztur.plebania.hu\/index.php\/wp-json\/wp\/v2\/types\/post"}],"author":[{"embeddable":true,"href":"https:\/\/balatonkeresztur.plebania.hu\/index.php\/wp-json\/wp\/v2\/users\/1"}],"replies":[{"embeddable":true,"href":"https:\/\/balatonkeresztur.plebania.hu\/index.php\/wp-json\/wp\/v2\/comments?post=225"}],"version-history":[{"count":2,"href":"https:\/\/balatonkeresztur.plebania.hu\/index.php\/wp-json\/wp\/v2\/posts\/225\/revisions"}],"predecessor-version":[{"id":227,"href":"https:\/\/balatonkeresztur.plebania.hu\/index.php\/wp-json\/wp\/v2\/posts\/225\/revisions\/227"}],"wp:attachment":[{"href":"https:\/\/balatonkeresztur.plebania.hu\/index.php\/wp-json\/wp\/v2\/media?parent=225"}],"wp:term":[{"taxonomy":"category","embeddable":true,"href":"https:\/\/balatonkeresztur.plebania.hu\/index.php\/wp-json\/wp\/v2\/categories?post=225"},{"taxonomy":"post_tag","embeddable":true,"href":"https:\/\/balatonkeresztur.plebania.hu\/index.php\/wp-json\/wp\/v2\/tags?post=225"}],"curies":[{"name":"wp","href":"https:\/\/api.w.org\/{rel}","templated":true}]}}