{"id":2202,"date":"2026-09-01T19:00:35","date_gmt":"2026-09-01T19:00:35","guid":{"rendered":"https:\/\/balatonkeresztur.plebania.hu\/?p=2202"},"modified":"2026-09-01T19:03:17","modified_gmt":"2026-09-01T19:03:17","slug":"tanevkezdesre","status":"publish","type":"post","link":"https:\/\/balatonkeresztur.plebania.hu\/index.php\/2026\/09\/01\/tanevkezdesre\/","title":{"rendered":"Tan\u00e9vkezd\u00e9sre"},"content":{"rendered":"\n<p class=\"wp-block-paragraph\">Zajban is meghallani a val\u00f3di \u00e9rt\u00e9keket \u2013 Zs\u00f3di Viktor piarista tartom\u00e1nyf\u0151n\u00f6k a tan\u00e9v kezdet\u00e9n<\/p>\n\n\n\n<p class=\"wp-block-paragraph\"><a href=\"javascript:void(0);\"><img decoding=\"async\" src=\"https:\/\/www.magyarkurir.hu\/img1.php?id=158237&amp;v=1&amp;img=c_202.jpg\"><img decoding=\"async\" src=\"https:\/\/www.magyarkurir.hu\/design1\/img\/img.png\"> <\/a><\/p>\n\n\n\n<!--more-->\n\n\n\n<h3 class=\"wp-block-heading\"><\/h3>\n\n\n\n<p class=\"wp-block-paragraph\"><strong>A hivatalos tanrend szerint a tan\u00e9v 2026. szeptember 1-j\u00e9n kezd\u0151dik, \u00e9s 2027. j\u00fanius 18-\u00e1n \u00e9r v\u00e9get. Az iskolakezd\u00e9s alkalm\u00e1b\u00f3l Zs\u00f3di Viktor piarista tartom\u00e1nyf\u0151n\u00f6k k\u00f6z\u00f6ss\u00e9gi fel\u00fclet\u00e9n k\u00f6zreadott gondolatait osztjuk meg.<\/strong><\/p>\n\n\n\n<p class=\"wp-block-paragraph\">Szeptember elseje van. Ma reggel ism\u00e9t megteltek az iskol\u00e1k, \u00e9s sok ezer di\u00e1k \u2013 valamint legal\u00e1bb ugyanennyi sz\u00fcl\u0151 \u2013 gyomr\u00e1ban ott motoszk\u00e1l az a bizonyos ismer\u0151s izgalom. K\u00fcl\u00f6n\u00f6sen igaz ez azokra a fiatalokra, akik most hagyj\u00e1k el el\u0151sz\u00f6r a sz\u00fcl\u0151i h\u00e1zat, hogy egy nagyobb v\u00e1rosban, k\u00f6z\u00e9piskol\u00e1ban vagy egyetemen folytass\u00e1k tanulm\u00e1nyaikat.<\/p>\n\n\n\n<blockquote class=\"wp-block-quote is-layout-flow wp-block-quote-is-layout-flow\">\n<p class=\"wp-block-paragraph\">De vajon mennyit v\u00e1ltoztak a di\u00e1kok kih\u00edv\u00e1sai \u00e9s a sz\u00fcl\u0151k aggodalmai az elm\u00falt \u00e9vsz\u00e1zadok sor\u00e1n?<\/p>\n<\/blockquote>\n\n\n\n<p class=\"wp-block-paragraph\">Meglep\u0151 m\u00f3don szinte semmit.<\/p>\n\n\n\n<p class=\"wp-block-paragraph\">Nemr\u00e9giben forgattam a <em>Vigilia<\/em> foly\u00f3irat tavaly ny\u00e1ri (2025. j\u00faliusi) sz\u00e1m\u00e1t, amelyben K\u0151rizs Imre ford\u00edt\u00e1s\u00e1ban \u00e9s k\u00eds\u00e9r\u0151sz\u00f6veg\u00e9vel jelent meg egy k\u00fcl\u00f6nleges k\u00f6ltem\u00e9ny. A szerz\u0151je Jallosics Andr\u00e1s (1791\u20131862), a reformkor kiv\u00e1l\u00f3 piarista szerzetestan\u00e1ra, a pesti iskol\u00e1nk igazgat\u00f3ja \u00e9s k\u00f6lt\u0151je. A vers c\u00edme \u00f6nmag\u00e1\u00e9rt besz\u00e9l: <em>Egy apa intelmei fi\u00e1hoz, Alexishez, aki tanul\u00e1s c\u00e9lj\u00e1b\u00f3l a v\u00e1rosba indul.<\/em><\/p>\n\n\n\n<p class=\"wp-block-paragraph\">B\u00e1r Jallosics t\u00f6bb mint m\u00e1sf\u00e9l \u00e9vsz\u00e1zaddal ezel\u0151tt \u00e9lt \u2013 s tan\u00edtott t\u00f6bbek k\u00f6z\u00f6tt Tat\u00e1n, V\u00e1cott, Szegeden, Pesten \u00e9s Bud\u00e1n \u2013, sorai ma, a 2026\/27-es tan\u00e9v els\u0151 napj\u00e1n is aktu\u00e1lisak. Amikor a k\u00f6ltem\u00e9nybeli apa \u00fatj\u00e1ra bocs\u00e1tja fi\u00e1t, a fiatal Alexist a <em>nagyv\u00e1rosba<\/em>, a szavak m\u00f6g\u00f6tt pontosan ugyanaz a f\u00e9lt\u0151 szeretet \u00e9s b\u00fcszkes\u00e9g h\u00faz\u00f3dik meg, mint amit ma is \u00e9reznek a koll\u00e9giumi csomagokat vagy az alb\u00e9rleti dobozokat az aut\u00f3ba bepakol\u00f3 \u00e9desap\u00e1k \u00e9s \u00e9desany\u00e1k.<\/p>\n\n\n\n<p class=\"wp-block-paragraph\"><em>\u201eT\u00e1ncos l\u00e9pt\u0171 l\u00e1nyok s a k\u00e1rtya s\u0171r\u0171 hom\u00e1lya<\/em><br><em>elrabolj\u00e1k az id\u0151t, mit a k\u00f6nyvedre sz\u00e1nt\u00e1l.\u201d<\/em><\/p>\n\n\n\n<p class=\"wp-block-paragraph\">A 19. sz\u00e1zadban a v\u00e1rosba indul\u00e1s a f\u00fcggetlenn\u00e9 v\u00e1l\u00e1s nagy l\u00e9p\u00e9se volt, de egyben a k\u00eds\u00e9rt\u00e9sek (mulatoz\u00e1s, k\u00e1rtya, rossz t\u00e1rsas\u00e1g) szimb\u00f3luma is. Jallosics apak\u00e9pe \u2013 aki m\u00f6g\u00f6tt term\u00e9szetesen ott \u00e1ll a tapasztalt, di\u00e1kgener\u00e1ci\u00f3kat felnevel\u0151 piarista pedag\u00f3gus is \u2013 arra inti a fi\u00e1t, hogy a f\u00f3kusz megtart\u00e1sa a legfontosabb. A nagyv\u00e1rosi forgatagban, ahol annyi minden elvonhatja a figyelmet a l\u00e9nyegr\u0151l (akkoriban a b\u00e1lok \u00e9s a zsibong\u00f3 utc\u00e1k, ma pedig a v\u00e9gtelen online zaj \u00e9s az ezerf\u00e9le \u00faj inger), a helyes \u00fat megtal\u00e1l\u00e1sa hatalmas kih\u00edv\u00e1s.<\/p>\n\n\n\n<p class=\"wp-block-paragraph\">Alexishez sz\u00f3l\u00f3 intelmeiben ott van az \u00f6r\u00f6k \u00e9rv\u00e9ny\u0171 \u00fczenet:<\/p>\n\n\n\n<blockquote class=\"wp-block-quote is-layout-flow wp-block-quote-is-layout-flow\">\n<p class=\"wp-block-paragraph\">a tud\u00e1s megszerz\u00e9se \u00f6nmag\u00e1ban nem el\u00e9g, ha nem p\u00e1rosul a jellem form\u00e1l\u00f3d\u00e1s\u00e1val. A szabads\u00e1g, amit a sz\u00fcl\u0151i h\u00e1zt\u00f3l val\u00f3 t\u00e1voll\u00e9t ad, hatalmas felel\u0151ss\u00e9ggel j\u00e1r.<\/p>\n<\/blockquote>\n\n\n\n<p class=\"wp-block-paragraph\">Az intellektu\u00e1lis fejl\u0151d\u00e9shez szorgalom, al\u00e1zat \u00e9s tiszta sz\u00edv sz\u00fcks\u00e9ges.<\/p>\n\n\n\n<p class=\"wp-block-paragraph\"><em>\u201eK\u00f6nnyen \u00fcr\u00fcl ki az ersz\u00e9ny, ha a v\u00e1rosi zaj uralkodik feletted,<\/em><br><em>s a kocsma f\u00fcstj\u00e9ben elillan a tiszta tud\u00e1s.<\/em><br><em>Nem a frakk csillog\u00e1sa tesz t\u00e9ged b\u00f6lccs\u00e9 a v\u00e1rosban,<\/em><br><em>meztelen \u00e1ll a fej is, ha a koponya \u00fcres.\u201d<\/em><\/p>\n\n\n\n<p class=\"wp-block-paragraph\">Ahogy ma reggel becsengettek, \u00e9s elindult az \u00faj tan\u00e9v, \u00e9rdemes felid\u00e9zni Jallosics Andr\u00e1s \u00e9s a t\u00e1volba szakadt Alexis alakj\u00e1t. Mert b\u00e1r a l\u00fadtollat r\u00e9g felv\u00e1ltotta a laptop \u00e9s a mesters\u00e9ges intelligencia, a lovaskocsikat pedig az InterCity vonatok, az emberi l\u00e9lek, a vil\u00e1g megismer\u00e9s\u00e9nek v\u00e1gya \u00e9s a sz\u00fcl\u0151i f\u00e9lt\u00e9s jott\u00e1nyit sem v\u00e1ltozott 1862 \u00f3ta.<\/p>\n\n\n\n<p class=\"wp-block-paragraph\">K\u00edv\u00e1nok minden ma indul\u00f3 mai <em>Alexisnek<\/em> nyitott elm\u00e9t, er\u0151t a kitart\u00e1shoz \u00e9s b\u00f6lcsess\u00e9get ahhoz, hogy a <em>v\u00e1ros<\/em> \u2013 legyen az b\u00e1rmelyik is \u2013 zaj\u00e1ban is meghallj\u00e1k a val\u00f3di \u00e9rt\u00e9keket. A sz\u00fcl\u0151knek pedig azt a nyugodt, t\u00e1mogat\u00f3 bizalmat, amellyel az otthonr\u00f3l elengedett di\u00e1kok a legmesszebbre juthatnak.<\/p>\n\n\n\n<p class=\"wp-block-paragraph\">*<\/p>\n\n\n\n<figure class=\"wp-block-image\"><a href=\"javascript:void(0);\"><img decoding=\"async\" src=\"https:\/\/www.magyarkurir.hu\/img1.php?id=158237&amp;v=0&amp;p=1&amp;img=c_10.jpg\" alt=\"\"\/><\/a><\/figure>\n\n\n\n<p class=\"wp-block-paragraph\">Jallosics Andr\u00e1s:&nbsp;<em>Egy apa intelmei fi\u00e1hoz, Alexishez, aki tanul\u00e1s c\u00e9lj\u00e1b\u00f3l a v\u00e1rosba indul<\/em> (K\u0151rizs Imre ford\u00edt\u00e1sa)<\/p>\n\n\n\n<p class=\"wp-block-paragraph\">Dr\u00e1ga fiam, kincs\u00fcnk, szemef\u00e9nye az \u00e9desany\u00e1dnak,<br>b\u00fcszke rem\u00e9nye ap\u00e1inknak, pill\u00e9re k\u00f6zelg\u0151<br>v\u00e9ns\u00e9gemnek! Ap\u00e1d, aki hajdan sok t\u00fcrelemmel<br>b\u00f6lcs\u0151det ringatta dalolva, s vitt az \u00f6l\u00e9ben<br>zsenge korod tavasz\u00e1n, s \u00faj \u00e9leted \u00f3vta figyelve,<br>j\u00f3 magatart\u00e1sodra \u00fcgyelt, s \u0151rk\u00f6dve vigy\u00e1zott,<br>\u00e9desap\u00e1d, a j\u00f6vend\u0151d\u00e9rt agg\u00f3dva er\u0151sen,<br>h\u0151n szeretett fiam, \u00e9des z\u00e1loga ennek a sz\u00edvnek,<br>most jobban, mint b\u00e1rmikor, azt k\u00edv\u00e1nja, figyelj r\u00e1,<br>s hallgasd meg, mire int atyain, s mit \u00fczen ma szav\u00e1val.<br>Lassan m\u00e1r tizen\u00f6t k\u00f6z\u00f6s esztend\u0151, amit \u00e9lt\u00fcnk.<br>L\u00e1thattam f\u00e9l\u00e9nk kis l\u00e9pteidet, mikor ujjal<br>intett \u00e9desany\u00e1d, s \u00fagy h\u00edvott kedves \u00f6l\u00e9be,<br>\u00e9nekl\u0151 hangon, te pedig karj\u00e1ba totyogt\u00e1l.<br>Hallhattam b\u00e1jos szavaid dalol\u00f3 g\u00fcgy\u00f6g\u00e9s\u00e9t:<br>engem sz\u00f3l\u00edtv\u00e1n, s sz\u00f3l\u00edtv\u00e1n \u00e9desany\u00e1dat,<br>majd odafenn az eget, meg benne az \u00e9gilak\u00f3kat.<br>Mennyire \u00e9des volt elm\u00e9dnek ny\u00edlt mezej\u00e9be<br>erk\u00f6lcs\u00f6t pl\u00e1nt\u00e1lni, le\u00edrni a b\u0171n veszedelm\u00e9t,<br>l\u00e1tni, ahogy vessz\u0151parip\u00e1n nyargalsz a fi\u00fak k\u00f6zt,<br>l\u00e1tni, amint elfutsz karj\u00e1b\u00f3l, hallani m\u00e1skor,<br>hogy szeret\u0151 kis sz\u00edved hogy dobog \u00e9desany\u00e1d\u00e9rt.<br>Majd amikor hatszor telt meg term\u00e9ssel a magt\u00e1r,<br>\u00e9s ugyanannyi sz\u00fcret pr\u00e9selte a r\u0151tsz\u00edn\u0171 mustot,<br>\u00e9des volt l\u00e1tnom, hogy igyekszel az iskolapadba,<br>\u00e9s tan\u00edt\u00f3id b\u00f6lcs szavain hogy cs\u00fcggsz t\u00fcrelemmel,<br>s tartasz a fedd\u00e9st\u0151l, utas\u00edt\u00e1sokra figyelve,<br>t\u00e9ve a dolgod, s tudva a t\u00e1rgyak alapjait imm\u00e1r,<br>mint fejl\u0151dsz, ha Apoll\u00f3 k\u00eds\u00e9r, \u00e9s ha Minerva<br>t\u00e1bora v\u00e1r, hova t\u00e1rsaid \u00e9l\u00e9n egyre t\u00f6rekszel.<br>\u00c9s most itt az id\u0151, mikor elhagysz, dr\u00e1ga fiacsk\u00e1m.<br>Felh\u00e1gsz majd meredek cs\u00facs\u00e1ra a m\u00fazsai hegynek,<br>Archimed\u00e9sznek k\u00e9pleteit meg a r\u00e9gi id\u0151ket<br>b\u00fav\u00e1rolva, s a b\u00f6lcsek t\u00e9teleit meg a nyelvek<br>sz\u00e9p tudom\u00e1ny\u00e1t gondozgatva sz\u00edvedben, amellett<br>\u00e1polv\u00e1n az er\u00e9nyt, meg a m\u0171velt \u00e9letet \u00e9s a<br>j\u00f3 m\u0171v\u00e9szeteket. Tovat\u0171nik ap\u00e1d meg a h\u00e1za,<br>s \u00e9desany\u00e1d, a vid\u00e9k sok tiszta vigalma: elindulsz,<br>mert a haz\u00e1d sok f\u00e9nyes, h\u00edres v\u00e1rosa v\u00e1r r\u00e1d.<br>H\u00edresek \u00f3, lenn\u00e9nek j\u00f3k s vall\u00e1sosak is b\u00e1r,<br>s sz\u00e9pre fog\u00e9konyak \u00e9s mindig becs\u00fcletre t\u00f6rekv\u0151k!<br>\u00c1m tudd meg, milyen egy v\u00e1ros, hallgass a szavamra!<br>A v\u00e1rosok szidalmaz\u00e1sa<br>K\u0151 a k\u00f6v\u00f6n, tornyokba rakodva a fellegi k\u00e9ks\u00e9g<br>alj\u00e1n, zs\u00e1km\u00e1ny f\u00e9nyes halmai, \u00f6sszerabolva,<br>m\u0171v\u00e9szek keze munk\u00e1j\u00e1nak d\u00edszei, r\u00e9gi<br>s \u00faj m\u0171velts\u00e9gek t\u00e1rh\u00e1za: tanulhatod itt majd,<br>hogy mi a d\u00f3r oszlop, mi korinthoszi st\u00edlus\u00fa, \u00e9s hogy<br>mit kedveltek It\u00e1lia f\u00f6ldj\u00e9n. Itt h\u00fcledezhetsz,<br>l\u00e1tva, az egykori kunyh\u00f3kb\u00f3l mik lettek id\u0151vel.<br>Sz\u00e9pnek sz\u00e9p, \u00e1m f\u00e1jdalom! \u2013 egyszersmind csupa fert\u0151,<br>mely tobz\u00f3dik a b\u0171n\u00f6kben. (Hallgasd meg a sz\u00f3mat!)<br>Itt a dologker\u00fcl\u00e9s, a haz\u00e1rdj\u00e1t\u00e9k, szerelem meg<br>f\u00e9ny\u0171z\u00e9s, minden, mi az erk\u00f6lcs\u00f6kre vesz\u00e9lyes.<br>Messze ker\u00fcld, apa, messze, fi\u00fa! Ocsm\u00e1ny fecseg\u0151ket<br>mennyit l\u00e1thatsz itt! Menek\u00fclj onnan, hol a szolga<br>r\u00e9szegen issza a kors\u00f3it sz\u00e1razra, s ahol csak<br>b\u00e1m\u00e9szkodnak a l\u0151d\u00f6rg\u0151k, ha olyasmi ad\u00f3dik.<br>Sz\u00e1m\u0171z\u00f6tt minden j\u00f3t \u00e9s h\u0171s\u00e9get a v\u00e1ros.<br>J\u00f6tt a hely\u00fckre a csel meg a Styx partj\u00e1n kalap\u00e1lt b\u0171n,<br>\u00e9gilak\u00f3kkal szemben a dac, erk\u00f6lcsben a roml\u00e1s,<br>mindenhol. N\u00e9zd csak, hogy h\u00fazza a g\u0151g fel az orr\u00e1t,<br>\u00e9s hogy les: megvetve kem\u00e9nyen mind, aki kisebb,<br>vagy mert nem Kr\u0151zust\u00f3l sz\u00e1rmaztatja mag\u00e1t, vagy<br>mert t\u00fals\u00e1gosan \u00e9rzi, ahogy k\u00ednozza a balsors.<br>N\u00e9zd oda, mennyi az ember, akit csak perzsel a b\u00edrv\u00e1gy,<br>mennyire nem sz\u00e1m\u00edt se a jog, se a hit, se a j\u00f3s\u00e1g,<br>m\u00edg a vagyon dagadoz, s palot\u00e1k n\u0151nek ki a f\u00f6ldb\u0151l.<br>Egym\u00e1st v\u00e1ltja ezek mellett szanasz\u00e9t sok egy\u00e9b is.<br>Szinte alig lelsz \u00e9p embert: k\u00f6szv\u00e9nyt ny\u00f6g ez itten,<br>asztm\u00e1t\u00f3l k\u00f6h\u00f6g az; sok m\u00e9g nem is agg, de nagyot hall,<br>s van fiatal, szem\u00fcveg n\u00e9lk\u00fcl ki az orra el\u0151tt sem<br>ismeri fel pajt\u00e1s\u00e1t. Ez l\u00f6ty\u00f6g\u0151 gatyasz\u00e1rban<br>hordja a t\u00e9rdeit, az meg j\u00f3l len\u00f6veszti szak\u00e1ll\u00e1t,<br>kecsk\u00e9kn\u00e9l m\u00e9lyebbre, hogy azt hinn\u00e9d, hogy a barb\u00e1r<br>korszak t\u00e9rt hossz\u00fa nyolc \u00e9vsz\u00e1zad tovat\u0171nt\u00e9n<br>vissza. Piact\u00e9ren, sarkon h\u00e1ny semmirekell\u0151t<br>l\u00e1tsz, aki szemmel meg sz\u00e1jjal gyakorolja mihaszna<br>rests\u00e9g\u00e9t. De ki tudn\u00e1 mind elmondani, mennyi<br>bajnak esett foglyul, h\u00e1ny \u00e1rt\u00f3 v\u00e9szt ny\u00f6g a v\u00e1ros!<br>H\u00e1t ki vigasztal tr\u00e9f\u00e1val, ha rem\u00e9ny eszi lelked,<br>aggodalom k\u00ednoz, s ha a l\u00e9lek vak szerelemben<br>\u00e9g, pert hogyha vesz\u00edtsz, s ha a vend\u00e9gl\u0151k j\u00f6vedelme<br>napr\u00f3l napra nagyobb, mert \u00fagy n\u00f6vekednek az \u00e1rak?<br>A v\u00e1rosok dics\u00e9rete<br>\u00c9desap\u00e1m, ha ilyennek mondod a v\u00e1rosokat, h\u00e1t<br>jobb, ha az \u0151si fed\u00e9lnek alatta mulasszam el \u00e9ltem,<br>nem tudv\u00e1n sok mindenr\u0151l, mi a tiszta er\u00e9nyre<br>r\u00fat mocskot kent, \u00e9s \u00e1rt\u00f3 m\u00e9reggel itatta.<br>Ez csak az \u00e9n meggy\u0151z\u0151d\u00e9sem volna, fiam, s ha<br>csak mimagunk\u00e9rt \u00e9ln\u00e9nk \u2013 \u00e1m a haz\u00e1nk, sz\u00fclet\u00e9s\u00fcnk<br>f\u00f6ldje ig\u00e9nyt form\u00e1l \u00e9lt\u00fcnkb\u0151l arra a r\u00e9szre,<br>mely neki j\u00e1r, s mit nem vonhat meg t\u0151le a j\u00e1mbor.<br>H\u00e1nyszor mondta haz\u00e1d (gyakran hallhattad e sz\u00f3kat)<br>b\u00edbor sz\u00e1j\u00e1val, ha rem\u00e9ny gy\u00fajtotta fel ajk\u00e1t:<br>\u201eHunnia f\u00e9nyes magzata, Mars nagysz\u00edv\u0171 ut\u00f3dja,<br>harcban er\u0151s h\u00edred m\u00e1r r\u00e9gen felhat az \u00e9gig:<br>hogy lehet az, hogy csak te mer\u00fclsz szomor\u00fa tunyas\u00e1gba?<br>L\u00e1tom m\u00e9g a napot, mikor Eur\u00f3p\u00e1ban az els\u0151<br>n\u00e9pekkel versengsz, s megirigyled Gallia h\u00edr\u00e9t<br>sz\u00e9p m\u0171v\u00e9szetben s a minervai b\u00f6lcs tudom\u00e1nyban?<br>L\u00e1tlak-e majd idegen napt\u00f3l heves\u00fclt birodalmak<br>f\u00f6ldj\u00e9n j\u00e1rni, tanult kult\u00far\u00e1k d\u00edszeit \u00e1ldva,<br>Maia sz\u00fcl\u00f6tt\u00e9t tisztelni s t\u00f6rekedni tud\u00e1sra?<br>S\u00edr a sok elhanyagolt kocsi\u00fat, s beles\u00fcpped a s\u00e1rba,<br>durva homokba ragad minden kit\u0171n\u0151 \u00fatiterved,<br>\u00e9s a foly\u00f3k is csak v\u00e1rj\u00e1k a haj\u00f3kkal az \u00e1rut!<br>F\u00e1radozik, s ezzel h\u00edr\u00e9t gyarap\u00edtja a teuton:<br>r\u00e1m m\u00e9gsem hallgatsz, szunnyad szorgalma a n\u00e9pnek.&#8221;<br>\u00cdgy van, mindez igaz; de a dolgok k\u00e9pe id\u0151vel<br>v\u00e1ltozik. \u00c9s hol jobb \u00e9letm\u00f3d v\u00e1ltja a r\u00e9git,<br>s kellemesebb \u00e9letfelt\u00e9teleket lel az ember,<br>az m\u00e9gis csak a v\u00e1ros. M\u00e9rt hallgassam el azt, mi<br>tudvalev\u0151? Ha a hasznoss\u00e1got n\u00e9zed, a v\u00e1ros<br>nagyszer\u0171 hely, hisz f\u00e9lrerakott term\u00e9nyem eladni,<br>ott tudom \u00e9n: birk\u00e1m, tehenem, m\u00e9zem meg a csirk\u00e9m,<br>gyapj\u00fam, \u00e9s tejem is, meg a f\u00f6ld sok m\u00e1s adom\u00e1ny\u00e1t.<br>H\u00e1t a dics\u00e9retet \u00e9ppen az\u00e9rt \u00e9rdemli a v\u00e1ros,<br>mert a paraszt ott j\u00f3l kamatoztathatja a p\u00e9nz\u00e9t,<br>s Aegon hogyha selyemsz\u00e1lat ny\u00edr gyapj\u00fa helyett, \u00fagy<br>sokkal t\u00f6bb hekt\u00e1rt b\u00edr majd kiter\u00fclt mezej\u00e9ben.<br>Persze, a v\u00e1ros, nem tagadom, t\u00e1rh\u00e1za a b\u0171nnek.<br>\u00c1mde vid\u00e9ken t\u00e1n nincs? Vagy nem t\u00f6bb is a b\u0171n ott?<br>\u00d6sszekeverve a m\u00e9ly tengert a patakkal, ut\u00f3bbi<br>f\u00f3k\u00e1t nem t\u00e1pl\u00e1l majd, sem m\u00e1s tengeri sz\u00f6rnyet.<br>\u00cdgy a der\u00e9k ember se lehet rossz, b\u00e1rhova t\u00e9ved.<br>Harc k\u00f6zep\u00e9n ismerszik meg, hogy k\u00fczd-e mer\u00e9szen<br>ellens\u00e9g\u00e9vel katon\u00e1d; karod \u00e9s evez\u0151d hogy<br>mennyit b\u00edr, z\u00fag\u00f3 viharok k\u00f6zepette der\u00fcl ki.<br>\u00c1m hogy gy\u0151zz, nem kell magadat v\u00e9szekbe keverned.<br>K\u00f6nnyen s\u00e9r\u00fcl az ifj\u00fa er\u0151: Phaeton, Icarusszal<br>b\u0151ven el\u00e9g p\u00e9ld\u00e1k. Ha e kett\u0151 hallgat a j\u00f3ra,<br>l\u00e1ngs\u00edr \u00e9s hull\u00e1ms\u00edr nem lett volna a jussuk.<br>Sok van a v\u00e1rosban gy\u00f6ny\u00f6r\u0171s\u00e9g emberi szemnek,<br>\u00e9s ami lelket emel, s mi Apoll\u00f3val hat a sz\u00edvre.<br>J\u00e1rj csinos utc\u00e1in bent, vagy kijjebb is, a sz\u00e9l\u00e9n,<br>nem veheted le szemed r\u00f3luk majd, annyi a sz\u00e9p ott.<br>Dr\u00e1gak\u00f6vek meg arany! Sok ezer form\u00e1ban \u00f6z\u00f6nlik<br>k\u0151, elef\u00e1ntcsont \u00e9s fa el\u00e9d: l\u00e9legzeni l\u00e1tszik,<br>azt gondoln\u00e1d, \u00e9l valamennyi, hogy \u00edme, L\u00fcszipposz<br>felt\u00e1madt, \u00e9s ism\u00e9t alkot, Praxitel\u00e9sszel.<br>Festett k\u00e9p\u00fck alatt elevenk\u00e9nt \u00e9lnek az arcok:<br>azt hinn\u00e9d, mind boldog Apell\u00e9sznek keze m\u0171ve.<br>Mondjam-e, mennyi a sz\u00e9p ruha, mennyi a gyors fogat ottan,<br>h\u00e1ny festm\u00e9nyt l\u00e1tsz, h\u00e1ny gy\u00f6ny\u00f6r\u0171 m\u0171v\u00e9szi remekl\u00e9st?<br>L\u00e1tsz ilyet \u00e9pp eleget&#8230; De tal\u00e1lj m\u00e9lt\u00f3bbat ezekn\u00e9l<br>b\u00fcszke haz\u00e1d f\u0151v\u00e1rosa f\u00f6ldj\u00e9n, s hogyha Bud\u00e1nak<br>b\u00e1sty\u00e1j\u00e1ra fel\u00e9rsz, h\u00e1l\u00e1s sz\u00edvedben id\u00e9zd fel,<br>\u0151ket, a hossz\u00fa \u00e9jbe mer\u00fclt nap majd ha megint s\u00fct,<br>\u00e9s az er\u00e9nyek l\u00e1tt\u00e1n sz\u00f3rja der\u0171s ragyog\u00e1s\u00e1t.<br>Ott, ha haz\u00e1d f\u00e9nyes d\u00edsz\u00e9t megl\u00e1tod, a n\u00e1dort,<br>J\u00f3zsefet, akkor lobbansz csak forr\u00f3 szeretetre!<br>\u0150t a magyar f\u00f6ld joggal tiszteli el sose m\u00fal\u00f3<br>eml\u00e9km\u0171vekkel, s neve m\u00e9lt\u00e1n hat fel az \u00e9gig.<br>L\u00e1tod a t\u00fcnd\u00f6kl\u0151 term\u00e9szet kertjeit onnan,<br>\u00e1ld\u00f3 l\u00e9lekkel tisztelve a nagyszer\u0171 gazd\u00e1t.<br>N\u00e9ped megszentelt helyeit se felejtsd ki, ahol majd<br>r\u00e9gi korok d\u00fas kincsei t\u00e1rulnak fel el\u0151tted,<br>vagy mindaz, mi azokn\u00e1l jobb jelen\u00fcnk hozom\u00e1nya.<br>\u00c9s ott vannak er\u00e9nyben d\u00fas Sz\u00e9chenyi haz\u00e1nknak<br>szentelt k\u00f6nyvei! V\u00e9sd a sz\u00edvedbe er\u0151sen e sz\u00f3kat:<br>\u00e9szben er\u0151s \u00e9sszel kell hogy szolg\u00e1lja haz\u00e1j\u00e1t,<br>kardos a kardj\u00e1val, vagyonos meg a d\u00fas vagyon\u00e1val.<br>Mint ahogy Attika hetvenkedhet a nagynev\u0171 Kodrosz<br>h\u0151si er\u00e9ny\u00e9vel, s ahogyan R\u00f3m\u00e1ban \u00f6r\u00f6kk\u00e9<br>h\u00edres Mucius, \u00fagy legyenek neked is Hunyadikhoz<br>s Zr\u00ednyikhez m\u00e9lt\u00f3 unok\u00e1id, Hunnia f\u00f6ldje!<br>B\u00e1rcsak Ariszteid\u00e9szekb\u0151l s D\u00e9mosztheneszekb\u0151l<br>lenne el\u00e9g neked is, kik j\u00f3 sz\u00f3val t\u00f6rekednek<br>szolg\u00e1lni, s b\u00f6lcsess\u00e9g\u00fckkel tenni er\u0151ss\u00e9.<br>Elj\u00f6n majd az id\u0151, s a lovak rohan\u00f3 dobog\u00e1s\u00e1t<br>nem n\u00e9zed, hanem azt lesed \u00e1muldozva, hogyan t\u00f6r<br>\u00e1t a sebes viharok meredek v\u00e1gt\u00e1ja a s\u00edkon.<br>B\u00e1r ez lenne a sz\u00f3rakoz\u00e1sod! Mert a rem\u00e9ny is<br>szebb, ami ebb\u0151l felcsillan: p\u00e1r \u00e9v, s azut\u00e1n majd<br>jobban gy\u00e1mol\u00edtod f\u00f6lded meg a zsenge juhny\u00e1jat.<br>L\u00e9pteidet gyakran szapor\u00e1zod majd a Dun\u00e1nak<br>partj\u00e1n sz\u00f6rny\u0171 \u00e1gy\u00fal\u00f6v\u00e9s hangj\u00e1ra riadva:<br>s l\u00e1tsz a vil\u00e1gh\u00edr\u0171 Arg\u00f3n\u00e1l szebbet a v\u00edzen,<br>l\u00e1tod a Zr\u00ednyit, a N\u00e1dort, szinte rep\u00fclve a pesti<br>part fele, hajtva a b\u0171v\u00f6s g\u0151z iszony\u00fa erej\u00e9t\u0151l.<br>Hozzon mindenhol f\u00e9nyt r\u00e1d \u00e9s hasznot a n\u00e9pnek,<br>s kellemesebb legyen \u00e9lete, hogyha ilyesmibe v\u00e1gsz majd:<br>minden v\u00e1rosnak legyen ez siker \u00e9s gy\u00f6ny\u00f6r\u0171s\u00e9g.<br>\u00c9s ezalatt sok t\u00e1rs is lesz k\u00f6r\u00fcl\u00f6tted, ez\u00e9rt h\u00e1t<br>intlek, j\u00f3 fiam, \u00f3vatosan b\u00e1nj akkor azokkal,<br>kiknek el\u0151tte bizalmas sz\u00f3ra fakadsz, meg akikkel<br>egy\u00fctt \u00e9lsz, egy\u00fctt eszel, \u00e9s hallj\u00e1k a besz\u00e9ded,<br>\u00e9s aki dr\u00e1ga bar\u00e1tod, ak\u00e1r h\u0171s\u00e9ges Akhat\u00e9sz.<br>S\u00e1padt t\u00e1rsak k\u00f6zt fakul \u00e9s nem f\u00e9nylik az erk\u00f6lcs,<br>b\u0171n terem ebb\u0151l csak, s roml\u00e1sba hanyatlik az \u00e9let.<br>Mert amik\u00e9nt a betegs\u00e9g fert\u0151z, \u00e9s megy a ny\u00e1jon<br>v\u00e9gig a legkehesebbekt\u0151l a goromba r\u00fch\u00f6ss\u00e9g,<br>rossz t\u00e1rsakt\u00f3l \u00e9pp ugyan\u00edgy kapj\u00e1k el j\u00f3k a<br>b\u0171nk\u00f3rt. Hisz ha k\u00f6zel vagy Vulcanushoz, ugyancsak<br>forr\u00f3 lesz v\u00e9red, s csontodba hatolhat a h\u0151s\u00e9g.<br>S\u00e1rban csak s\u00e1ros leszel, \u00e9s ott hagyja a foltot<br>munk\u00e1d is kezeden s a ruh\u00e1don, ak\u00e1rmi a szakm\u00e1d.<br>N\u00e1lad jobbat v\u00e1lassz erk\u00f6lcsben, tudom\u00e1nyban,<br>vagy legal\u00e1bb veled egyform\u00e1ra tal\u00e1lj, ha bar\u00e1t kell.<br>S verd ki fejedb\u0151l sokszor a m\u00e9rges gondokat is, mert<br>v\u00e1ltozatoss\u00e1g is kell: n\u00e9ha pihennek a sz\u00e1nt\u00f3k,<br>nem sisakostul meg karddal hever\u00e9szik a harcos,<br>s olykor Apoll\u00f3 lantja se zeng, hallgatnak a M\u00fazs\u00e1k.<br>\u00cdgy cselekedj, s e szok\u00e1sban majd \u00f6r\u00f6m\u00f6t lel a sz\u00edved,<br>hol tudom\u00e1nynak, er\u00e9nynek h\u00edrn\u00e9v lesz a gy\u00fcm\u00f6lcse.<\/p>\n\n\n\n<p class=\"wp-block-paragraph\"><strong>Forr\u00e1s: <a href=\"https:\/\/www.magyarkurir.hu\/hirek\/zajban-is-meghallani-valodi-ertekeket-zsodi-viktor-piarista-tartomanyfonok-tanev-kezdeten\" target=\"_blank\" rel=\"noopener\">Magyar Kur\u00edr<\/a><\/strong><\/p>\n","protected":false},"excerpt":{"rendered":"<p>Zajban is meghallani a val\u00f3di \u00e9rt\u00e9keket \u2013 Zs\u00f3di Viktor piarista tartom\u00e1nyf\u0151n\u00f6k a tan\u00e9v kezdet\u00e9n<\/p>\n","protected":false},"author":1,"featured_media":0,"comment_status":"closed","ping_status":"open","sticky":false,"template":"","format":"standard","meta":{"footnotes":""},"categories":[1],"tags":[],"class_list":["post-2202","post","type-post","status-publish","format-standard","hentry","category-egyeb"],"_links":{"self":[{"href":"https:\/\/balatonkeresztur.plebania.hu\/index.php\/wp-json\/wp\/v2\/posts\/2202","targetHints":{"allow":["GET"]}}],"collection":[{"href":"https:\/\/balatonkeresztur.plebania.hu\/index.php\/wp-json\/wp\/v2\/posts"}],"about":[{"href":"https:\/\/balatonkeresztur.plebania.hu\/index.php\/wp-json\/wp\/v2\/types\/post"}],"author":[{"embeddable":true,"href":"https:\/\/balatonkeresztur.plebania.hu\/index.php\/wp-json\/wp\/v2\/users\/1"}],"replies":[{"embeddable":true,"href":"https:\/\/balatonkeresztur.plebania.hu\/index.php\/wp-json\/wp\/v2\/comments?post=2202"}],"version-history":[{"count":3,"href":"https:\/\/balatonkeresztur.plebania.hu\/index.php\/wp-json\/wp\/v2\/posts\/2202\/revisions"}],"predecessor-version":[{"id":2205,"href":"https:\/\/balatonkeresztur.plebania.hu\/index.php\/wp-json\/wp\/v2\/posts\/2202\/revisions\/2205"}],"wp:attachment":[{"href":"https:\/\/balatonkeresztur.plebania.hu\/index.php\/wp-json\/wp\/v2\/media?parent=2202"}],"wp:term":[{"taxonomy":"category","embeddable":true,"href":"https:\/\/balatonkeresztur.plebania.hu\/index.php\/wp-json\/wp\/v2\/categories?post=2202"},{"taxonomy":"post_tag","embeddable":true,"href":"https:\/\/balatonkeresztur.plebania.hu\/index.php\/wp-json\/wp\/v2\/tags?post=2202"}],"curies":[{"name":"wp","href":"https:\/\/api.w.org\/{rel}","templated":true}]}}