{"id":216,"date":"2019-01-29T21:46:05","date_gmt":"2019-01-29T21:46:05","guid":{"rendered":"http:\/\/balatonkeresztur.plebania.hu\/?p=216"},"modified":"2019-01-29T21:46:05","modified_gmt":"2019-01-29T21:46:05","slug":"ady-endre-temetesenek-100-evfordulojara","status":"publish","type":"post","link":"https:\/\/balatonkeresztur.plebania.hu\/index.php\/2019\/01\/29\/ady-endre-temetesenek-100-evfordulojara\/","title":{"rendered":"Ady Endre temet\u00e9s\u00e9nek 100. \u00e9vfordul\u00f3j\u00e1ra"},"content":{"rendered":"<div class=\"verscim\">Az \u00dar \u00e9rkez\u00e9se<\/div>\n<p><!--more--><\/p>\n<div class=\"egyhirszoveg\">Mikor elhagytak,<br \/>\nMikor a lelkem roskadozva vittem,<br \/>\nCs\u00f6ndesen \u00e9s v\u00e1ratlanul<br \/>\n\u00c1t\u00f6lelt az Isten.<\/p>\n<p>Nem harson\u00e1val,<br \/>\nHanem j\u00f6tt n\u00e9ma, igaz \u00f6lel\u00e9ssel,<br \/>\nNem j\u00f6tt sz\u00e9p, t\u00fczes nappalon<br \/>\nDe h\u00e1borus \u00e9jjel.<\/p>\n<p>\u00c9s megvakultak<br \/>\nHi\u00fa szemeim. Meghalt ifjus\u00e1gom,<br \/>\nDe \u0151t, a f\u00e9nyest, nagyszer\u0171t,<br \/>\nMind\u00f6r\u00f6kre l\u00e1tom.<\/p><\/div>\n","protected":false},"excerpt":{"rendered":"<p>Az \u00dar \u00e9rkez\u00e9se<\/p>\n","protected":false},"author":1,"featured_media":0,"comment_status":"closed","ping_status":"open","sticky":false,"template":"","format":"standard","meta":{"footnotes":""},"categories":[1],"tags":[],"class_list":["post-216","post","type-post","status-publish","format-standard","hentry","category-egyeb"],"_links":{"self":[{"href":"https:\/\/balatonkeresztur.plebania.hu\/index.php\/wp-json\/wp\/v2\/posts\/216","targetHints":{"allow":["GET"]}}],"collection":[{"href":"https:\/\/balatonkeresztur.plebania.hu\/index.php\/wp-json\/wp\/v2\/posts"}],"about":[{"href":"https:\/\/balatonkeresztur.plebania.hu\/index.php\/wp-json\/wp\/v2\/types\/post"}],"author":[{"embeddable":true,"href":"https:\/\/balatonkeresztur.plebania.hu\/index.php\/wp-json\/wp\/v2\/users\/1"}],"replies":[{"embeddable":true,"href":"https:\/\/balatonkeresztur.plebania.hu\/index.php\/wp-json\/wp\/v2\/comments?post=216"}],"version-history":[{"count":1,"href":"https:\/\/balatonkeresztur.plebania.hu\/index.php\/wp-json\/wp\/v2\/posts\/216\/revisions"}],"predecessor-version":[{"id":217,"href":"https:\/\/balatonkeresztur.plebania.hu\/index.php\/wp-json\/wp\/v2\/posts\/216\/revisions\/217"}],"wp:attachment":[{"href":"https:\/\/balatonkeresztur.plebania.hu\/index.php\/wp-json\/wp\/v2\/media?parent=216"}],"wp:term":[{"taxonomy":"category","embeddable":true,"href":"https:\/\/balatonkeresztur.plebania.hu\/index.php\/wp-json\/wp\/v2\/categories?post=216"},{"taxonomy":"post_tag","embeddable":true,"href":"https:\/\/balatonkeresztur.plebania.hu\/index.php\/wp-json\/wp\/v2\/tags?post=216"}],"curies":[{"name":"wp","href":"https:\/\/api.w.org\/{rel}","templated":true}]}}