{"id":213,"date":"2018-12-31T18:10:58","date_gmt":"2018-12-31T18:10:58","guid":{"rendered":"http:\/\/balatonkeresztur.plebania.hu\/?p=213"},"modified":"2018-12-31T18:10:58","modified_gmt":"2018-12-31T18:10:58","slug":"a-szentatya-ferenc-papa-uzenete-a-beke-52-vilagnapjara-bekesseg-e-haznak","status":"publish","type":"post","link":"https:\/\/balatonkeresztur.plebania.hu\/index.php\/2018\/12\/31\/a-szentatya-ferenc-papa-uzenete-a-beke-52-vilagnapjara-bekesseg-e-haznak\/","title":{"rendered":"A Szentatya, Ferenc p\u00e1pa \u00fczenete a b\u00e9ke 52. vil\u00e1gnapj\u00e1ra &#8211; B\u00e9kess\u00e9g e h\u00e1znak!"},"content":{"rendered":"<p>1. Amikor J\u00e9zus elk\u00fcldte tan\u00edtv\u00e1nyait, ezt mondta nekik: \u201eHa bet\u00e9rtek egy h\u00e1zba, el\u0151sz\u00f6r ezt mondj\u00e1tok: B\u00e9kess\u00e9g e h\u00e1znak! Ha b\u00e9kess\u00e9g fia lakik ott, r\u00e1sz\u00e1ll b\u00e9kess\u00e9getek, ha nem, visszasz\u00e1ll r\u00e1tok\u201d (Lk 10,5\u20136). Ez teh\u00e1t a k\u00f6z\u00e9ppont J\u00e9zus tan\u00edtv\u00e1nyainak misszi\u00f3j\u00e1ban: a b\u00e9k\u00e9t hirdetni mindenkinek. <!--more-->Ez az \u00fczenet pedig mindenkihez sz\u00f3l, akik az emberi t\u00f6rt\u00e9nelem dr\u00e1m\u00e1i \u00e9s er\u0151szakoss\u00e1gai k\u00f6z\u00f6tt a b\u00e9k\u00e9ben rem\u00e9nykednek. A \u201eh\u00e1z\u201d, amelyr\u0151l J\u00e9zus besz\u00e9l, jelenthet minden csal\u00e1dot, minden k\u00f6z\u00f6ss\u00e9get, minden orsz\u00e1got \u00e9s minden f\u00f6ldr\u00e9szt a maga egyedis\u00e9g\u00e9ben \u00e9s t\u00f6rt\u00e9net\u00e9vel, de mindenekel\u0151tt vonatkozik minden egyes emberi szem\u00e9lyre megk\u00fcl\u00f6nb\u00f6ztet\u00e9s \u00e9s kirekeszt\u00e9s n\u00e9lk\u00fcl. \u00c9s \u00e9rtj\u00fck alatta a mi \u201ek\u00f6z\u00f6s h\u00e1zunkat\u201d is: a bolyg\u00f3t, ahol Isten lak\u00e1st k\u00e9sz\u00edtett sz\u00e1munkra \u00e9s arra h\u00edvott meg minket, hogy szeret\u0151 gondoskod\u00e1ssal gondj\u00e1t viselj\u00fck. Legyen h\u00e1t ez az \u00e9n j\u00f3k\u00edv\u00e1ns\u00e1gom az \u00faj esztend\u0151 kezdet\u00e9n: b\u00e9kess\u00e9g e h\u00e1znak!<\/p>\n<p>2. A j\u00f3 politika kih\u00edv\u00e1sa<\/p>\n<p>A b\u00e9ke a rem\u00e9nyhez hasonl\u00f3an \u2013 ahogy azt a k\u00f6lt\u0151, Charles P\u00e9guy meg\u00e1llap\u00edtja \u2013 olyan, mint egy t\u00f6r\u00e9keny vir\u00e1g, amely megpr\u00f3b\u00e1l az er\u0151szak k\u00f6vei k\u00f6z\u00f6tt kiny\u00edlni. Mindannyian j\u00f3l tudjuk, hogy a minden\u00e1ron hatalomra t\u00f6rekv\u00e9s vissza\u00e9l\u00e9sekhez \u00e9s igazs\u00e1gtalans\u00e1ghoz vezet. A politika a leghat\u00e9konyabb eszk\u00f6z arra, hogy k\u00f6z\u00f6ss\u00e9get \u00e9p\u00edts\u00fcnk \u00e9s az emberi tev\u00e9kenys\u00e9g c\u00e9ljait el\u0151mozd\u00edtsuk, viszont ha a hatalom birtokosai nem az emberi k\u00f6z\u00f6ss\u00e9g szolg\u00e1latak\u00e9nt tekintenek r\u00e1, akkor k\u00f6nnyen a kirekeszt\u00e9s \u00e9s az elnyom\u00e1s, s\u0151t, a puszt\u00edt\u00e1s eszk\u00f6z\u00e9v\u00e9 v\u00e1lhat.<\/p>\n<p>\u201eAki els\u0151 akar lenni \u2013 mondja J\u00e9zus \u2013, legyen a legutols\u00f3, mindenkinek a szolg\u00e1ja.\u201d Ugyanezt hangs\u00falyozza VI. P\u00e1l p\u00e1pa is: \u201eA politika, ha az \u0151t megillet\u0151 komolys\u00e1ggal besz\u00e9l\u00fcnk r\u00f3la, tekintetbe v\u00e9ve k\u00fcl\u00f6nb\u00f6z\u0151, helyi, region\u00e1lis, orsz\u00e1gos \u00e9s nemzetk\u00f6zi szintjeit, annyit jelent, hogy ezt \u00e1ll\u00edtjuk: minden egyes ember k\u00f6teless\u00e9ge felismerni, mit is jelent val\u00f3j\u00e1ban a neki aj\u00e1nd\u00e9kozott v\u00e1laszt\u00e1si szabads\u00e1g, \u00e9s az, hogy ugyanezen a m\u00f3don tev\u00e9kenys\u00e9g\u00e9vel v\u00e1rosa, haz\u00e1ja \u00e9s az emberis\u00e9g jav\u00e1t megval\u00f3s\u00edtsa\u201d (Octogesima adveniens, 46.).<\/p>\n<p>T\u00e9nylegesen a politikai hatalom \u00e9s a felel\u0151ss\u00e9g \u00e1lland\u00f3 kih\u00edv\u00e1st jelent mindazoknak, akik megb\u00edzat\u00e1st kaptak arra, hogy haz\u00e1jukat szolg\u00e1lj\u00e1k, honfit\u00e1rsaikat v\u00e9delmezz\u00e9k \u00e9s megteremts\u00e9k egy igazs\u00e1gos \u00e9s emberhez m\u00e9lt\u00f3 j\u00f6v\u0151 felt\u00e9teleit. Ha az \u00e9let alapvet\u0151 tisztelete, az emberi mivolt szabads\u00e1ga \u00e9s m\u00e9lt\u00f3s\u00e1ga megval\u00f3sul, akkor a politika val\u00f3ban a felebar\u00e1ti szeretet nagyszer\u0171 form\u00e1j\u00e1v\u00e1 v\u00e1lhat.<\/p>\n<p>3. Szeretet \u00e9s az emberi er\u00e9nyek egy olyan politik\u00e1\u00e9rt, ami az emberi jogok \u00e9s a b\u00e9ke szolg\u00e1lat\u00e1ban \u00e1ll<\/p>\n<p>XVI. Benedek p\u00e1pa eml\u00e9keztet arra, hogy \u201eminden kereszt\u00e9ny erre a szeretetre kapott megh\u00edv\u00e1st, a maga hivat\u00e1sa \u00e9s a poliszban \u00e9rv\u00e9nyes\u00edthet\u0151 hat\u00e1sgyakorl\u00f3 k\u00e9pess\u00e9g\u00e9nek m\u00e9rt\u00e9ke szerint. (\u2026) A k\u00f6zj\u00f3\u00e9rt v\u00e9gzett munka \u00e9rt\u00e9ke, ha a szeretet lelkes\u00edti, magasabb rend\u0171, mint a tiszt\u00e1n e vil\u00e1gi \u00e9s politikai tev\u00e9kenys\u00e9g\u00e9. (\u2026) Az ember f\u00f6ldi tev\u00e9kenys\u00e9ge, ha a szeretet inspir\u00e1lja \u00e9s tartja fenn, hozz\u00e1j\u00e1rul Isten egyetemes v\u00e1ros\u00e1nak fel\u00e9p\u00edt\u00e9s\u00e9hez, amely fel\u00e9 az emberis\u00e9g csal\u00e1dj\u00e1nak t\u00f6rt\u00e9nete halad el\u0151re\u201d (Caritas in veritate, 7.). Ez egy olyan program, amelyben minden politikus \u2013 kultur\u00e1lis vagy vall\u00e1si hovatartoz\u00e1s\u00e1t\u00f3l f\u00fcggetlen\u00fcl \u2013\u00fajra \u00e9s \u00fajra felfedezheti a hatalommal b\u00edr\u00f3k k\u00f6z\u00f6s tev\u00e9kenys\u00e9g\u00e9nek c\u00e9lj\u00e1t: az emberi csal\u00e1d jav\u00e1\u00e9rt dolgozni, mik\u00f6zben a helyes politikai cselekv\u00e9s alapj\u00e1ul szolg\u00e1l\u00f3 er\u00e9nyeket gyakorolj\u00e1k: az igazs\u00e1goss\u00e1got, az egyenl\u0151 b\u00e1n\u00e1sm\u00f3dot, a k\u00f6lcs\u00f6n\u00f6s tiszteletet, az \u0151szintes\u00e9get, az egyeness\u00e9get \u00e9s a h\u0171s\u00e9get.<\/p>\n<p>Ebben az \u00f6sszef\u00fcgg\u00e9sben \u00e9rdemes eml\u00e9kezet\u00fcnkbe id\u00e9zni \u201ea politikus boldogs\u00e1gmond\u00e1sait\u201d, amelyek a 2002-ben elhunyt vietnami b\u00edborost\u00f3l, Fran\u00e7ois-Xavier Nguy\u1ec5n V\u00e3n Thu\u1eadn-t\u00f3l, az evang\u00e9lium h\u0171s\u00e9ges tan\u00faj\u00e1t\u00f3l sz\u00e1rmaznak:<\/p>\n<p>Boldog az a politikus, aki feladat\u00e1nak megfelel\u0151 \u00f6nismerettel \u00e9s lelkiismerettel rendelkezik;<\/p>\n<p>Boldog az a politikus, akinek a szem\u00e9lye hiteles;<\/p>\n<p>Boldog az a politikus, aki a k\u00f6zj\u00f3\u00e9rt dolgozik, nem pedig saj\u00e1t \u00e9rdek\u00e9ben;<\/p>\n<p>Boldog az a politikus, aki k\u00f6vetkezetesen h\u0171 \u00f6nmag\u00e1hoz;<\/p>\n<p>Boldog az a politikus, aki egys\u00e9get teremt;<\/p>\n<p>Boldog az a politikus, aki t\u00f6rekszik a radik\u00e1lis v\u00e1ltoz\u00e1sokra;<\/p>\n<p>Boldog az a politikus, akire lehet figyelni;<\/p>\n<p>Boldog az a politikus, aki nem f\u00e9l.<\/p>\n<p>Minden egyes v\u00e1laszt\u00e1s, minden hivatali id\u0151, a k\u00f6z\u00e9let minden mozzanata egy-egy \u00faj lehet\u0151s\u00e9g arra, hogy visszat\u00e9rj\u00fcnk a forr\u00e1shoz \u00e9s a vonatkoz\u00e1si pontokhoz, amelyek a jogot \u00e9s az igazs\u00e1goss\u00e1got inspir\u00e1lj\u00e1k. Meg vagyunk gy\u0151z\u0151dve arr\u00f3l, hogy a j\u00f3 politika a b\u00e9ke szolg\u00e1lat\u00e1ban \u00e1ll, tiszteletben tartja \u00e9s el\u0151mozd\u00edtja az alapvet\u0151 emberi jogokat, amelyek egy\u00fattal k\u00f6lcs\u00f6n\u00f6s k\u00f6telezetts\u00e9geket is jelentenek, az\u00e9rt, hogy a jelen \u00e9s a j\u00f6vend\u0151 gener\u00e1ci\u00f3k k\u00f6z\u00f6tt kialakulhasson a bizalom \u00e9s a h\u00e1la k\u00f6tel\u00e9ke.<\/p>\n<p>4. A politika b\u0171nei<\/p>\n<p>Sajnos az er\u00e9nyek mellett a politika nem mentes a b\u0171n\u00f6kt\u0151l sem, amelyek szem\u00e9lyi hi\u00e1nyoss\u00e1gokra, esetleg k\u00f6rnyezeti vagy hivatali vissz\u00e1ss\u00e1gokra vezethet\u0151k vissza. Mindenki sz\u00e1m\u00e1ra egy\u00e9rtelm\u0171, hogy a politika b\u0171nei al\u00e1\u00e1ss\u00e1k annak a rendszernek a hiteless\u00e9g\u00e9t, amelyben m\u0171k\u00f6dik, valamint megrend\u00edtik k\u00e9pvisel\u0151inek tekint\u00e9ly\u00e9t \u00e9s d\u00f6nt\u00e9seit. Ezek a b\u0171n\u00f6k meggyeng\u00edtik az igazi demokr\u00e1cia ide\u00e1lj\u00e1t, sz\u00e9gyent hoznak a k\u00f6z\u00e9letre \u00e9s vesz\u00e9lyeztetik a t\u00e1rsadalmi b\u00e9k\u00e9t. Ilyen b\u0171nnek sz\u00e1m\u00edt a korrupci\u00f3 sz\u00e1mos form\u00e1ja \u2013 k\u00f6zt\u00fck a k\u00f6zvagyon h\u0171tlen kezel\u00e9se vagy az ember eszk\u00f6znek tekint\u00e9se \u2013, a jogok megtagad\u00e1sa, a t\u00e1rsadalmi szab\u00e1lyok semmibev\u00e9tele, az illeg\u00e1lis vagyonszerz\u00e9s, a hatalom er\u0151szakkal val\u00f3 igazol\u00e1sa vagy az \u00e1llam\u00e9rdekre val\u00f3 \u00f6nk\u00e9nyes hivatkoz\u00e1s, a hatalomhoz t\u00f6rt\u00e9n\u0151 ragaszkod\u00e1s, az idegenelleness\u00e9g \u00e9s rasszizmus, a F\u00f6ld ir\u00e1nti k\u00f6z\u00f6mb\u00f6ss\u00e9g \u00e9s a term\u00e9szeti er\u0151forr\u00e1sok korl\u00e1tlan kihaszn\u00e1l\u00e1sa az azonnali profit \u00e9rdek\u00e9ben vagy mindazok semmibev\u00e9tele, akik arra k\u00e9nyszer\u00fclnek, hogy idegenben \u00e9ljenek.<\/p>\n<p>5. A helyes politika el\u0151mozd\u00edtja a fiatalok szerepv\u00e1llal\u00e1s\u00e1t \u00e9s egym\u00e1s ir\u00e1nti bizalm\u00e1t<\/p>\n<p>Ha a politikai hatalom gyakorl\u00e1sa csakis arra ir\u00e1nyul, hogy bizonyos privilegiz\u00e1lt csoportok \u00e9rdekeit meg\u00f3vja, akkor ez a j\u00f6v\u0151t is vesz\u00e9lyezteti: a fiatalok elvesz\u00edthetik rem\u00e9ny\u00fcket, mivel arra k\u00e1rhoztatjuk \u0151ket, hogy a t\u00e1rsadalom perem\u00e9n rekedjenek, \u00e9s lehet\u0151s\u00e9g\u00fck se legyen r\u00e9szt venni a j\u00f6v\u0151 alak\u00edt\u00e1s\u00e1ban. Ha azonban a j\u00f3 politika fiatal tehets\u00e9gek felkarol\u00e1s\u00e1ban \u00e9s hivat\u00e1sok el\u0151mozd\u00edt\u00e1s\u00e1ban konkr\u00e9t form\u00e1t \u00f6lt, akkor a lelkiismereti b\u00e9kess\u00e9g is n\u00f6vekedni fog \u00e9s ennek b\u00e9k\u00e9je ki\u00fcl majd az emberek arc\u00e1ra is. Kialakul egy k\u00f6lcs\u00f6n\u00f6s \u00e9s dinamikus bizalom \u2013 \u201e\u00e9n megb\u00edzom benned \u00e9s hiszek veled\u201d \u2013 ami lehet\u0151v\u00e9 teszi, hogy k\u00f6z\u00f6sen dolgozzunk a k\u00f6zj\u00f3n. A politika a b\u00e9k\u00e9t szolg\u00e1lja, ha tev\u00e9kenys\u00e9ge az egyes ember k\u00e9pess\u00e9geinek \u00e9s karizm\u00e1inak elismer\u00e9s\u00e9ben kifejez\u00e9sre jut. \u201eMi lehet szebb egy kiny\u00fajtott k\u00e9zn\u00e9l? Ez Istent\u0151l van, az\u00e9rt, hogy adjunk \u00e9s elfogadjunk. Isten nem azt akarta, hogy ez a k\u00e9z \u00f6lj\u00f6n (v\u00f6. Ter 4,11 kk.) vagy szenved\u00e9st okozzon, hanem hogy gondoskodjon \u00e9s \u00e9lni seg\u00edtsen. A sz\u00edv \u00e9s az \u00e9rtelem mellett a k\u00e9z is a dial\u00f3gus eszk\u00f6z\u00e9v\u00e9 v\u00e1lhat.\u201d (XVI. Benedek p\u00e1pa, Besz\u00e9d az \u00e1llami \u00e9s vall\u00e1si vezet\u0151k, valamint a diplom\u00e1ciai test\u00fclet k\u00e9pvisel\u0151i el\u0151tt Beninben, Cotonou, 2011. november 19-\u00e9n).<\/p>\n<p>Mindenki szerepet v\u00e1llalhat saj\u00e1t t\u00e9gl\u00e1j\u00e1val a k\u00f6z\u00f6s h\u00e1z \u00e9p\u00edt\u00e9s\u00e9ben. Egy hiteles politika, ami a jogon \u00e9s a szem\u00e9lyek k\u00f6z\u00f6tti dial\u00f3guson alapszik, mindig abb\u00f3l a meggy\u0151z\u0151d\u00e9sb\u0151l indul ki, hogy minden egyes n\u0151, f\u00e9rfi \u00e9s \u00faj nemzed\u00e9k hordozza a rem\u00e9nyt egy \u00faj, kapcsolatokra \u00e9p\u00fcl\u0151, intellektu\u00e1lis, kultur\u00e1lis \u00e9s spiritu\u00e1lis vil\u00e1g l\u00e9trej\u00f6tt\u00e9re. Ez a bizalom azonban soha sem egyszer\u0171, mivel az emberi kapcsolatok \u00f6sszetettek. Napjainkban pedig \u00e9pp a bizalmatlans\u00e1g kl\u00edm\u00e1j\u00e1t \u00e9lj\u00fck, ami az idegenekt\u0151l \u00e9s az elt\u00e9r\u0151t\u0151l val\u00f3 f\u00e9lelemben, az el\u0151ny\u00f6k elvesz\u00edt\u00e9s\u00e9t\u0151l val\u00f3 f\u00e9lelemben gy\u00f6kerezik, \u00e9s politikai szinten sajn\u00e1latos m\u00f3don az elk\u00fcl\u00f6n\u00fcl\u00e9s magatart\u00e1s\u00e1ban \u00e9s a nacionalizmusban nyilv\u00e1nul meg, vagyis \u00e9pp azt a testv\u00e9ris\u00e9get k\u00e9rd\u0151jelezi meg, amelyre a globaliz\u00e1lt vil\u00e1gnak akkora sz\u00fcks\u00e9ge lenne. T\u00e1rsadalmunk ma minden kor\u00e1bbin\u00e1l jobban ig\u00e9nyeln\u00e9 \u201ea b\u00e9ke form\u00e1l\u00f3it\u201d, akik hiteles k\u00f6vetei \u00e9s tan\u00fai lehetnek Istennek, annak az Aty\u00e1nak, aki az eg\u00e9sz emberi csal\u00e1d j\u00f3l\u00e9t\u00e9t \u00e9s boldogs\u00e1g\u00e1t k\u00edv\u00e1nja.<\/p>\n<p>6. Nemet mondani a h\u00e1bor\u00fara \u00e9s a f\u00e9lelem strat\u00e9gi\u00e1j\u00e1ra<\/p>\n<p>Ha most, sz\u00e1z \u00e9vvel az Els\u0151 Vil\u00e1gh\u00e1bor\u00fa v\u00e9ge ut\u00e1n azokra a fiatalokra gondolunk, akik ezekben a harcokban estek el \u00e9s a sokat szenvedett civil lakoss\u00e1gra eml\u00e9kez\u00fcnk, akkor ma sokkal jobban, mint ezel\u0151tt meg\u00e9rtj\u00fck a polg\u00e1rh\u00e1bor\u00fak sz\u00f6rny\u0171 tanuls\u00e1g\u00e1t: a b\u00e9ke soha nem korl\u00e1toz\u00f3dhat az er\u0151k \u00e9s a f\u00e9lelmek puszta egyens\u00faly\u00e1ra. Ha fenyeget\u00fcnk valakit, az azt jelenti, hogy \u0151t puszta t\u00e1rgynak tekintj\u00fck, nem ismerj\u00fck el \u00e9s k\u00e9ts\u00e9gbe vonjuk emberi m\u00e9lt\u00f3s\u00e1g\u00e1t. \u00c9ppen ez\u00e9rt hangs\u00falyozzuk, hogy a megf\u00e9leml\u00edt\u00e9s csak\u00fagy, mint a fegyverek elterjed\u00e9se, az erk\u00f6lcs \u00e9s a val\u00f3di egyet\u00e9rt\u00e9s elleni v\u00e9tek. A gyeng\u00e9bbek elleni terror ahhoz vezet, hogy eg\u00e9sz n\u00e9pcsoportok k\u00e9nyszer\u00fclnek idegenbe b\u00e9k\u00e9s otthont keresve. Nem v\u00e1llalhat\u00f3 az a politikai kommunik\u00e1ci\u00f3, ami a migr\u00e1nsokat teszi felel\u0151ss\u00e9 minden rossz\u00e9rt \u00e9s megfosztja a szeg\u00e9nyeket a rem\u00e9nyt\u0151l. Ehelyett azt kell hangs\u00falyozni, hogy a b\u00e9ke minden ember tisztelet\u00e9n \u2013 m\u00faltj\u00e1t\u00f3l f\u00fcggetlen\u00fcl \u2013, illetve a t\u00f6rv\u00e9nyek \u00e9s a k\u00f6zj\u00f3, valamint a r\u00e1nkb\u00edzott teremt\u00e9s \u00e9s a megel\u0151z\u0151 gener\u00e1ci\u00f3k gazdag erk\u00f6lcsi \u00f6r\u00f6ks\u00e9g\u00e9nek tisztelet\u00e9n alapszik.<\/p>\n<p>K\u00fcl\u00f6n\u00f6sen is gondolunk azokra a gyermekekre, akik a jelenlegi konfliktusz\u00f3n\u00e1kban \u00e9lnek, \u00e9s mindazokra, akik e gyermekek jogai\u00e9rt \u00e9s \u00e9let\u00fck v\u00e9delm\u00e9\u00e9rt k\u00fczdenek. A vil\u00e1gban ma minden hatodik gyermeket s\u00fajt a h\u00e1bor\u00fa kegyetlens\u00e9ge \u00e9s annak sok-sok k\u00f6vetkezm\u00e9nye, s\u0151t, a gyermekek maguk is fegyveres csoportok katon\u00e1iv\u00e1 vagy t\u00faszaiv\u00e1 v\u00e1lnak. Mindazoknak a tan\u00fas\u00e1gt\u00e9tele, akik a gyermekek megbecs\u00fcl\u00e9s\u00e9\u00e9rt \u00e9s m\u00e9lt\u00f3s\u00e1guk megv\u00e9d\u00e9s\u00e9\u00e9rt ki\u00e1llnak, k\u00fcl\u00f6n\u00f6sen is \u00e9rt\u00e9kes az emberis\u00e9g j\u00f6v\u0151je szempontj\u00e1b\u00f3l.<\/p>\n<p>7. Egy \u00e1tfog\u00f3 b\u00e9keterv<\/p>\n<p>Ezekben a napokban \u00fcnnepelj\u00fck Az emberi jogok egyetemes nyilatkozata megjelen\u00e9s\u00e9nek hetvenedik \u00e9vfordul\u00f3j\u00e1t, ami a II. Vil\u00e1gh\u00e1bor\u00fa ut\u00e1n l\u00e1tott napvil\u00e1got. Ebben az \u00f6sszef\u00fcgg\u00e9sben eml\u00e9kezz\u00fcnk XXIII. J\u00e1nos p\u00e1pa meg\u00e1llap\u00edt\u00e1s\u00e1ra: \u201eHa az emberben jogainak tudata megsz\u00fcletik, sz\u00fcks\u00e9ges, hogy megsz\u00fcless\u00e9k benne k\u00f6teless\u00e9geinek a tudata is: \u00fagyhogy akinek valamilyen joga van, hasonl\u00f3k\u00e9ppen legyen meg benne k\u00f6telezetts\u00e9ge is jogainak ellen\u00e9rt\u00e9kek\u00e9nt, mint m\u00e9lt\u00f3s\u00e1g\u00e1nak a jele; a t\u00f6bbiekben pedig legyen meg a k\u00f6teless\u00e9g, hogy ezeket a jogokat elismerj\u00e9k \u00e9s tiszteletben tarts\u00e1k\u201d (Pacem in terris, 44.).<\/p>\n<p>A b\u00e9ke val\u00f3j\u00e1ban egy glob\u00e1lis politikai egy\u00fcttm\u0171k\u00f6d\u00e9s eredm\u00e9nye, ami az emberek k\u00f6z\u00f6tti k\u00f6lcs\u00f6n\u00f6s f\u00fcgg\u00e9sen \u00e9s felel\u0151ss\u00e9gen alapszik, ugyanakkor egy olyan kih\u00edv\u00e1s is, amelyet nap, mint nap v\u00e1llalni kell. A b\u00e9ke a sz\u00edv \u00e9s a l\u00e9lek megt\u00e9r\u00e9se, \u00e9s egy\u00e1ltal\u00e1n nem egyszer\u0171 a bels\u0151 \u00e9s a t\u00e1rsadalmi b\u00e9k\u00e9nek e h\u00e1rom, egym\u00e1st\u00f3l elv\u00e1laszthatatlan dimenzi\u00f3j\u00e1t felismerni:<\/p>\n<p>\u2013 b\u00e9kess\u00e9g \u00f6nmagunkkal: az \u00f6nfej\u0171s\u00e9g, a harag \u00e9s a t\u00fcrelmetlens\u00e9g visszautas\u00edt\u00e1sa mellett \u2013 mik\u00e9nt Szal\u00e9zi Szent Ferenc tan\u00e1csolja \u2013 n\u00e9mi szel\u00edds\u00e9get is kell gyakorolnunk magunkkal szemben, az\u00e9rt, hogy m\u00e1sokkal szemben is szel\u00eddebbnek bizonyuljunk;<\/p>\n<p>\u2013 b\u00e9kess\u00e9g m\u00e1sokkal: a csal\u00e1dtaggal, a bar\u00e1ttal, az idegennel, a szeg\u00e9nnyel, a szenved\u0151vel\u2026 \u2013 b\u00e1tors\u00e1g ahhoz, hogy tal\u00e1lkozzunk vel\u00fck \u00e9s meghalljuk a szavukat;<\/p>\n<p>\u2013 b\u00e9kess\u00e9g a teremtett vil\u00e1ggal: Isten aj\u00e1nd\u00e9k\u00e1nak nagys\u00e1g\u00e1t \u00e9s az \u00e9rte val\u00f3 felel\u0151ss\u00e9g\u00fcnket ism\u00e9t felismerni, \u00fagy, mint e vil\u00e1g lak\u00f3i, polg\u00e1rai \u00e9s j\u00f6v\u0151j\u00e9nek alak\u00edt\u00f3i.<\/p>\n<p>Egy olyan b\u00e9kepolitika, amely tudat\u00e1ban van az emberi gyenges\u00e9geknek \u00e9s saj\u00e1t val\u00f3di k\u00fcldet\u00e9s\u00e9nek is, mindig mer\u00edthet a Magnificat szellemis\u00e9g\u00e9b\u0151l, amelyet M\u00e1ria, Krisztus, a Megv\u00e1lt\u00f3 anyja, a b\u00e9ke kir\u00e1lyn\u0151je minden ember nev\u00e9ben \u00edgy \u00e9nekel: \u201eIrgalma nemzed\u00e9kr\u0151l nemzed\u00e9kre az istenf\u00e9l\u0151kkel marad. Karja bizonys\u00e1got tett hatalm\u00e1r\u00f3l: sz\u00e9tsz\u00f3rta a sz\u00edv\u00fck sz\u00e1nd\u00e9k\u00e1ban g\u0151g\u00f6s\u00f6ket, letasz\u00edtotta tr\u00f3njukr\u00f3l a hatalmasokat, az al\u00e1zatosakat pedig f\u00f6lemelte (\u2026) megeml\u00e9kezve irgalm\u00e1r\u00f3l, amelyet aty\u00e1inknak, \u00c1brah\u00e1mnak \u00e9s ut\u00f3dainak \u00f6r\u00f6kre meg\u00edg\u00e9rt\u201d (Lk 1,50\u201355).<\/p>\n<p>Vatik\u00e1nv\u00e1ros, 2018. december 8.<\/p>\n<p>Ferenc<\/p>\n<p>forr\u00e1s: <a href=\"https:\/\/katolikus.hu\/cikk\/a-szentatya-ferenc-papa-uzenete-a-beke-52-vilagnapjara---bekesseg-e-haznak\" target=\"_blank\" rel=\"noopener\">Magyar Katolikus Egyh\u00e1z<\/a><\/p>\n","protected":false},"excerpt":{"rendered":"<p>1. Amikor J\u00e9zus elk\u00fcldte tan\u00edtv\u00e1nyait, ezt mondta nekik: \u201eHa bet\u00e9rtek egy h\u00e1zba, el\u0151sz\u00f6r ezt mondj\u00e1tok: B\u00e9kess\u00e9g e h\u00e1znak! Ha b\u00e9kess\u00e9g fia lakik ott, r\u00e1sz\u00e1ll b\u00e9kess\u00e9getek, ha nem, visszasz\u00e1ll r\u00e1tok\u201d (Lk 10,5\u20136). Ez teh\u00e1t a k\u00f6z\u00e9ppont J\u00e9zus tan\u00edtv\u00e1nyainak misszi\u00f3j\u00e1ban: a b\u00e9k\u00e9t &hellip; <a href=\"https:\/\/balatonkeresztur.plebania.hu\/index.php\/2018\/12\/31\/a-szentatya-ferenc-papa-uzenete-a-beke-52-vilagnapjara-bekesseg-e-haznak\/\">Egy kattint\u00e1s ide a folytat\u00e1shoz&#8230;. <span class=\"meta-nav\">&rarr;<\/span><\/a><\/p>\n","protected":false},"author":1,"featured_media":0,"comment_status":"closed","ping_status":"open","sticky":false,"template":"","format":"standard","meta":{"footnotes":""},"categories":[1],"tags":[],"class_list":["post-213","post","type-post","status-publish","format-standard","hentry","category-egyeb"],"_links":{"self":[{"href":"https:\/\/balatonkeresztur.plebania.hu\/index.php\/wp-json\/wp\/v2\/posts\/213","targetHints":{"allow":["GET"]}}],"collection":[{"href":"https:\/\/balatonkeresztur.plebania.hu\/index.php\/wp-json\/wp\/v2\/posts"}],"about":[{"href":"https:\/\/balatonkeresztur.plebania.hu\/index.php\/wp-json\/wp\/v2\/types\/post"}],"author":[{"embeddable":true,"href":"https:\/\/balatonkeresztur.plebania.hu\/index.php\/wp-json\/wp\/v2\/users\/1"}],"replies":[{"embeddable":true,"href":"https:\/\/balatonkeresztur.plebania.hu\/index.php\/wp-json\/wp\/v2\/comments?post=213"}],"version-history":[{"count":1,"href":"https:\/\/balatonkeresztur.plebania.hu\/index.php\/wp-json\/wp\/v2\/posts\/213\/revisions"}],"predecessor-version":[{"id":214,"href":"https:\/\/balatonkeresztur.plebania.hu\/index.php\/wp-json\/wp\/v2\/posts\/213\/revisions\/214"}],"wp:attachment":[{"href":"https:\/\/balatonkeresztur.plebania.hu\/index.php\/wp-json\/wp\/v2\/media?parent=213"}],"wp:term":[{"taxonomy":"category","embeddable":true,"href":"https:\/\/balatonkeresztur.plebania.hu\/index.php\/wp-json\/wp\/v2\/categories?post=213"},{"taxonomy":"post_tag","embeddable":true,"href":"https:\/\/balatonkeresztur.plebania.hu\/index.php\/wp-json\/wp\/v2\/tags?post=213"}],"curies":[{"name":"wp","href":"https:\/\/api.w.org\/{rel}","templated":true}]}}