{"id":203,"date":"2018-12-25T18:44:39","date_gmt":"2018-12-25T18:44:39","guid":{"rendered":"http:\/\/balatonkeresztur.plebania.hu\/?p=203"},"modified":"2018-12-25T19:00:06","modified_gmt":"2018-12-25T19:00:06","slug":"karacsony","status":"publish","type":"post","link":"https:\/\/balatonkeresztur.plebania.hu\/index.php\/2018\/12\/25\/karacsony\/","title":{"rendered":"Kar\u00e1csony"},"content":{"rendered":"<p>\u00cdme, nagy \u00f6r\u00f6met adok tudtul nektek \u00e9s az lesz majd az eg\u00e9sz n\u00e9pnek: <!--more-->Ma megsz\u00fcletett a Megv\u00e1lt\u00f3 nektek, Krisztus, az \u00dar, D\u00e1vid v\u00e1ros\u00e1ban. Ez lesz a jel: Tal\u00e1ltok egy j\u00e1szolba fektetett, bep\u00f3ly\u00e1lt gyermeket. <em>Lk 2, 10-12<\/em><\/p>\n<p><a href=\"https:\/\/photos.app.goo.gl\/TaMxWUXqEmYbdwFF7\" target=\"_blank\" rel=\"noopener\"><img loading=\"lazy\" decoding=\"async\" class=\"wp-image-205 size-medium alignleft\" src=\"http:\/\/balatonkeresztur.plebania.hu\/wp-content\/uploads\/2018\/12\/IMG_0277-300x225.jpg\" alt=\"\" width=\"300\" height=\"225\" srcset=\"https:\/\/balatonkeresztur.plebania.hu\/wp-content\/uploads\/2018\/12\/IMG_0277-300x225.jpg 300w, https:\/\/balatonkeresztur.plebania.hu\/wp-content\/uploads\/2018\/12\/IMG_0277-768x576.jpg 768w, https:\/\/balatonkeresztur.plebania.hu\/wp-content\/uploads\/2018\/12\/IMG_0277-1024x768.jpg 1024w, https:\/\/balatonkeresztur.plebania.hu\/wp-content\/uploads\/2018\/12\/IMG_0277-400x300.jpg 400w\" sizes=\"auto, (max-width: 300px) 100vw, 300px\" \/><\/a>Ma, az \u00fcnnepi szentmise ut\u00e1n a kereszt\u00fari pl\u00e9b\u00e1niatemplomban gyermekek p\u00e1sztorj\u00e1t\u00e9ka \u00e1ltal \u00fajra \u00e1t\u00e9lhett\u00fck azt, ami annak idej\u00e9n t\u00f6rt\u00e9nt a j\u00fadeai Betlehemben. A k\u00e9pre kattintva n\u00e9h\u00e1ny k\u00e9pet l\u00e1thatunk az el\u0151ad\u00e1sb\u00f3l. Ezzel k\u00edv\u00e1nunk mindenkinek B\u00e9k\u00e9s, \u00c1ldott Kar\u00e1csonyt!<\/p>\n","protected":false},"excerpt":{"rendered":"<p>\u00cdme, nagy \u00f6r\u00f6met adok tudtul nektek \u00e9s az lesz majd az eg\u00e9sz n\u00e9pnek:<\/p>\n","protected":false},"author":1,"featured_media":0,"comment_status":"closed","ping_status":"open","sticky":false,"template":"","format":"standard","meta":{"footnotes":""},"categories":[1],"tags":[],"class_list":["post-203","post","type-post","status-publish","format-standard","hentry","category-egyeb"],"_links":{"self":[{"href":"https:\/\/balatonkeresztur.plebania.hu\/index.php\/wp-json\/wp\/v2\/posts\/203","targetHints":{"allow":["GET"]}}],"collection":[{"href":"https:\/\/balatonkeresztur.plebania.hu\/index.php\/wp-json\/wp\/v2\/posts"}],"about":[{"href":"https:\/\/balatonkeresztur.plebania.hu\/index.php\/wp-json\/wp\/v2\/types\/post"}],"author":[{"embeddable":true,"href":"https:\/\/balatonkeresztur.plebania.hu\/index.php\/wp-json\/wp\/v2\/users\/1"}],"replies":[{"embeddable":true,"href":"https:\/\/balatonkeresztur.plebania.hu\/index.php\/wp-json\/wp\/v2\/comments?post=203"}],"version-history":[{"count":3,"href":"https:\/\/balatonkeresztur.plebania.hu\/index.php\/wp-json\/wp\/v2\/posts\/203\/revisions"}],"predecessor-version":[{"id":208,"href":"https:\/\/balatonkeresztur.plebania.hu\/index.php\/wp-json\/wp\/v2\/posts\/203\/revisions\/208"}],"wp:attachment":[{"href":"https:\/\/balatonkeresztur.plebania.hu\/index.php\/wp-json\/wp\/v2\/media?parent=203"}],"wp:term":[{"taxonomy":"category","embeddable":true,"href":"https:\/\/balatonkeresztur.plebania.hu\/index.php\/wp-json\/wp\/v2\/categories?post=203"},{"taxonomy":"post_tag","embeddable":true,"href":"https:\/\/balatonkeresztur.plebania.hu\/index.php\/wp-json\/wp\/v2\/tags?post=203"}],"curies":[{"name":"wp","href":"https:\/\/api.w.org\/{rel}","templated":true}]}}