{"id":200,"date":"2018-12-23T16:48:11","date_gmt":"2018-12-23T16:48:11","guid":{"rendered":"http:\/\/balatonkeresztur.plebania.hu\/?p=200"},"modified":"2018-12-23T16:48:11","modified_gmt":"2018-12-23T16:48:11","slug":"gyertyagyujtas-advent-4-vasarnapjan","status":"publish","type":"post","link":"https:\/\/balatonkeresztur.plebania.hu\/index.php\/2018\/12\/23\/gyertyagyujtas-advent-4-vasarnapjan\/","title":{"rendered":"Gyertyagy\u00fajt\u00e1s Advent 4. vas\u00e1rnapj\u00e1n"},"content":{"rendered":"<p>Az adventi id\u0151szak v\u00e9g\u00e9re rem\u00e9lhet\u0151leg mindannyiunkban tiszt\u00e1z\u00f3dott m\u00e1r, hogy nem \u00f6nmag\u00e1ban kar\u00e1csony \u00fcnnep\u00e9t, az \u00e9v egy jeles napj\u00e1t v\u00e1rjuk, hanem az \u00dar J\u00e9zust \u00e9s a vele val\u00f3 tal\u00e1lkoz\u00e1st.<!--more--> A jelenben t\u00f6rt\u00e9n\u0151 elj\u00f6vetele akkor nyeri el val\u00f3di \u00e9rtelm\u00e9t, ha tiszt\u00e1ban vagyok azzal, hogy mi\u00e9rt j\u00f6tt el a t\u00f6rt\u00e9nelmi m\u00faltban \u00e9s mi\u00e9rt fog \u00fajra elj\u00f6nni a t\u00f6rt\u00e9nelmi id\u0151k v\u00e9g\u00e9n a j\u00f6v\u0151ben.<\/p>\n<p>forr\u00e1s: <a href=\"https:\/\/www.evangelium365.hu\/evangelium\/2018-12-23\" target=\"_blank\" rel=\"noopener\">Napi Evang\u00e9lium<\/a><\/p>\n<p>K\u00e9sz\u00fcletre biztat a negyedik gyertya,<a href=\"http:\/\/balatonkeresztur.plebania.hu\/wp-content\/uploads\/2018\/12\/IMG_0262.jpg\" target=\"_blank\" rel=\"noopener\"><img loading=\"lazy\" decoding=\"async\" class=\"alignright wp-image-201 size-thumbnail\" src=\"http:\/\/balatonkeresztur.plebania.hu\/wp-content\/uploads\/2018\/12\/IMG_0262-150x150.jpg\" alt=\"\" width=\"150\" height=\"150\" \/><\/a><\/p>\n<p>Gy\u00faljon fel lelk\u00fcnkben a kegyelem l\u00e1ngja.,<\/p>\n<p>Lelk\u00fcnk legyen J\u00e9zus, kis betlehem n\u00e9ked,<\/p>\n<p>Hogy igaz kar\u00e1csonyt \u00fcnnepelj\u00fcnk V\u00e9led.<\/p>\n","protected":false},"excerpt":{"rendered":"<p>Az adventi id\u0151szak v\u00e9g\u00e9re rem\u00e9lhet\u0151leg mindannyiunkban tiszt\u00e1z\u00f3dott m\u00e1r, hogy nem \u00f6nmag\u00e1ban kar\u00e1csony \u00fcnnep\u00e9t, az \u00e9v egy jeles napj\u00e1t v\u00e1rjuk, hanem az \u00dar J\u00e9zust \u00e9s a vele val\u00f3 tal\u00e1lkoz\u00e1st.<\/p>\n","protected":false},"author":1,"featured_media":0,"comment_status":"closed","ping_status":"open","sticky":false,"template":"","format":"standard","meta":{"footnotes":""},"categories":[1],"tags":[],"class_list":["post-200","post","type-post","status-publish","format-standard","hentry","category-egyeb"],"_links":{"self":[{"href":"https:\/\/balatonkeresztur.plebania.hu\/index.php\/wp-json\/wp\/v2\/posts\/200","targetHints":{"allow":["GET"]}}],"collection":[{"href":"https:\/\/balatonkeresztur.plebania.hu\/index.php\/wp-json\/wp\/v2\/posts"}],"about":[{"href":"https:\/\/balatonkeresztur.plebania.hu\/index.php\/wp-json\/wp\/v2\/types\/post"}],"author":[{"embeddable":true,"href":"https:\/\/balatonkeresztur.plebania.hu\/index.php\/wp-json\/wp\/v2\/users\/1"}],"replies":[{"embeddable":true,"href":"https:\/\/balatonkeresztur.plebania.hu\/index.php\/wp-json\/wp\/v2\/comments?post=200"}],"version-history":[{"count":1,"href":"https:\/\/balatonkeresztur.plebania.hu\/index.php\/wp-json\/wp\/v2\/posts\/200\/revisions"}],"predecessor-version":[{"id":202,"href":"https:\/\/balatonkeresztur.plebania.hu\/index.php\/wp-json\/wp\/v2\/posts\/200\/revisions\/202"}],"wp:attachment":[{"href":"https:\/\/balatonkeresztur.plebania.hu\/index.php\/wp-json\/wp\/v2\/media?parent=200"}],"wp:term":[{"taxonomy":"category","embeddable":true,"href":"https:\/\/balatonkeresztur.plebania.hu\/index.php\/wp-json\/wp\/v2\/categories?post=200"},{"taxonomy":"post_tag","embeddable":true,"href":"https:\/\/balatonkeresztur.plebania.hu\/index.php\/wp-json\/wp\/v2\/tags?post=200"}],"curies":[{"name":"wp","href":"https:\/\/api.w.org\/{rel}","templated":true}]}}