{"id":194,"date":"2018-12-16T13:05:19","date_gmt":"2018-12-16T13:05:19","guid":{"rendered":"http:\/\/balatonkeresztur.plebania.hu\/?p=194"},"modified":"2018-12-16T13:49:51","modified_gmt":"2018-12-16T13:49:51","slug":"gyertyagyujtas-advent-3-vasarnapjan","status":"publish","type":"post","link":"https:\/\/balatonkeresztur.plebania.hu\/index.php\/2018\/12\/16\/gyertyagyujtas-advent-3-vasarnapjan\/","title":{"rendered":"Gyertyagy\u00fajt\u00e1s Advent 3. vas\u00e1rnapj\u00e1n"},"content":{"rendered":"<p>Advent 3. vas\u00e1rnapj\u00e1n, az \u00f6r\u00f6m vas\u00e1rnapj\u00e1n Keresztel\u0151 J\u00e1nossal tal\u00e1lkozunk az evang\u00e9liumban. <!--more-->Miut\u00e1n az elm\u00falt vas\u00e1rnap meghallgattuk b\u0171nb\u00e1natra ind\u00edt\u00f3 szavait, l\u00e9lekben elindulunk a Jord\u00e1nhoz. Oda\u00e9rve l\u00e1thatjuk, hogy nem vagyunk egyed\u00fcl, katon\u00e1k, v\u00e1mosok \u00e9s m\u00e1s nyilv\u00e1nos b\u0171n\u00f6s\u00f6k veszik k\u00f6r\u00fcl J\u00e1nost, vagy tal\u00e1n helyesebb azt mondani, hogy valamennyien b\u0171nb\u00e1n\u00f3k. Azok, akik nem tartj\u00e1k magukat b\u0171n\u00f6snek, otthon maradtak. B\u0171neiket megb\u00e1n\u00f3 emberek t\u00f6mege veszi k\u00f6r\u00fcl J\u00e1nost, a szent embert, aki Isten szav\u00e1t hirdeti, \u00e9s azt mondja, hogy hamarosan elj\u00f6n a Megv\u00e1lt\u00f3. K\u00e9t dolog k\u00f6ti \u00f6ssze a Jord\u00e1n partj\u00e1n \u00f6sszegy\u0171lt n\u00e9pet: a Messi\u00e1s, a Megv\u00e1lt\u00f3 v\u00e1r\u00e1sa \u00e9s a b\u0171nt\u0151l val\u00f3 szabadul\u00e1s \u00f6r\u00f6me. \u00c9s ez a k\u00e9t \u00e9rz\u00e9s t\u00f6lti el a mi sz\u00edv\u00fcnket kar\u00e1csony \u00fcnnep\u00e9hez k\u00f6zeledve.<\/p>\n<p>forr\u00e1s: <a href=\"https:\/\/www.evangelium365.hu\/evangelium\/2018-12-16\" target=\"_blank\" rel=\"noopener\">https:\/\/www.evangelium365.hu\/evangelium\/2018-12-16<\/a><\/p>\n<p>\u00daj vil\u00e1got gy\u00fajtasz, hogy helyesen l\u00e1ssuk,<a href=\"http:\/\/balatonkeresztur.plebania.hu\/wp-content\/uploads\/2018\/12\/IMG_0242.jpg\" target=\"_blank\" rel=\"noopener\"><img loading=\"lazy\" decoding=\"async\" class=\"alignright wp-image-196 size-thumbnail\" src=\"http:\/\/balatonkeresztur.plebania.hu\/wp-content\/uploads\/2018\/12\/IMG_0242-150x150.jpg\" alt=\"\" width=\"150\" height=\"150\" \/><\/a><\/p>\n<p>Hol, hogyan keress\u00fck igaz boldogs\u00e1gunk.<\/p>\n<p>E harmadik gyertya serkent, buzd\u00edt minket,<\/p>\n<p>Hogy Fel\u00e9d ford\u00edtsuk sz\u00edv\u00fcnket, lelk\u00fcnket.<\/p>\n<p>&nbsp;<\/p>\n<p>&nbsp;<\/p>\n","protected":false},"excerpt":{"rendered":"<p>Advent 3. vas\u00e1rnapj\u00e1n, az \u00f6r\u00f6m vas\u00e1rnapj\u00e1n Keresztel\u0151 J\u00e1nossal tal\u00e1lkozunk az evang\u00e9liumban.<\/p>\n","protected":false},"author":1,"featured_media":0,"comment_status":"closed","ping_status":"open","sticky":false,"template":"","format":"standard","meta":{"footnotes":""},"categories":[1],"tags":[],"class_list":["post-194","post","type-post","status-publish","format-standard","hentry","category-egyeb"],"_links":{"self":[{"href":"https:\/\/balatonkeresztur.plebania.hu\/index.php\/wp-json\/wp\/v2\/posts\/194","targetHints":{"allow":["GET"]}}],"collection":[{"href":"https:\/\/balatonkeresztur.plebania.hu\/index.php\/wp-json\/wp\/v2\/posts"}],"about":[{"href":"https:\/\/balatonkeresztur.plebania.hu\/index.php\/wp-json\/wp\/v2\/types\/post"}],"author":[{"embeddable":true,"href":"https:\/\/balatonkeresztur.plebania.hu\/index.php\/wp-json\/wp\/v2\/users\/1"}],"replies":[{"embeddable":true,"href":"https:\/\/balatonkeresztur.plebania.hu\/index.php\/wp-json\/wp\/v2\/comments?post=194"}],"version-history":[{"count":2,"href":"https:\/\/balatonkeresztur.plebania.hu\/index.php\/wp-json\/wp\/v2\/posts\/194\/revisions"}],"predecessor-version":[{"id":197,"href":"https:\/\/balatonkeresztur.plebania.hu\/index.php\/wp-json\/wp\/v2\/posts\/194\/revisions\/197"}],"wp:attachment":[{"href":"https:\/\/balatonkeresztur.plebania.hu\/index.php\/wp-json\/wp\/v2\/media?parent=194"}],"wp:term":[{"taxonomy":"category","embeddable":true,"href":"https:\/\/balatonkeresztur.plebania.hu\/index.php\/wp-json\/wp\/v2\/categories?post=194"},{"taxonomy":"post_tag","embeddable":true,"href":"https:\/\/balatonkeresztur.plebania.hu\/index.php\/wp-json\/wp\/v2\/tags?post=194"}],"curies":[{"name":"wp","href":"https:\/\/api.w.org\/{rel}","templated":true}]}}