{"id":1862,"date":"2025-11-29T20:16:58","date_gmt":"2025-11-29T20:16:58","guid":{"rendered":"https:\/\/balatonkeresztur.plebania.hu\/?p=1862"},"modified":"2025-12-24T21:51:55","modified_gmt":"2025-12-24T21:51:55","slug":"adventi-gondolatok-7","status":"publish","type":"post","link":"https:\/\/balatonkeresztur.plebania.hu\/index.php\/2025\/11\/29\/adventi-gondolatok-7\/","title":{"rendered":"Adventi gondolatok"},"content":{"rendered":"\n<p>Advent minden napj\u00e1ra egy-egy gondolat:<\/p>\n\n\n\n<p>let\u00f6lthet\u0151 gondolatok <a href=\"http:\/\/balatonkeresztur.plebania.hu\/wp-content\/uploads\/2025\/11\/ADVENTpr25.pdf\" target=\"_blank\" rel=\"noreferrer noopener\">itt<\/a><\/p>\n\n\n\n<p>naponta k\u00f6vethet\u0151 gondolatok <a href=\"http:\/\/www.fogadalmitemplom.hu\/advent.html\" target=\"_blank\" rel=\"noreferrer noopener\">itt<\/a><\/p>\n\n\n\n<p><a href=\"http:\/\/balatonkeresztur.plebania.hu\/wp-content\/uploads\/2025\/11\/2025adventimafuzet.pdf\" target=\"_blank\" rel=\"noreferrer noopener\">let\u00f6lthet\u0151 imaf\u00fczet adventi vas\u00e1rnapokhoz<\/a><\/p>\n\n\n\n<p><\/p>\n\n\n\n<p><\/p>\n","protected":false},"excerpt":{"rendered":"<p>Advent minden napj\u00e1ra egy-egy gondolat: let\u00f6lthet\u0151 gondolatok itt naponta k\u00f6vethet\u0151 gondolatok itt let\u00f6lthet\u0151 imaf\u00fczet adventi vas\u00e1rnapokhoz<\/p>\n","protected":false},"author":1,"featured_media":0,"comment_status":"closed","ping_status":"closed","sticky":false,"template":"","format":"standard","meta":{"footnotes":""},"categories":[1],"tags":[],"class_list":["post-1862","post","type-post","status-publish","format-standard","hentry","category-egyeb"],"_links":{"self":[{"href":"https:\/\/balatonkeresztur.plebania.hu\/index.php\/wp-json\/wp\/v2\/posts\/1862","targetHints":{"allow":["GET"]}}],"collection":[{"href":"https:\/\/balatonkeresztur.plebania.hu\/index.php\/wp-json\/wp\/v2\/posts"}],"about":[{"href":"https:\/\/balatonkeresztur.plebania.hu\/index.php\/wp-json\/wp\/v2\/types\/post"}],"author":[{"embeddable":true,"href":"https:\/\/balatonkeresztur.plebania.hu\/index.php\/wp-json\/wp\/v2\/users\/1"}],"replies":[{"embeddable":true,"href":"https:\/\/balatonkeresztur.plebania.hu\/index.php\/wp-json\/wp\/v2\/comments?post=1862"}],"version-history":[{"count":3,"href":"https:\/\/balatonkeresztur.plebania.hu\/index.php\/wp-json\/wp\/v2\/posts\/1862\/revisions"}],"predecessor-version":[{"id":1869,"href":"https:\/\/balatonkeresztur.plebania.hu\/index.php\/wp-json\/wp\/v2\/posts\/1862\/revisions\/1869"}],"wp:attachment":[{"href":"https:\/\/balatonkeresztur.plebania.hu\/index.php\/wp-json\/wp\/v2\/media?parent=1862"}],"wp:term":[{"taxonomy":"category","embeddable":true,"href":"https:\/\/balatonkeresztur.plebania.hu\/index.php\/wp-json\/wp\/v2\/categories?post=1862"},{"taxonomy":"post_tag","embeddable":true,"href":"https:\/\/balatonkeresztur.plebania.hu\/index.php\/wp-json\/wp\/v2\/tags?post=1862"}],"curies":[{"name":"wp","href":"https:\/\/api.w.org\/{rel}","templated":true}]}}