{"id":186,"date":"2018-12-16T15:54:07","date_gmt":"2018-12-16T15:54:07","guid":{"rendered":"http:\/\/balatonkeresztur.plebania.hu\/?p=186"},"modified":"2018-12-16T18:08:05","modified_gmt":"2018-12-16T18:08:05","slug":"advent-4-vasarnapja","status":"publish","type":"post","link":"https:\/\/balatonkeresztur.plebania.hu\/index.php\/2018\/12\/16\/advent-4-vasarnapja\/","title":{"rendered":"Advent 4. vas\u00e1rnapja"},"content":{"rendered":"<p>Advent 4. Vas\u00e1rnapj\u00e1n a B\u00e1rdos Lajos N\u0151i Kar z\u00e1rja az Adventi Est\u00e9k koncertsorozatunkat. <!--more--><\/p>\n<p>Balatonkereszt\u00fari \u2013 Balatonm\u00e1riaf\u00fcrd\u0151i B\u00e1rdos Lajos N\u0151ikar<\/p>\n<p>K\u00f3rusukat 1979-ben alap\u00edtotta karnagyuk, Tengerdi Gy\u0151z\u0151 \u2013 n\u00e9pzenekutat\u00f3; f\u0151k\u00e9nt pedag\u00f3gusokb\u00f3l, di\u00e1kokb\u00f3l \u00e9s \u00c1F\u00c9SZ dolgoz\u00f3kb\u00f3l. Az els\u0151 \u00e9vekben f\u0151k\u00e9nt n\u00e9pdalokb\u00f3l \u00e9s egysz\u00f3lam\u00fa m\u0171vekb\u0151l \u00e1ll\u00f3 m\u0171sorokkal mutatkozott be a k\u00f3rus, s arattak nagy sikereket. A k\u00e9s\u0151bbiekben, a t\u00f6bbsz\u00f3lam\u00fa m\u0171vek ig\u00e9nyes el\u0151ad\u00e1sa, megsz\u00f3laltat\u00e1sa, alapozta meg a k\u00f3rus h\u00edrnev\u00e9t.<\/p>\n<p>B\u00e1rdos Lajos zeneszerz\u0151vel j\u00f3 kapcsolatot alak\u00edtottak ki; csal\u00e1dj\u00e1val ma is szem\u00e9lyes j\u00f3 kapcsolatban \u00e1llnak. Az orsz\u00e1gban els\u0151k\u00e9nt vehett\u00e9k fel a zeneszerz\u0151 nev\u00e9t, aki k\u00f3rusm\u0171veket \u00edrt sz\u00e1mukra; k\u00f6zt\u00fck a h\u00edres Jubilate \u2013 t.<\/p>\n<p>Reperto\u00e1rjuk, els\u0151sorban vil\u00e1gi \u00e9s egyh\u00e1zi m\u0171vekb\u0151l \u00e1ll, de \u00e9nekelnek a magyar n\u00e9pzene gy\u00f6ngyszemeib\u0151l is; amit nagy sikerrel mutattak be belf\u00f6ld\u00f6n \u00e9s k\u00fclf\u00f6ld\u00f6n egyar\u00e1nt. \u00cdgy jutottak el t\u00f6bbek k\u00f6z\u00f6tt Erd\u00e9lybe, G\u00f6r\u00f6gorsz\u00e1gba, Olaszorsz\u00e1gba, N\u00e9metorsz\u00e1gba, Ausztri\u00e1ba, Horv\u00e1torsz\u00e1gba, \u00e9s Lengyelorsz\u00e1gba is, ahol az eur\u00f3pai k\u00f6z\u00f6s kultur\u00e1lis \u00f6r\u00f6ks\u00e9g\u00e9t \u00f6sszek\u00f6t\u0151 m\u0171v\u00e9szeti hidat, valamint a magyar k\u00f3rusmuzsika h\u00edrnev\u00e9t er\u0151s\u00edtette meg a k\u00f3rus sz\u00ednvonalas koncertjeivel.<\/p>\n<p>M\u0171v\u00e9szeti vezet\u0151 &#8211; karnagyuknak k\u00f6sz\u00f6nhet\u0151en a B\u00e1rdos Lajos N\u0151ikar mindig a magyar k\u00f3rusmuzsika hagyom\u00e1nyait k\u00f6vette: k\u00f3rusm\u0171 v\u00e1laszt\u00e1sban \u00e9s el\u0151ad\u00e1sm\u00f3dj\u00e1ban.<\/p>\n<p>Munk\u00e1jukat a szakma \u00e9s a k\u00f6z\u00f6ns\u00e9g elismerte, bizony\u00edtj\u00e1k ezt kit\u00fcntet\u00e9seik \u00e9s sikereik.<\/p>\n<p>A k\u00f3rus 1986 decembere \u00f3ta j\u00e1rja Somogy megye telep\u00fcl\u00e9seit, alkalmank\u00e9nt m\u00e1s megy\u00e9kben is, hogy advent idej\u00e9n, kar\u00e1csony-v\u00e1r\u00f3 koncerttel meg\u00f6rvendeztesse a<\/p>\n<div id=\"attachment_187\" style=\"width: 160px\" class=\"wp-caption alignright\"><a href=\"http:\/\/balatonkeresztur.plebania.hu\/wp-content\/uploads\/2018\/12\/B\u00e1rdos-Lajos-N\u0151ikar-Adventi-Koncert-plak\u00e1t-2018..jpg\" target=\"_blank\" rel=\"noopener\"><img loading=\"lazy\" decoding=\"async\" aria-describedby=\"caption-attachment-187\" class=\"wp-image-187 size-thumbnail\" src=\"http:\/\/balatonkeresztur.plebania.hu\/wp-content\/uploads\/2018\/12\/B\u00e1rdos-Lajos-N\u0151ikar-Adventi-Koncert-plak\u00e1t-2018.-150x150.jpg\" alt=\"\" width=\"150\" height=\"150\" \/><\/a><p id=\"caption-attachment-187\" class=\"wp-caption-text\">A koncert plak\u00e1tja<\/p><\/div>\n<p>k\u00f3rusmuzsik\u00e1t kedvel\u0151ket; s a m\u0171v\u00e9szi \u00e9lm\u00e9nyen t\u00fal, az emberek sz\u00edv\u00e9t-lelk\u00e9t felk\u00e9sz\u00edtse a szeretet \u00fcnnep\u00e9re.<\/p>\n<p>T\u00e1mogat\u00f3ik, fenntart\u00f3ik:<\/p>\n<p>Balatonkereszt\u00far, Balatonm\u00e1riaf\u00fcrd\u0151 K\u00f6zs\u00e9gek \u00d6nkorm\u00e1nyzatai<\/p>\n","protected":false},"excerpt":{"rendered":"<p>Advent 4. Vas\u00e1rnapj\u00e1n a B\u00e1rdos Lajos N\u0151i Kar z\u00e1rja az Adventi Est\u00e9k koncertsorozatunkat.<\/p>\n","protected":false},"author":1,"featured_media":0,"comment_status":"closed","ping_status":"open","sticky":false,"template":"","format":"standard","meta":{"footnotes":""},"categories":[1],"tags":[],"class_list":["post-186","post","type-post","status-publish","format-standard","hentry","category-egyeb"],"_links":{"self":[{"href":"https:\/\/balatonkeresztur.plebania.hu\/index.php\/wp-json\/wp\/v2\/posts\/186","targetHints":{"allow":["GET"]}}],"collection":[{"href":"https:\/\/balatonkeresztur.plebania.hu\/index.php\/wp-json\/wp\/v2\/posts"}],"about":[{"href":"https:\/\/balatonkeresztur.plebania.hu\/index.php\/wp-json\/wp\/v2\/types\/post"}],"author":[{"embeddable":true,"href":"https:\/\/balatonkeresztur.plebania.hu\/index.php\/wp-json\/wp\/v2\/users\/1"}],"replies":[{"embeddable":true,"href":"https:\/\/balatonkeresztur.plebania.hu\/index.php\/wp-json\/wp\/v2\/comments?post=186"}],"version-history":[{"count":7,"href":"https:\/\/balatonkeresztur.plebania.hu\/index.php\/wp-json\/wp\/v2\/posts\/186\/revisions"}],"predecessor-version":[{"id":198,"href":"https:\/\/balatonkeresztur.plebania.hu\/index.php\/wp-json\/wp\/v2\/posts\/186\/revisions\/198"}],"wp:attachment":[{"href":"https:\/\/balatonkeresztur.plebania.hu\/index.php\/wp-json\/wp\/v2\/media?parent=186"}],"wp:term":[{"taxonomy":"category","embeddable":true,"href":"https:\/\/balatonkeresztur.plebania.hu\/index.php\/wp-json\/wp\/v2\/categories?post=186"},{"taxonomy":"post_tag","embeddable":true,"href":"https:\/\/balatonkeresztur.plebania.hu\/index.php\/wp-json\/wp\/v2\/tags?post=186"}],"curies":[{"name":"wp","href":"https:\/\/api.w.org\/{rel}","templated":true}]}}