{"id":1846,"date":"2025-10-27T14:35:37","date_gmt":"2025-10-27T14:35:37","guid":{"rendered":"https:\/\/balatonkeresztur.plebania.hu\/?p=1846"},"modified":"2025-11-02T14:36:27","modified_gmt":"2025-11-02T14:36:27","slug":"bermalas","status":"publish","type":"post","link":"https:\/\/balatonkeresztur.plebania.hu\/index.php\/2025\/10\/27\/bermalas\/","title":{"rendered":"B\u00e9rm\u00e1l\u00e1s"},"content":{"rendered":"\n<figure class=\"wp-block-image size-full is-resized\"><a href=\"http:\/\/balatonkeresztur.plebania.hu\/wp-content\/uploads\/2025\/11\/bermalas2025.jpg\" target=\"_blank\" rel=\" noreferrer noopener\"><img loading=\"lazy\" decoding=\"async\" width=\"2466\" height=\"1644\" src=\"https:\/\/balatonkeresztur.plebania.hu\/wp-content\/uploads\/2025\/11\/bermalas2025.jpg\" alt=\"\" class=\"wp-image-1847\" style=\"width:593px;height:auto\" srcset=\"https:\/\/balatonkeresztur.plebania.hu\/wp-content\/uploads\/2025\/11\/bermalas2025.jpg 2466w, https:\/\/balatonkeresztur.plebania.hu\/wp-content\/uploads\/2025\/11\/bermalas2025-768x512.jpg 768w, https:\/\/balatonkeresztur.plebania.hu\/wp-content\/uploads\/2025\/11\/bermalas2025-1536x1024.jpg 1536w, https:\/\/balatonkeresztur.plebania.hu\/wp-content\/uploads\/2025\/11\/bermalas2025-2048x1365.jpg 2048w, https:\/\/balatonkeresztur.plebania.hu\/wp-content\/uploads\/2025\/11\/bermalas2025-450x300.jpg 450w\" sizes=\"auto, (max-width: 2466px) 100vw, 2466px\" \/><\/a><\/figure>\n\n\n\n<p>Okt\u00f3ber 26-\u00e1n 5 fiatal r\u00e9szes\u00fclt a B\u00e9rm\u00e1l\u00e1s szents\u00e9g\u00e9ben, hogy a Szentl\u00e9lek \u00e1ltal er\u0151t \u00e9s k\u00fcldet\u00e9st kapjanak, hogy Krisztus \u00e9l\u0151 tan\u00fai legyenek az Egyh\u00e1zban \u00e9s a vil\u00e1gban.<\/p>\n\n\n\n<p><\/p>\n","protected":false},"excerpt":{"rendered":"<p>Okt\u00f3ber 26-\u00e1n 5 fiatal r\u00e9szes\u00fclt a B\u00e9rm\u00e1l\u00e1s szents\u00e9g\u00e9ben, hogy a Szentl\u00e9lek \u00e1ltal er\u0151t \u00e9s k\u00fcldet\u00e9st kapjanak, hogy Krisztus \u00e9l\u0151 tan\u00fai legyenek az Egyh\u00e1zban \u00e9s a vil\u00e1gban.<\/p>\n","protected":false},"author":1,"featured_media":0,"comment_status":"closed","ping_status":"open","sticky":false,"template":"","format":"standard","meta":{"footnotes":""},"categories":[1],"tags":[],"class_list":["post-1846","post","type-post","status-publish","format-standard","hentry","category-egyeb"],"_links":{"self":[{"href":"https:\/\/balatonkeresztur.plebania.hu\/index.php\/wp-json\/wp\/v2\/posts\/1846","targetHints":{"allow":["GET"]}}],"collection":[{"href":"https:\/\/balatonkeresztur.plebania.hu\/index.php\/wp-json\/wp\/v2\/posts"}],"about":[{"href":"https:\/\/balatonkeresztur.plebania.hu\/index.php\/wp-json\/wp\/v2\/types\/post"}],"author":[{"embeddable":true,"href":"https:\/\/balatonkeresztur.plebania.hu\/index.php\/wp-json\/wp\/v2\/users\/1"}],"replies":[{"embeddable":true,"href":"https:\/\/balatonkeresztur.plebania.hu\/index.php\/wp-json\/wp\/v2\/comments?post=1846"}],"version-history":[{"count":2,"href":"https:\/\/balatonkeresztur.plebania.hu\/index.php\/wp-json\/wp\/v2\/posts\/1846\/revisions"}],"predecessor-version":[{"id":1849,"href":"https:\/\/balatonkeresztur.plebania.hu\/index.php\/wp-json\/wp\/v2\/posts\/1846\/revisions\/1849"}],"wp:attachment":[{"href":"https:\/\/balatonkeresztur.plebania.hu\/index.php\/wp-json\/wp\/v2\/media?parent=1846"}],"wp:term":[{"taxonomy":"category","embeddable":true,"href":"https:\/\/balatonkeresztur.plebania.hu\/index.php\/wp-json\/wp\/v2\/categories?post=1846"},{"taxonomy":"post_tag","embeddable":true,"href":"https:\/\/balatonkeresztur.plebania.hu\/index.php\/wp-json\/wp\/v2\/tags?post=1846"}],"curies":[{"name":"wp","href":"https:\/\/api.w.org\/{rel}","templated":true}]}}