{"id":184,"date":"2018-12-10T18:15:59","date_gmt":"2018-12-10T18:15:59","guid":{"rendered":"http:\/\/balatonkeresztur.plebania.hu\/?p=184"},"modified":"2018-12-10T18:21:44","modified_gmt":"2018-12-10T18:21:44","slug":"advent-3-vasarnapja","status":"publish","type":"post","link":"https:\/\/balatonkeresztur.plebania.hu\/index.php\/2018\/12\/10\/advent-3-vasarnapja\/","title":{"rendered":"Advent 3. vas\u00e1rnapja"},"content":{"rendered":"<p>Advent 3. vas\u00e1rnapj\u00e1n a Nagykanizsai Piarista \u00c1ltal\u00e1nos Iskola \u00e9s Gimn\u00e1zium k\u00f3rusai lesznek a vend\u00e9geink az Adventi est\u00e9k koncertsorozatban: <!--more-->Mathia K\u00e1roly Vegyeskar, Schola Gregoriana Calasanctiana \u00e9s a Piccolo Kamarak\u00f3rus, amely k\u00f3rusokban 12-18 \u00e9ves korig kb.60 di\u00e1k \u00e9nekel. Magyar \u00e9s k\u00fclf\u00f6ldi szerz\u0151k adventi-kar\u00e1csonyi k\u00f3rusm\u0171vei mellett gregori\u00e1n \u00e9nekek, renesz\u00e1nsz motett\u00e1k \u00e9s spiritu\u00e1l\u00e9k is elhangzanak majd.<\/p>\n","protected":false},"excerpt":{"rendered":"<p>Advent 3. vas\u00e1rnapj\u00e1n a Nagykanizsai Piarista \u00c1ltal\u00e1nos Iskola \u00e9s Gimn\u00e1zium k\u00f3rusai lesznek a vend\u00e9geink az Adventi est\u00e9k koncertsorozatban:<\/p>\n","protected":false},"author":1,"featured_media":0,"comment_status":"closed","ping_status":"open","sticky":false,"template":"","format":"standard","meta":{"footnotes":""},"categories":[1],"tags":[],"class_list":["post-184","post","type-post","status-publish","format-standard","hentry","category-egyeb"],"_links":{"self":[{"href":"https:\/\/balatonkeresztur.plebania.hu\/index.php\/wp-json\/wp\/v2\/posts\/184","targetHints":{"allow":["GET"]}}],"collection":[{"href":"https:\/\/balatonkeresztur.plebania.hu\/index.php\/wp-json\/wp\/v2\/posts"}],"about":[{"href":"https:\/\/balatonkeresztur.plebania.hu\/index.php\/wp-json\/wp\/v2\/types\/post"}],"author":[{"embeddable":true,"href":"https:\/\/balatonkeresztur.plebania.hu\/index.php\/wp-json\/wp\/v2\/users\/1"}],"replies":[{"embeddable":true,"href":"https:\/\/balatonkeresztur.plebania.hu\/index.php\/wp-json\/wp\/v2\/comments?post=184"}],"version-history":[{"count":1,"href":"https:\/\/balatonkeresztur.plebania.hu\/index.php\/wp-json\/wp\/v2\/posts\/184\/revisions"}],"predecessor-version":[{"id":185,"href":"https:\/\/balatonkeresztur.plebania.hu\/index.php\/wp-json\/wp\/v2\/posts\/184\/revisions\/185"}],"wp:attachment":[{"href":"https:\/\/balatonkeresztur.plebania.hu\/index.php\/wp-json\/wp\/v2\/media?parent=184"}],"wp:term":[{"taxonomy":"category","embeddable":true,"href":"https:\/\/balatonkeresztur.plebania.hu\/index.php\/wp-json\/wp\/v2\/categories?post=184"},{"taxonomy":"post_tag","embeddable":true,"href":"https:\/\/balatonkeresztur.plebania.hu\/index.php\/wp-json\/wp\/v2\/tags?post=184"}],"curies":[{"name":"wp","href":"https:\/\/api.w.org\/{rel}","templated":true}]}}