{"id":1839,"date":"2025-10-31T18:32:56","date_gmt":"2025-10-31T18:32:56","guid":{"rendered":"https:\/\/balatonkeresztur.plebania.hu\/?p=1839"},"modified":"2025-10-31T18:32:56","modified_gmt":"2025-10-31T18:32:56","slug":"karitasz-oszi-lelkinap","status":"publish","type":"post","link":"https:\/\/balatonkeresztur.plebania.hu\/index.php\/2025\/10\/31\/karitasz-oszi-lelkinap\/","title":{"rendered":"Karit\u00e1sz \u0151szi Lelkinap"},"content":{"rendered":"\n<p>K\u00fcls\u0151-bels\u0151 meg\u00fajul\u00e1s<\/p>\n\n\n\n<p>Az a gondolatp\u00e1rhuzam jutott eszembe, hogy a templomunk k\u00fcls\u0151 fel\u00faj\u00edt\u00e1sa zajlik, a lelkinapunk meg egy \u00fajabb alkalom, hogy a bens\u0151nk meg\u00fajuljon.<\/p>\n\n\n\n<!--more-->\n\n\n\n<p>Az \u0151szi lelkinapot Szent Fausztina \u00e9s a Sz\u0171zanya tisztelet\u00e9re aj\u00e1nlottuk.<\/p>\n\n\n\n<p>Ima\u00f3r\u00e1nkat a Szent Kereszt Felmagasztal\u00e1sa Pl\u00e9b\u00e1nia karit\u00e1sz csoportj\u00e1nak tagjai tartott\u00e1k. Ezt k\u00f6vette a lelkinapos elm\u00e9lked\u00e9s, melyet Vincze Tibor, zalaap\u00e1ti diak\u00f3nus testv\u00e9r tartott.<\/p>\n\n\n\n<p>J\u00f3 \u00e9rz\u00e9s volt, hogy Keszthelyr\u0151l a M\u00e1ltai Szeretetszolg\u00e1lat \u00f6nk\u00e9ntesei is elj\u00f6ttek a lelkinapunkra! K\u00f6sz\u00f6nj\u00fck nekik!<\/p>\n\n\n\n<p>Ennek keret\u00e9ben M\u00fcller Istv\u00e1nn\u00e9, Ildi tolm\u00e1csol\u00e1s\u00e1ban meghallgattuk Rem\u00e9nyik S\u00e1ndor: Istenarc c. m\u0171v\u00e9t. Ez volt a besz\u00e9d v\u00e1za is. Mindny\u00e1jan Isten k\u00e9pm\u00e1s\u00e1t hordozzuk, de erre az arcra r\u00e9tegek rak\u00f3dtak. Ahhoz, hogy le tudjuk fejteni a magunk arc\u00e1r\u00f3l a r\u00e9tegeket, sz\u00fcks\u00e9g\u00fcnk van t\u00e1rsaink seg\u00edts\u00e9g\u00e9re. Erre h\u00edvott minket is Vincze Tibor. Tegy\u00fcnk meg mi is mindent a szeretteink, bar\u00e1taink Istenarc\u00e1nak megtiszt\u00edt\u00e1s\u00e1\u00e9rt, \u00fajj\u00e1sz\u00fclet\u00e9s\u00e9\u00e9rt, vagy ahogy a versben hallhattuk, az Isten arc renesz\u00e1nsz\u00e1\u00e9rt.<\/p>\n\n\n\n<p>&nbsp;H\u00e1l\u00e1s vagyok Vincze Tibor lelkesed\u00e9s\u00e9\u00e9rt, sz\u00e9p org\u00e1num\u00e1\u00e9rt, k\u00f6zvetlen st\u00edlus\u00e1\u00e9rt. K\u00f6sz\u00f6n\u00f6m, hogy elfogadta felk\u00e9r\u00e9s\u00fcnket, pedig m\u00e9g \u0151 k\u00f6sz\u00f6nte meg, hogy a helyi karit\u00e1sz megh\u00edvta.<\/p>\n\n\n\n<p>A lelkigyakorlatos besz\u00e9det szents\u00e9gim\u00e1d\u00e1s k\u00f6vette a kitett Olt\u00e1riszents\u00e9g el\u0151tt. Sz\u00e1momra ez volt a nap cs\u00facspontja! J\u00f3 volna gyakrabban im\u00e1dkozni a monstrancia el\u0151tt! Hatalmas kegyelmek \u00e1radnak ilyenkor!<\/p>\n\n\n\n<p>&nbsp;Engem nagyon meghatott, hogy milyen sokan \u00e9ltek a gy\u00f3n\u00e1s lehet\u0151s\u00e9g\u00e9vel! A szomsz\u00e9d v\u00e1rosokb\u00f3l, Marcalib\u00f3l \u00e9s Keszthelyr\u0151l is seg\u00edtettek minket a gy\u00f3ntat\u00f3 aty\u00e1k.<\/p>\n\n\n\n<p>A szentmis\u00e9n a templom k\u00f3rusa szolg\u00e1lt. Sz\u00e9p sz\u00e1mmal \u00f6sszegy\u0171ltek a h\u00edvek. Mindig \u00f6r\u00f6m a templomunkban a csod\u00e1latos liturgi\u00e1kon r\u00e9szt venni!<\/p>\n\n\n\n<p>Szentmise ut\u00e1n a Szent Istv\u00e1n h\u00e1zban gy\u0171lt\u00fcnk \u00f6ssze. J\u00f3\u00edz\u0171 besz\u00e9lget\u00e9sek mellett sok-sok finoms\u00e1got s k\u00f3stolhattunk.<\/p>\n\n\n\n<p>H\u00e1la J\u00e9zusnak, hogy ezen a napon is vel\u00fcnk volt!<\/p>\n\n\n\n<p>Karit\u00e1sz csoport<\/p>\n","protected":false},"excerpt":{"rendered":"<p>K\u00fcls\u0151-bels\u0151 meg\u00fajul\u00e1s Az a gondolatp\u00e1rhuzam jutott eszembe, hogy a templomunk k\u00fcls\u0151 fel\u00faj\u00edt\u00e1sa zajlik, a lelkinapunk meg egy \u00fajabb alkalom, hogy a bens\u0151nk meg\u00fajuljon.<\/p>\n","protected":false},"author":1,"featured_media":0,"comment_status":"closed","ping_status":"open","sticky":false,"template":"","format":"standard","meta":{"footnotes":""},"categories":[1],"tags":[],"class_list":["post-1839","post","type-post","status-publish","format-standard","hentry","category-egyeb"],"_links":{"self":[{"href":"https:\/\/balatonkeresztur.plebania.hu\/index.php\/wp-json\/wp\/v2\/posts\/1839","targetHints":{"allow":["GET"]}}],"collection":[{"href":"https:\/\/balatonkeresztur.plebania.hu\/index.php\/wp-json\/wp\/v2\/posts"}],"about":[{"href":"https:\/\/balatonkeresztur.plebania.hu\/index.php\/wp-json\/wp\/v2\/types\/post"}],"author":[{"embeddable":true,"href":"https:\/\/balatonkeresztur.plebania.hu\/index.php\/wp-json\/wp\/v2\/users\/1"}],"replies":[{"embeddable":true,"href":"https:\/\/balatonkeresztur.plebania.hu\/index.php\/wp-json\/wp\/v2\/comments?post=1839"}],"version-history":[{"count":1,"href":"https:\/\/balatonkeresztur.plebania.hu\/index.php\/wp-json\/wp\/v2\/posts\/1839\/revisions"}],"predecessor-version":[{"id":1840,"href":"https:\/\/balatonkeresztur.plebania.hu\/index.php\/wp-json\/wp\/v2\/posts\/1839\/revisions\/1840"}],"wp:attachment":[{"href":"https:\/\/balatonkeresztur.plebania.hu\/index.php\/wp-json\/wp\/v2\/media?parent=1839"}],"wp:term":[{"taxonomy":"category","embeddable":true,"href":"https:\/\/balatonkeresztur.plebania.hu\/index.php\/wp-json\/wp\/v2\/categories?post=1839"},{"taxonomy":"post_tag","embeddable":true,"href":"https:\/\/balatonkeresztur.plebania.hu\/index.php\/wp-json\/wp\/v2\/tags?post=1839"}],"curies":[{"name":"wp","href":"https:\/\/api.w.org\/{rel}","templated":true}]}}