{"id":1830,"date":"2025-10-05T05:00:12","date_gmt":"2025-10-05T05:00:12","guid":{"rendered":"https:\/\/balatonkeresztur.plebania.hu\/?p=1830"},"modified":"2025-10-05T05:05:08","modified_gmt":"2025-10-05T05:05:08","slug":"atadtak-a-caritas-hungarica-dijakat","status":"publish","type":"post","link":"https:\/\/balatonkeresztur.plebania.hu\/index.php\/2025\/10\/05\/atadtak-a-caritas-hungarica-dijakat\/","title":{"rendered":"\u00c1tadt\u00e1k a Caritas Hungarica d\u00edjakat"},"content":{"rendered":"\n<figure class=\"wp-block-image size-full is-resized\"><img loading=\"lazy\" decoding=\"async\" width=\"850\" height=\"566\" src=\"https:\/\/balatonkeresztur.plebania.hu\/wp-content\/uploads\/2025\/10\/img1.jpg\" alt=\"\" class=\"wp-image-1831\" style=\"width:583px;height:auto\" srcset=\"https:\/\/balatonkeresztur.plebania.hu\/wp-content\/uploads\/2025\/10\/img1.jpg 850w, https:\/\/balatonkeresztur.plebania.hu\/wp-content\/uploads\/2025\/10\/img1-768x511.jpg 768w, https:\/\/balatonkeresztur.plebania.hu\/wp-content\/uploads\/2025\/10\/img1-451x300.jpg 451w\" sizes=\"auto, (max-width: 850px) 100vw, 850px\" \/><\/figure>\n\n\n\n<p>Okt\u00f3ber 4-\u00e9n Budapesten, a Magyar Szentek templom\u00e1ban \u00fcnnepi h\u00e1laad\u00f3 szentmis\u00e9vel kezd\u0151d\u00f6tt a XIV. Caritas Hungarica d\u00edj \u00e1tad\u00f3\u00fcnneps\u00e9ge. A Katolikus Karit\u00e1sz elismer\u00e9s\u00e9ben orsz\u00e1gszerte azok r\u00e9szes\u00fcltek \u2013 id\u00e9n 34 \u00f6nk\u00e9ntes \u2013, akik hossz\u00fa \u00e9veken \u00e1t kiemelked\u0151 h\u0171s\u00e9ggel \u00e9s szeretettel v\u00e9gezt\u00e9k karitat\u00edv szolg\u00e1latukat a r\u00e1szorul\u00f3k\u00e9rt.<\/p>\n\n\n\n<!--more-->\n\n\n\n<p>A Katolikus Karit\u00e1sz \u00e1ltal 2012-ben alap\u00edtott Caritas Hungarica d\u00edjat azok az \u00f6nk\u00e9ntesek kapj\u00e1k, akik hossz\u00fa id\u0151n \u00e1t kiemelked\u0151 szorgalommal szolg\u00e1lt\u00e1k a r\u00e1szorul\u00f3kat. \u00c1ldozatos munk\u00e1juk a mag\u00e1nyosak, betegek, fogyat\u00e9koss\u00e1ggal \u00e9l\u0151k \u00e9s a t\u00e1rsadalom perem\u00e9re sodr\u00f3dott emberek \u00e9s csal\u00e1dok mindennapjaiban hoz enyh\u00fcl\u00e9st \u00e9s rem\u00e9nyt.<\/p>\n\n\n\n<p>A Katolikus Karit\u00e1sz kiemelt feladat\u00e1nak tekinti, hogy elismerje \u00e9s \u00e9rt\u00e9kelje \u00f6nk\u00e9ntesei sokr\u00e9t\u0171, p\u00e9lda\u00e9rt\u00e9k\u0171 szolg\u00e1lat\u00e1t, amelyet k\u00fcl\u00f6nb\u00f6z\u0151 szoci\u00e1lis ter\u00fcleten, orsz\u00e1gszerte v\u00e9geznek.<\/p>\n\n\n\n<blockquote class=\"wp-block-quote is-layout-flow wp-block-quote-is-layout-flow\">\n<p>A d\u00edj c\u00e9lja nemcsak a szem\u00e9lyes \u00e1ldozatv\u00e1llal\u00e1s megbecs\u00fcl\u00e9se, hanem az \u00f6nk\u00e9ntess\u00e9g t\u00e1rsadalmi megbecs\u00fclts\u00e9g\u00e9nek er\u0151s\u00edt\u00e9se, valamint a j\u00f3t\u00e9konys\u00e1g \u00e9s karitat\u00edv tev\u00e9kenys\u00e9gek ir\u00e1nti elk\u00f6telez\u0151d\u00e9s \u00f6szt\u00f6nz\u00e9se is.<\/p>\n<\/blockquote>\n\n\n\n<p>A d\u00edj\u00e1tad\u00f3 \u00fcnneps\u00e9get h\u00e1laad\u00f3 szentmise vezette be, amelyet Fekete Szabolcs Benedek, a Karit\u00e1sz p\u00fcsp\u00f6k eln\u00f6ke celebr\u00e1lt paptestv\u00e9rei k\u00f6r\u00e9ben. Hom\u00edli\u00e1j\u00e1ban Assisi Szent Ferenc rendk\u00edv\u00fcli \u00e9letp\u00e9ld\u00e1j\u00e1ra \u00e9s szolg\u00e1lat\u00e1ra h\u00edvta fel a figyelmet k\u00e9t pill\u00e9rt emelve ki: a kiengesztel\u0151d\u00e9sb\u0151l fakad\u00f3 b\u00e9keszolg\u00e1latot \u00e9s a szem\u00e9lyess\u00e9g kult\u00far\u00e1j\u00e1t.<\/p>\n\n\n\n<figure class=\"wp-block-image\"><a href=\"javascript:void(0);\"><img decoding=\"async\" src=\"https:\/\/www.magyarkurir.hu\/img1.php?id=150769&amp;v=&amp;p=1&amp;img=c_vtf_4059_fekete-szabolcs-benedek-predikacioja_ll.jpg\" alt=\"\"\/><\/a><\/figure>\n\n\n\n<p>Szabolcs p\u00fcsp\u00f6k felid\u00e9zte Szent Ferenc b\u00e1tor, p\u00e1rbesz\u00e9dre \u00e9p\u00fcl\u0151 tett\u00e9t a keresztes h\u00e1bor\u00fak idej\u00e9n: nem a fegyverek erej\u00e9ben b\u00edzott, hanem a tiszteletteljes kommunik\u00e1ci\u00f3ban, amely k\u00e9pes \u00e1thidalni a szakad\u00e9kokat. A mai kor kih\u00edv\u00e1sai k\u00f6z\u00f6tt<\/p>\n\n\n\n<blockquote class=\"wp-block-quote is-layout-flow wp-block-quote-is-layout-flow\">\n<p>az egys\u00e9get rombol\u00f3 visz\u00e1lyokat, pletyk\u00e1t \u00e9s r\u00e1galmat nevezte meg, s arra buzd\u00edtott, hogy a pl\u00e9b\u00e1ni\u00e1kon, csoportokban, csal\u00e1dokban legy\u00fcnk a b\u00e9ke eszk\u00f6zei.<\/p>\n<\/blockquote>\n\n\n\n<p>Kiemelt \u00fczenetk\u00e9nt hangzott el a szem\u00e9lyess\u00e9g fontoss\u00e1ga: a szeg\u00e9nyekhez, betegekhez \u00e9s kitasz\u00edtottakhoz val\u00f3 fizikai \u00e9s lelki k\u00f6zels\u00e9g. A szentbesz\u00e9d a \u201eszem\u00e9lytelens\u00e9g m\u00e1r-m\u00e1r diktat\u00far\u00e1j\u00e1val\u201d szemben a szem\u00e9lyes jelenl\u00e9tet \u00e9s a konkr\u00e9t, embers\u00e9ges gesztusokat s\u00fcrgette.<\/p>\n\n\n\n<blockquote class=\"wp-block-quote is-layout-flow wp-block-quote-is-layout-flow\">\n<p>A szolg\u00e1lat h\u00e1rom gyakorlati alapelvek\u00e9nt a figyelmess\u00e9g, a tisztelet \u00e9s a szeretet jelent meg.<\/p>\n<\/blockquote>\n\n\n\n<p>A p\u00fcsp\u00f6k eln\u00f6k im\u00e1ds\u00e1ggal \u00e9s \u00e1ld\u00e1ssal fordult a Karit\u00e1sz \u00f6nk\u00e9ntesei fel\u00e9, k\u00e9rve, hogy Assisi Szent Ferenc lelkis\u00e9g\u00e9vel gyarap\u00edts\u00e1k magukban a b\u00e9ke \u00e9s a szem\u00e9lyes jelenl\u00e9t lelk\u00fclet\u00e9t a mindennapi szolg\u00e1latban.<\/p>\n\n\n\n<figure class=\"wp-block-image\"><a href=\"javascript:void(0);\"><img decoding=\"async\" src=\"https:\/\/www.magyarkurir.hu\/img1.php?id=150769&amp;v=&amp;p=1&amp;img=c_vtf_4221_klaus-hohn_ll.jpg\" alt=\"\"\/><\/a><\/figure>\n\n\n\n<p>Az \u00fcnnep\u00e9lyes d\u00edj\u00e1tad\u00f3 \u00fcnneps\u00e9gen, melyen Klaus H\u00f6hn, a seg\u00e9lyszervezet n\u00e9metorsz\u00e1gi nagyk\u00f6vete is jelen volt, id\u00e9n harmincn\u00e9gy d\u00edjazott vehetett \u00e1t Caritas Hungarica d\u00edjat. \u0150ket Zagyva Rich\u00e1rd, a Karit\u00e1sz orsz\u00e1gos igazgat\u00f3ja k\u00f6sz\u00f6nt\u00f6tte, a szolg\u00e1l\u00f3 szeretet \u00e9rt\u00e9k\u00e9t hangs\u00falyozva. Mint mondta: \u201eCsod\u00e1latos aj\u00e1nd\u00e9k, kegyelem az, ha felismert\u00fck, hogy az irgalmas szeretet k\u00e9zzel foghat\u00f3, \u00e9letszag\u00fa gyakorl\u00e1sa a k\u00fcldet\u00e9s\u00fcnk, a feladatunk. J\u00e9zus Krisztus mutatta meg nek\u00fcnk, hogy az igazi er\u0151 nem a hatalomban \u00e9s a vagyonban rejlik, hanem az egy\u00fctt\u00e9rz\u00e9sben, a m\u00e1sik ember mellett val\u00f3 ki\u00e1ll\u00e1sban.\u201d<\/p>\n\n\n\n<blockquote class=\"wp-block-quote is-layout-flow wp-block-quote-is-layout-flow\">\n<p>R\u00e1mutatott arra is, hogy m\u00e1sok szolg\u00e1lat\u00e1nak gy\u00fcm\u00f6lcsei nem statisztik\u00e1kban m\u00e9rhet\u0151k, hanem egy-egy mosolyban, gesztusban mutatkoznak meg.<\/p>\n<\/blockquote>\n\n\n\n<p>Hangs\u00falyozta, hogy a d\u00edjazottak \u00e9let\u00fck r\u00e9sz\u00e9v\u00e9 tett\u00e9k a seg\u00edt\u00e9st, \u00e9s \u00e1llhatatosan jelen vannak a legnehezebb helyzetekben is. \u0150k a csendes \u00e9p\u00edt\u0151i egy emberibb, testv\u00e9ribb vil\u00e1gnak. A Karit\u00e1sz nev\u00e9ben az igazgat\u00f3 k\u00f6sz\u00f6netet mondott minden \u00f6nk\u00e9ntes \u00e1ldozatos szolg\u00e1lat\u00e1\u00e9rt.<\/p>\n\n\n\n<figure class=\"wp-block-image\"><a href=\"javascript:void(0);\"><img decoding=\"async\" src=\"https:\/\/www.magyarkurir.hu\/img1.php?id=150769&amp;v=&amp;p=1&amp;img=c_vtf_4630_oklevel_ll.jpg\" alt=\"\"\/><\/a><\/figure>\n\n\n\n<blockquote class=\"wp-block-quote is-layout-flow wp-block-quote-is-layout-flow\">\n<p>A kit\u00fcntet\u00e9sben r\u00e9szes\u00fcl\u0151k elismer\u0151 oklevelet, egy k\u00fcl\u00f6nleges Karit\u00e1sz-jelv\u00e9nyt \u00e9s a d\u00edjazottakat m\u00e9ltat\u00f3 kiadv\u00e1nyt vehettek \u00e1t Fekete Szabolcs Benedek p\u00fcsp\u00f6k eln\u00f6kt\u0151l, Zagyva Rich\u00e1rd orsz\u00e1gos igazgat\u00f3t\u00f3l, \u00e9s egyh\u00e1zmegyei igazgat\u00f3jukt\u00f3l.<\/p>\n<\/blockquote>\n\n\n\n<p>Az \u00f6nk\u00e9ntesek nev\u00e9ben Zeml\u00e9nyi Katica, a sz\u00e9kesfeh\u00e9rv\u00e1ri Alm\u00e1ssy-telepi Krisztus Kir\u00e1ly Karit\u00e1sz Csoport vezet\u0151je mondott besz\u00e9det, megk\u00f6sz\u00f6nve a vezet\u0151s\u00e9g megbecs\u00fcl\u00e9s\u00e9t \u00e9s bizalm\u00e1t az \u00f6nk\u00e9ntes szolg\u00e1lat ir\u00e1nt. Elmondta, hogy az elismer\u00e9s a m\u00f6g\u00f6tt\u00fck \u00e1ll\u00f3 karit\u00e1szcsoportok\u00e9 is, akik f\u00e1radhatatlanul felkeresik a r\u00e1szorul\u00f3kat, az egyed\u00fcl\u00e1ll\u00f3kat \u00e9s a nagycsal\u00e1dokat, s nem csup\u00e1n csomagokat visznek, hanem odafordul\u00f3 sz\u00f3t, fizikai \u00e9s lelki t\u00e1maszt, mert a szenved\u0151kben J\u00e9zust l\u00e1tj\u00e1k.<\/p>\n\n\n\n<figure class=\"wp-block-image\"><a href=\"javascript:void(0);\"><img decoding=\"async\" src=\"https:\/\/www.magyarkurir.hu\/img1.php?id=150769&amp;v=&amp;p=1&amp;img=c_vtf_4531_dijatado-4_ll.jpg\" alt=\"\"\/><\/a><\/figure>\n\n\n\n<blockquote class=\"wp-block-quote is-layout-flow wp-block-quote-is-layout-flow\">\n<p>Hangs\u00falyozta, hogy a d\u00edj a csal\u00e1dok t\u00fcrelm\u00e9t \u00e9s t\u00e1mogat\u00e1s\u00e1t is elismeri, akik gyakran n\u00e9lk\u00fcl\u00f6zni k\u00e9nytelenek szeretteiket a szolg\u00e1lat idej\u00e9n.<\/p>\n<\/blockquote>\n\n\n\n<p>V\u00e9g\u00fcl arra buzd\u00edtott: \u201eKedves d\u00edjazottak, mondj\u00e1tok el sokaknak, hogy milyen \u00f6r\u00f6m\u00f6t\u00f6k van ebben a szolg\u00e1latban. H\u00edvj\u00e1tok a fiatalokat is, hogy seg\u00edtsenek nek\u00fcnk, hogy amit mi elkezdt\u00fcnk, azt folytass\u00e1k \u0151k, \u00e9s hogy \u0151k is megtapasztalhass\u00e1k ezt a csod\u00e1latos munk\u00e1t, a Karit\u00e1sz-munk\u00e1t.\u201d<\/p>\n\n\n\n<p>Jelenleg a Katolikus Karit\u00e1sz orsz\u00e1gos h\u00e1l\u00f3zat\u00e1ban 16 egyh\u00e1zmegyei k\u00f6zpontban, t\u00f6bb mint 800 csoportban k\u00f6zel t\u00edzezer alkalmi vagy \u00e1lland\u00f3 \u00f6nk\u00e9ntes v\u00e9gez szolg\u00e1latot a r\u00e1szorul\u00f3k\u00e9rt.<\/p>\n\n\n\n<figure class=\"wp-block-image\"><a href=\"javascript:void(0);\"><img decoding=\"async\" src=\"https:\/\/www.magyarkurir.hu\/img1.php?id=150769&amp;v=&amp;p=1&amp;img=c_vtf_4671_minden-dijazott-csoportkep_ll.jpg\" alt=\"\"\/><\/a><\/figure>\n\n\n\n<p><strong>A kit\u00fcntettek n\u00e9vsora az al\u00e1bbiakban olvashat\u00f3:<\/strong><\/p>\n\n\n\n<p>DEBRECEN-NY\u00cdREGYH\u00c1ZI EGYH\u00c1ZMEGYE<br>Nagyn\u00e9 Varga Zsuzsanna<br>Tam\u00e1s Ferencn\u00e9<\/p>\n\n\n\n<p>EGRI F\u0150EGYH\u00c1ZMEGYE<br>Batta M\u00e1ria<br>G\u00e9czy Andrea<br>T\u00f3th Annam\u00e1ria<\/p>\n\n\n\n<p>ESZTERGOM\u2013BUDAPESTI F\u0150EGYH\u00c1ZMEGYE<br>Csepi J\u00f3zsefn\u00e9<br>Pataki Erzs\u00e9bet<\/p>\n\n\n\n<p>GY\u0150RI EGYH\u00c1ZMEGYE<br>Fejes S\u00e1ndorn\u00e9<br>Mandl J\u00f3zsefn\u00e9<\/p>\n\n\n\n<p>KALOCSA\u2013KECSKEM\u00c9TI F\u0150EGYH\u00c1ZMEGYE<br>Marton Ferencn\u00e9<br>P\u00e1ncsics Istv\u00e1nn\u00e9<br>Nov\u00e1kn\u00e9 Lovas Erzs\u00e9bet<\/p>\n\n\n\n<figure class=\"wp-block-image size-full is-resized\"><a href=\"http:\/\/balatonkeresztur.plebania.hu\/wp-content\/uploads\/2025\/10\/kardij.jpg\" target=\"_blank\" rel=\" noreferrer noopener\"><img loading=\"lazy\" decoding=\"async\" width=\"1920\" height=\"1440\" src=\"https:\/\/balatonkeresztur.plebania.hu\/wp-content\/uploads\/2025\/10\/kardij.jpg\" alt=\"\" class=\"wp-image-1832\" style=\"width:598px;height:auto\" srcset=\"https:\/\/balatonkeresztur.plebania.hu\/wp-content\/uploads\/2025\/10\/kardij.jpg 1920w, https:\/\/balatonkeresztur.plebania.hu\/wp-content\/uploads\/2025\/10\/kardij-768x576.jpg 768w, https:\/\/balatonkeresztur.plebania.hu\/wp-content\/uploads\/2025\/10\/kardij-1536x1152.jpg 1536w, https:\/\/balatonkeresztur.plebania.hu\/wp-content\/uploads\/2025\/10\/kardij-400x300.jpg 400w\" sizes=\"auto, (max-width: 1920px) 100vw, 1920px\" \/><\/a><\/figure>\n\n\n\n<p>KAPOSV\u00c1RI EGYH\u00c1ZMEGYE<br>Domj\u00e1n K\u00e1lm\u00e1nn\u00e9<br>Dr. Vajda P\u00e9ter<\/p>\n\n\n\n<figure class=\"wp-block-image size-full is-resized\"><a href=\"http:\/\/balatonkeresztur.plebania.hu\/wp-content\/uploads\/2025\/10\/kardijv.jpg\" target=\"_blank\" rel=\" noreferrer noopener\"><img loading=\"lazy\" decoding=\"async\" width=\"1440\" height=\"1920\" src=\"https:\/\/balatonkeresztur.plebania.hu\/wp-content\/uploads\/2025\/10\/kardijv.jpg\" alt=\"\" class=\"wp-image-1835\" style=\"width:255px;height:auto\" srcset=\"https:\/\/balatonkeresztur.plebania.hu\/wp-content\/uploads\/2025\/10\/kardijv.jpg 1440w, https:\/\/balatonkeresztur.plebania.hu\/wp-content\/uploads\/2025\/10\/kardijv-768x1024.jpg 768w, https:\/\/balatonkeresztur.plebania.hu\/wp-content\/uploads\/2025\/10\/kardijv-1152x1536.jpg 1152w, https:\/\/balatonkeresztur.plebania.hu\/wp-content\/uploads\/2025\/10\/kardijv-225x300.jpg 225w\" sizes=\"auto, (max-width: 1440px) 100vw, 1440px\" \/><\/a><\/figure>\n\n\n\n<p>NY\u00cdREGYH\u00c1ZI EGYH\u00c1ZMEGYE<br>\u00c1ncs\u00e1k S\u00e1ndorn\u00e9<br>Dr. V\u00e9ghse\u0151n\u00e9 Papp Zsuzsanna<br>P\u00c9CSI EGYH\u00c1ZMEGYE<br>Kov\u00e1cs J\u00e1nosn\u00e9<br>Osztafin Mikl\u00f3s<br>Veszelk\u00e1n\u00e9 Maul M\u00e1rta M\u00e1ria<\/p>\n\n\n\n<p>SZEGED\u2013CSAN\u00c1DI EGYH\u00c1ZMEGYE<br>B\u00e9rdi J\u00f3zsefn\u00e9<br>Horv\u00e1th\u2011Varga S\u00e1ndorn\u00e9<br>Nagy Istv\u00e1nn\u00e9<\/p>\n\n\n\n<p>SZ\u00c9KESFEH\u00c9RV\u00c1RI EGYH\u00c1ZMEGYE<br>Balt\u00e1si Kl\u00e1ra M\u00e1ria<br>Mogyor\u00f3s Attil\u00e1n\u00e9<br>Zeml\u00e9nyi Katica<\/p>\n\n\n\n<p>SZOMBATHELYI EGYH\u00c1ZMEGYE<br>L\u00e1szl\u00f3 Judit<br>Dr. S\u00e1rk\u00f6zi Violetta<br>Tolvaj Dezs\u0151<\/p>\n\n\n\n<p>V\u00c1CI EGYH\u00c1ZMEGYE<br>Huty\u00e1nszki P\u00e1ln\u00e9<br>Szalai J\u00e1nosn\u00e9<br>Szegeczky Tibor P\u00e1ln\u00e9<\/p>\n\n\n\n<p>VESZPR\u00c9MI F\u0150EGYH\u00c1ZMEGYE<br>Kiss Ferencn\u00e9<br>\u00d6zv. Kov\u00e1cs M\u00e1ria<br>Varga Istv\u00e1n<\/p>\n\n\n\n<p>forr\u00e1s: <a href=\"https:\/\/www.magyarkurir.hu\/hirek\/szeretettel-kozony-diktaturaja-ellen-atadtak-caritas-hungarica-dijakat\" target=\"_blank\" rel=\"noreferrer noopener\">Magyar Kur\u00edr<\/a><\/p>\n","protected":false},"excerpt":{"rendered":"<p>Okt\u00f3ber 4-\u00e9n Budapesten, a Magyar Szentek templom\u00e1ban \u00fcnnepi h\u00e1laad\u00f3 szentmis\u00e9vel kezd\u0151d\u00f6tt a XIV. Caritas Hungarica d\u00edj \u00e1tad\u00f3\u00fcnneps\u00e9ge. A Katolikus Karit\u00e1sz elismer\u00e9s\u00e9ben orsz\u00e1gszerte azok r\u00e9szes\u00fcltek \u2013 id\u00e9n 34 \u00f6nk\u00e9ntes \u2013, akik hossz\u00fa \u00e9veken \u00e1t kiemelked\u0151 h\u0171s\u00e9ggel \u00e9s szeretettel v\u00e9gezt\u00e9k karitat\u00edv szolg\u00e1latukat &hellip; <a href=\"https:\/\/balatonkeresztur.plebania.hu\/index.php\/2025\/10\/05\/atadtak-a-caritas-hungarica-dijakat\/\">Egy kattint\u00e1s ide a folytat\u00e1shoz&#8230;. <span class=\"meta-nav\">&rarr;<\/span><\/a><\/p>\n","protected":false},"author":1,"featured_media":0,"comment_status":"closed","ping_status":"open","sticky":false,"template":"","format":"standard","meta":{"footnotes":""},"categories":[1],"tags":[],"class_list":["post-1830","post","type-post","status-publish","format-standard","hentry","category-egyeb"],"_links":{"self":[{"href":"https:\/\/balatonkeresztur.plebania.hu\/index.php\/wp-json\/wp\/v2\/posts\/1830","targetHints":{"allow":["GET"]}}],"collection":[{"href":"https:\/\/balatonkeresztur.plebania.hu\/index.php\/wp-json\/wp\/v2\/posts"}],"about":[{"href":"https:\/\/balatonkeresztur.plebania.hu\/index.php\/wp-json\/wp\/v2\/types\/post"}],"author":[{"embeddable":true,"href":"https:\/\/balatonkeresztur.plebania.hu\/index.php\/wp-json\/wp\/v2\/users\/1"}],"replies":[{"embeddable":true,"href":"https:\/\/balatonkeresztur.plebania.hu\/index.php\/wp-json\/wp\/v2\/comments?post=1830"}],"version-history":[{"count":4,"href":"https:\/\/balatonkeresztur.plebania.hu\/index.php\/wp-json\/wp\/v2\/posts\/1830\/revisions"}],"predecessor-version":[{"id":1837,"href":"https:\/\/balatonkeresztur.plebania.hu\/index.php\/wp-json\/wp\/v2\/posts\/1830\/revisions\/1837"}],"wp:attachment":[{"href":"https:\/\/balatonkeresztur.plebania.hu\/index.php\/wp-json\/wp\/v2\/media?parent=1830"}],"wp:term":[{"taxonomy":"category","embeddable":true,"href":"https:\/\/balatonkeresztur.plebania.hu\/index.php\/wp-json\/wp\/v2\/categories?post=1830"},{"taxonomy":"post_tag","embeddable":true,"href":"https:\/\/balatonkeresztur.plebania.hu\/index.php\/wp-json\/wp\/v2\/tags?post=1830"}],"curies":[{"name":"wp","href":"https:\/\/api.w.org\/{rel}","templated":true}]}}