{"id":1825,"date":"2025-10-03T18:43:39","date_gmt":"2025-10-03T18:43:39","guid":{"rendered":"https:\/\/balatonkeresztur.plebania.hu\/?p=1825"},"modified":"2025-10-03T18:43:39","modified_gmt":"2025-10-03T18:43:39","slug":"oszi-zarandoklat","status":"publish","type":"post","link":"https:\/\/balatonkeresztur.plebania.hu\/index.php\/2025\/10\/03\/oszi-zarandoklat\/","title":{"rendered":"\u0150szi zar\u00e1ndoklat"},"content":{"rendered":"\n<figure class=\"wp-block-image size-full is-resized\"><img loading=\"lazy\" decoding=\"async\" width=\"151\" height=\"145\" src=\"https:\/\/balatonkeresztur.plebania.hu\/wp-content\/uploads\/2025\/10\/kep.png\" alt=\"\" class=\"wp-image-1826\" style=\"width:147px;height:auto\"\/><\/figure>\n\n\n\n<p class=\"has-text-align-center\">A Balatonkereszt\u00fari egyh\u00e1zk\u00f6zs\u00e9g<strong><em> zar\u00e1ndokutat<\/em><\/strong> szervez <strong><em>Bodajk kegyhelyre \u00e9s Sz\u00e9kesfeh\u00e9rv\u00e1rra<\/em><\/strong>.<\/p>\n\n\n\n<!--more-->\n\n\n\n<p><strong><em>Id\u0151pont:<\/em><\/strong> 2025. november 6. cs\u00fct\u00f6rt\u00f6k.<\/p>\n\n\n\n<p>Utaz\u00e1s aut\u00f3busszal.<\/p>\n\n\n\n<p><strong><em>Gy\u00fclekez\u0151:<\/em><\/strong> 6.00, indul\u00e1s: 6.05 a balatonkereszt\u00fari pl\u00e9b\u00e1niatemplom parkol\u00f3j\u00e1b\u00f3l.<\/p>\n\n\n\n<p><strong><em>Program:<\/em><\/strong><\/p>\n\n\n\n<ul class=\"wp-block-list\">\n<li>&nbsp;Bodajk: 9.00 Kegyhelyen k\u00f6rbevezet\u00e9s, bemutat\u00e1s \u2013 Kegyhelyt\u00f6rt\u00e9neti ki\u00e1ll\u00edt\u00e1s megtekint\u00e9se<\/li>\n\n\n\n<li>11.00 Zar\u00e1ndokmise a bazilik\u00e1ban (kegytemplomban)<\/li>\n<\/ul>\n\n\n\n<p>A szentmis\u00e9t Kiss Zsolt balatonkereszt\u00fari pl\u00e9b\u00e1nos celebr\u00e1lja, mise alatt lehet\u0151s\u00e9g van a helyi aty\u00e1k k\u00f6zrem\u0171k\u00f6d\u00e9s\u00e9vel szentgy\u00f3n\u00e1s elv\u00e9gz\u00e9s\u00e9re.<\/p>\n\n\n\n<ul class=\"wp-block-list\">\n<li>Eb\u00e9d<\/li>\n\n\n\n<li>Bodajki k\u00e1lv\u00e1ria v\u00e9gig j\u00e1r\u00e1sa<\/li>\n\n\n\n<li>Sz\u00e9kesfeh\u00e9rv\u00e1r -Proh\u00e1szka Ottok\u00e1r J\u00f3 P\u00e1sztor eml\u00e9ktemplom megtekint\u00e9se<\/li>\n\n\n\n<li>fakultat\u00edv program amennyiben id\u0151nk engedi: a Bory v\u00e1r megtekint\u00e9se egy\u00e9nileg (a bel\u00e9p\u0151 \u00e1r\u00e1t az \u00f6sszk\u00f6lts\u00e9g nem tartalmazza<\/li>\n\n\n\n<li>hazautaz\u00e1s, \u00e9rkez\u00e9s esti \u00f3r\u00e1kban<\/li>\n<\/ul>\n\n\n\n<p><strong><em>R\u00e9szv\u00e9teli d\u00edj:<\/em><\/strong> 14.000.- Ft\/f\u0151 (\u00fatik\u00f6lts\u00e9g, eb\u00e9d, bel\u00e9p\u0151)<\/p>\n\n\n\n<p><strong><em>Jelentkez\u00e9si \u00e9s fizet\u00e9si hat\u00e1rid\u0151:<\/em><\/strong> 2025. 10. 22. A befizetett \u00fatik\u00f6lts\u00e9get az utaz\u00e1s elmulaszt\u00e1sa eset\u00e9n nem \u00e1ll m\u00f3dunkban visszat\u00e9r\u00edteni!<\/p>\n\n\n\n<p><strong><em>Jelentkezni lehet:<\/em><\/strong> Domj\u00e1n K\u00e1lm\u00e1nn\u00e9 szervez\u0151n\u00e9l tel.: 30\/425-4549<\/p>\n\n\n\n<p>A rem\u00e9ny szent\u00e9ve alkalm\u00e1b\u00f3l im\u00e1ds\u00e1gos l\u00e9lekkel vegy\u00fcnk r\u00e9szt zar\u00e1ndokutunkon!<\/p>\n\n\n\n<p><a href=\"http:\/\/balatonkeresztur.plebania.hu\/wp-content\/uploads\/2025\/10\/zarandokutra20251106.pdf\" target=\"_blank\" rel=\"noreferrer noopener\">let\u00f6lthet\u0151 plak\u00e1t<\/a><\/p>\n","protected":false},"excerpt":{"rendered":"<p>A Balatonkereszt\u00fari egyh\u00e1zk\u00f6zs\u00e9g zar\u00e1ndokutat szervez Bodajk kegyhelyre \u00e9s Sz\u00e9kesfeh\u00e9rv\u00e1rra.<\/p>\n","protected":false},"author":1,"featured_media":0,"comment_status":"closed","ping_status":"open","sticky":false,"template":"","format":"standard","meta":{"footnotes":""},"categories":[1],"tags":[],"class_list":["post-1825","post","type-post","status-publish","format-standard","hentry","category-egyeb"],"_links":{"self":[{"href":"https:\/\/balatonkeresztur.plebania.hu\/index.php\/wp-json\/wp\/v2\/posts\/1825","targetHints":{"allow":["GET"]}}],"collection":[{"href":"https:\/\/balatonkeresztur.plebania.hu\/index.php\/wp-json\/wp\/v2\/posts"}],"about":[{"href":"https:\/\/balatonkeresztur.plebania.hu\/index.php\/wp-json\/wp\/v2\/types\/post"}],"author":[{"embeddable":true,"href":"https:\/\/balatonkeresztur.plebania.hu\/index.php\/wp-json\/wp\/v2\/users\/1"}],"replies":[{"embeddable":true,"href":"https:\/\/balatonkeresztur.plebania.hu\/index.php\/wp-json\/wp\/v2\/comments?post=1825"}],"version-history":[{"count":2,"href":"https:\/\/balatonkeresztur.plebania.hu\/index.php\/wp-json\/wp\/v2\/posts\/1825\/revisions"}],"predecessor-version":[{"id":1829,"href":"https:\/\/balatonkeresztur.plebania.hu\/index.php\/wp-json\/wp\/v2\/posts\/1825\/revisions\/1829"}],"wp:attachment":[{"href":"https:\/\/balatonkeresztur.plebania.hu\/index.php\/wp-json\/wp\/v2\/media?parent=1825"}],"wp:term":[{"taxonomy":"category","embeddable":true,"href":"https:\/\/balatonkeresztur.plebania.hu\/index.php\/wp-json\/wp\/v2\/categories?post=1825"},{"taxonomy":"post_tag","embeddable":true,"href":"https:\/\/balatonkeresztur.plebania.hu\/index.php\/wp-json\/wp\/v2\/tags?post=1825"}],"curies":[{"name":"wp","href":"https:\/\/api.w.org\/{rel}","templated":true}]}}