{"id":1820,"date":"2025-10-03T18:43:56","date_gmt":"2025-10-03T18:43:56","guid":{"rendered":"https:\/\/balatonkeresztur.plebania.hu\/?p=1820"},"modified":"2025-10-03T18:43:56","modified_gmt":"2025-10-03T18:43:56","slug":"karitasz-lelki-nap-10","status":"publish","type":"post","link":"https:\/\/balatonkeresztur.plebania.hu\/index.php\/2025\/10\/03\/karitasz-lelki-nap-10\/","title":{"rendered":"Karit\u00e1sz lelki nap"},"content":{"rendered":"\n<figure class=\"wp-block-image size-full\"><img loading=\"lazy\" decoding=\"async\" width=\"103\" height=\"160\" src=\"http:\/\/balatonkeresztur.plebania.hu\/wp-content\/uploads\/2025\/05\/kep.png\" alt=\"\" class=\"wp-image-1702\"\/><\/figure>\n\n\n\n<p class=\"has-text-align-center\"><strong><em>Szeretettel h\u00edvunk mindenkit 2025. okt\u00f3ber 24<\/em><\/strong>-\u00e9n p\u00e9nteken (hossz\u00fa h\u00e9tv\u00e9gi p\u00e9ntek) a hagyom\u00e1nyosan &nbsp;megszervez\u00e9sre ker\u00fcl\u0151 \u0151szi lelki napunkra, amelyet Szent Fausztina \u00fcnnepe alkalm\u00e1b\u00f3l <strong><em>Balatonkereszt\u00faron a&nbsp; Szent Kereszt<\/em><\/strong> <strong><em>Felmagasztal\u00e1sa<\/em><\/strong> <strong><em>templomban<\/em><\/strong> <strong><em>tartunk<\/em><\/strong><em>.<\/em><\/p>\n\n\n\n<!--more-->\n\n\n\n<p>A lelkinap programja:<\/p>\n\n\n\n<ul class=\"wp-block-list\">\n<li><strong><em>13.30 K\u00f6sz\u00f6nt\u0151&nbsp; irgalmass\u00e1g ima\u00f3ra, lelkinapos elm\u00e9lked\u00e9s: Szent Fausztina \u00fcnnepe a Sz\u0171z M\u00e1ria h\u00f3napj\u00e1hoz kapcsol\u00f3dva,<\/em><\/strong><\/li>\n\n\n\n<li><strong><em>r\u00f6vid szents\u00e9gim\u00e1d\u00e1s<\/em><\/strong><\/li>\n\n\n\n<li><strong><em>ezt k\u00f6vet\u0151en sz\u00fcnet, k\u00f6zben gy\u00f3n\u00e1si lehet\u0151s\u00e9g a vend\u00e9g aty\u00e1k seg\u00edts\u00e9g\u00e9vel<\/em><\/strong><\/li>\n\n\n\n<li><strong><em>15.00 Szentmise a lelki napos elm\u00e9lked\u00e9s folytat\u00e1s\u00e1val<\/em><\/strong><\/li>\n\n\n\n<li><strong><em>ezt k\u00f6vet\u0151en agap\u00e9, k\u00f6tetlen besz\u00e9lget\u00e9s a Szent Istv\u00e1n h\u00e1zban (Balatonkereszt\u00far, Kossuth u. 2.)<\/em><\/strong><\/li>\n<\/ul>\n\n\n\n<p><strong><em>A lelkinapot Vincze Tibor zalaap\u00e1ti diak\u00f3nus tartja.<\/em><\/strong><\/p>\n\n\n\n<p><a href=\"http:\/\/balatonkeresztur.plebania.hu\/wp-content\/uploads\/2025\/10\/oszilelkinap2025-.pdf\" target=\"_blank\" rel=\"noreferrer noopener\">let\u00f6lthet\u0151 plak\u00e1t<\/a><\/p>\n","protected":false},"excerpt":{"rendered":"<p>Szeretettel h\u00edvunk mindenkit 2025. okt\u00f3ber 24-\u00e9n p\u00e9nteken (hossz\u00fa h\u00e9tv\u00e9gi p\u00e9ntek) a hagyom\u00e1nyosan &nbsp;megszervez\u00e9sre ker\u00fcl\u0151 \u0151szi lelki napunkra, amelyet Szent Fausztina \u00fcnnepe alkalm\u00e1b\u00f3l Balatonkereszt\u00faron a&nbsp; Szent Kereszt Felmagasztal\u00e1sa templomban tartunk.<\/p>\n","protected":false},"author":1,"featured_media":0,"comment_status":"closed","ping_status":"open","sticky":false,"template":"","format":"standard","meta":{"footnotes":""},"categories":[1],"tags":[],"class_list":["post-1820","post","type-post","status-publish","format-standard","hentry","category-egyeb"],"_links":{"self":[{"href":"https:\/\/balatonkeresztur.plebania.hu\/index.php\/wp-json\/wp\/v2\/posts\/1820","targetHints":{"allow":["GET"]}}],"collection":[{"href":"https:\/\/balatonkeresztur.plebania.hu\/index.php\/wp-json\/wp\/v2\/posts"}],"about":[{"href":"https:\/\/balatonkeresztur.plebania.hu\/index.php\/wp-json\/wp\/v2\/types\/post"}],"author":[{"embeddable":true,"href":"https:\/\/balatonkeresztur.plebania.hu\/index.php\/wp-json\/wp\/v2\/users\/1"}],"replies":[{"embeddable":true,"href":"https:\/\/balatonkeresztur.plebania.hu\/index.php\/wp-json\/wp\/v2\/comments?post=1820"}],"version-history":[{"count":3,"href":"https:\/\/balatonkeresztur.plebania.hu\/index.php\/wp-json\/wp\/v2\/posts\/1820\/revisions"}],"predecessor-version":[{"id":1824,"href":"https:\/\/balatonkeresztur.plebania.hu\/index.php\/wp-json\/wp\/v2\/posts\/1820\/revisions\/1824"}],"wp:attachment":[{"href":"https:\/\/balatonkeresztur.plebania.hu\/index.php\/wp-json\/wp\/v2\/media?parent=1820"}],"wp:term":[{"taxonomy":"category","embeddable":true,"href":"https:\/\/balatonkeresztur.plebania.hu\/index.php\/wp-json\/wp\/v2\/categories?post=1820"},{"taxonomy":"post_tag","embeddable":true,"href":"https:\/\/balatonkeresztur.plebania.hu\/index.php\/wp-json\/wp\/v2\/tags?post=1820"}],"curies":[{"name":"wp","href":"https:\/\/api.w.org\/{rel}","templated":true}]}}