{"id":181,"date":"2018-12-10T18:11:00","date_gmt":"2018-12-10T18:11:00","guid":{"rendered":"http:\/\/balatonkeresztur.plebania.hu\/?p=181"},"modified":"2018-12-10T18:11:00","modified_gmt":"2018-12-10T18:11:00","slug":"gyertyagyujtas-advent-2-vasarnapjan","status":"publish","type":"post","link":"https:\/\/balatonkeresztur.plebania.hu\/index.php\/2018\/12\/10\/gyertyagyujtas-advent-2-vasarnapjan\/","title":{"rendered":"Gyertyagy\u00fajt\u00e1s Advent 2. vas\u00e1rnapj\u00e1n"},"content":{"rendered":"<p>Meggy\u00fajtottuk a 2. gyerty\u00e1t is az adventi koszor\u00fan&#8230; <!--more--><\/p>\n<p><a href=\"http:\/\/balatonkeresztur.plebania.hu\/wp-content\/uploads\/2018\/12\/IMG_0233.jpg\" target=\"_blank\" rel=\"noopener\"><img loading=\"lazy\" decoding=\"async\" class=\"alignleft wp-image-182 size-thumbnail\" src=\"http:\/\/balatonkeresztur.plebania.hu\/wp-content\/uploads\/2018\/12\/IMG_0233-150x150.jpg\" alt=\"\" width=\"150\" height=\"150\" \/><\/a>\u00c9bredez a rem\u00e9ny \u00e9s sz\u00edv\u00fcnk \u00e1tj\u00e1rja,<\/p>\n<p>Mert m\u00e1r k\u00f6zelebb van v\u00e1lts\u00e1gunk nagy napja.<\/p>\n<p>N\u00f6vekv\u0151 rem\u00e9ny\u00fcnk k\u00e9t gyertya hirdeti,<\/p>\n<p>Szem\u00fcnk\u00f6n \u00e1t lelk\u00fcnk megt\u00e9r\u00e9sre inti.<\/p>\n","protected":false},"excerpt":{"rendered":"<p>Meggy\u00fajtottuk a 2. gyerty\u00e1t is az adventi koszor\u00fan&#8230;<\/p>\n","protected":false},"author":1,"featured_media":0,"comment_status":"closed","ping_status":"open","sticky":false,"template":"","format":"standard","meta":{"footnotes":""},"categories":[1],"tags":[],"class_list":["post-181","post","type-post","status-publish","format-standard","hentry","category-egyeb"],"_links":{"self":[{"href":"https:\/\/balatonkeresztur.plebania.hu\/index.php\/wp-json\/wp\/v2\/posts\/181","targetHints":{"allow":["GET"]}}],"collection":[{"href":"https:\/\/balatonkeresztur.plebania.hu\/index.php\/wp-json\/wp\/v2\/posts"}],"about":[{"href":"https:\/\/balatonkeresztur.plebania.hu\/index.php\/wp-json\/wp\/v2\/types\/post"}],"author":[{"embeddable":true,"href":"https:\/\/balatonkeresztur.plebania.hu\/index.php\/wp-json\/wp\/v2\/users\/1"}],"replies":[{"embeddable":true,"href":"https:\/\/balatonkeresztur.plebania.hu\/index.php\/wp-json\/wp\/v2\/comments?post=181"}],"version-history":[{"count":1,"href":"https:\/\/balatonkeresztur.plebania.hu\/index.php\/wp-json\/wp\/v2\/posts\/181\/revisions"}],"predecessor-version":[{"id":183,"href":"https:\/\/balatonkeresztur.plebania.hu\/index.php\/wp-json\/wp\/v2\/posts\/181\/revisions\/183"}],"wp:attachment":[{"href":"https:\/\/balatonkeresztur.plebania.hu\/index.php\/wp-json\/wp\/v2\/media?parent=181"}],"wp:term":[{"taxonomy":"category","embeddable":true,"href":"https:\/\/balatonkeresztur.plebania.hu\/index.php\/wp-json\/wp\/v2\/categories?post=181"},{"taxonomy":"post_tag","embeddable":true,"href":"https:\/\/balatonkeresztur.plebania.hu\/index.php\/wp-json\/wp\/v2\/tags?post=181"}],"curies":[{"name":"wp","href":"https:\/\/api.w.org\/{rel}","templated":true}]}}